{"id":807,"date":"2020-10-08T10:10:44","date_gmt":"2020-10-08T10:10:44","guid":{"rendered":"https:\/\/iberopress.es\/index.php\/2020\/10\/08\/repara-tu-deuda-cancela-una-deuda-de-1-082-680-e-en-igualada-la-anoia-con-la-ley-de-segunda-oportunidad\/"},"modified":"2020-10-08T10:10:44","modified_gmt":"2020-10-08T10:10:44","slug":"repara-tu-deuda-cancela-una-deuda-de-1-082-680-e-en-igualada-la-anoia-con-la-ley-de-segunda-oportunidad","status":"publish","type":"post","link":"https:\/\/iberopress.es\/index.php\/2020\/10\/08\/repara-tu-deuda-cancela-una-deuda-de-1-082-680-e-en-igualada-la-anoia-con-la-ley-de-segunda-oportunidad\/","title":{"rendered":"Repara tu Deuda cancela una deuda de 1.082.680 \u20ac en Igualada (La Anoia), con la Ley de Segunda Oportunidad"},"content":{"rendered":"<p>Repara tu Deuda cancela una deuda de 1.082.680 \u20ac en Igualada (La Anoia), con la Ley de Segunda Oportunidad\/COMUNICAE\/ <\/p>\n<p><a href=\"https:\/\/iberopress.es\/wp-content\/uploads\/2020\/10\/1601889697_oc.jpg\" target=\"_blank\" class=\"fotonota\" rel=\"noopener noreferrer\"> <\/a><\/p>\n<p>El cliente del despacho de abogados l\u00edder en la Ley de la Segunda Oportunidad,  es un empresario arruinado del sector de la construcci\u00f3n<\/p>\n<p><\/p>\n<p>&#8220;OC acudi\u00f3 a nosotros en una situaci\u00f3n cr\u00edtica: mont\u00f3 una empresa de maquinaria pesada para la construcci\u00f3n que, ante la crisis de 2008, empez\u00f3 a fallar. En ese momento OC solicit\u00f3 p\u00f3lizas de cr\u00e9dito con garant\u00eda sobre su vivienda, que ten\u00eda hipotecada\u201d. De este modo, introducen el caso de OC, vecino de Igualada, con dos hijos a su cargo, los abogados de <a href=\"http:\/\/www.reparatudeuda.es\/\" rel=\"nofollow\">Repara tu Deuda<\/a>, despacho pionero en Espa\u00f1a en<a href=\"http:\/\/www.reparatudeuda.es\/\" rel=\"nofollow\"> la Ley de Segunda Oportunidad.<\/a><\/p>\n<p>\u201cOC lleg\u00f3 a tener hasta 25 trabajadores a su cargo -explican los abogados- pero las cosas le empezaron a ir mal hasta el punto de que se vio obligado a cerrar la empresa asumiendo una deuda de 1.082.680 euros con distintas entidades privadas y 17.641 euros con Hacienda. Hizo liquidaci\u00f3n de bienes, coches y vivienda, llegando incluso a divorciarse frente a la crisis personal que viv\u00eda\u201d.<\/p>\n<p>Ahora, gracias a <a href=\"http:\/\/www.reparatudeuda.es\/\" rel=\"nofollow\">los abogados de Repara tu Deuda<\/a> y a<a href=\"http:\/\/www.reparatudeuda.es\/\" rel=\"nofollow\"> la Ley de Segunda Oportunidad<\/a>, OC puede empezar una nueva vida sin deudas a sus espaldas. \u201cEn la actualidad OC tiene una nueva pareja, trabaja por cuenta ajena y vive feliz sin deudas\u201d, concluyen<a href=\"http:\/\/www.reparatudeuda.es\/\" rel=\"nofollow\"> los abogados de Repara tu Deuda. <\/a><\/p>\n<p>En cuanto a la deuda con Hacienda,<a href=\"http:\/\/www.reparatudeuda.es\/\" rel=\"nofollow\"> la Ley de Segunda Oportunidad<\/a>, que entr\u00f3 en vigor en Espa\u00f1a en 2015, hasta ahora no contemplaba la cancelaci\u00f3n de la deuda p\u00fablica, solamente la relativa a acreedores privados. Los responsables de <a href=\"http:\/\/www.reparatudeuda.es\/\" rel=\"nofollow\">Repara tu Deuda<\/a> Abogados explican que con esta sentencia se avanza para que la deuda con administraciones p\u00fablicas tambi\u00e9n sea objeto de cancelaci\u00f3n, por el momento a trav\u00e9s de un plan de pagos a cinco a\u00f1os en el que no se incluyen intereses y que ser\u00e1 revisado por un juez (de acuerdo con la capacidad de pago de cada deudor).<\/p>\n<p>As\u00ed, aunque la deuda p\u00fablica no quede cancelada igual que la privada, \u201cse concede el beneficio de un plan de pagos a cinco a\u00f1os con el fin de que los deudores obtengan una segunda oportunidad real. Se trata de otra de las sentencias pioneras que han conseguido clientes de <a href=\"http:\/\/www.reparatudeuda.es\/\" rel=\"nofollow\">Repara tu deuda Abogados<\/a> y que crea jurisprudencia y esperanza a aquellos que tienen deuda privada y p\u00fablica\u201d.<\/p>\n<p><a href=\"http:\/\/www.reparatudeuda.es\/\" rel=\"nofollow\">Repara tu Deuda Abogados <\/a>ha ayudado, desde que puso en marcha su actividad en 2015, a muchas personas en situaciones desesperadas que no saben d\u00f3nde pedir ayuda. La reparadora de cr\u00e9dito ostenta el 100% de \u00e9xito en todos sus casos y prev\u00e9 llegar a los m\u00e1s de 100.000 casos anuales durante los pr\u00f3ximos tres a\u00f1os.<\/p>\n<p>Esta legislaci\u00f3n permite exonerar a particulares y aut\u00f3nomos del pago de deuda a acreedores siempre que se demuestre que previamente el deudor ha actuado de buena fe, as\u00ed como intentado un acuerdo con los acreedores para aplazar la deuda. Si no se logra dicho acuerdo, pueden solicitar la cancelaci\u00f3n de la deuda al juzgado y si cumplen con los requisitos se obtiene.<\/p>\n<p class=\"mediakit\"> Fuente <a href=\"https:\/\/www.comunicae.es\/nota\/repara-tu-deuda-cancela-una-deuda-de-1-082-680-1218370\/\">Comunicae<\/a><\/p>\n<p><img decoding=\"async\" class=\"mediakit\" src=\"https:\/\/www.comunicae.es\/notificaLectura.php?tipoCanalId=&amp;notaId=1218370\" width=\"1px\" height=\"1px\">Notas de prensa en RSS<\/p>\n","protected":false},"excerpt":{"rendered":"Repara tu Deuda cancela una deuda de 1.082.680 \u20ac en Igualada (La Anoia), con la Ley de Segunda&hellip;","protected":false},"author":2,"featured_media":808,"comment_status":"closed","ping_status":"closed","sticky":false,"template":"","format":"standard","meta":{"csco_display_header_overlay":false,"csco_singular_sidebar":"","csco_page_header_type":"","csco_page_load_nextpost":"","csco_post_video_location":[],"csco_post_video_location_hash":"","csco_post_video_url":"","csco_post_video_bg_start_time":0,"csco_post_video_bg_end_time":0,"footnotes":""},"categories":[108,74,90,75],"tags":[],"class_list":["post-807","post","type-post","status-publish","format-standard","has-post-thumbnail","category-derecho","category-finanzas","category-general","category-internet","cs-entry","cs-video-wrap"],"_links":{"self":[{"href":"https:\/\/iberopress.es\/index.php\/wp-json\/wp\/v2\/posts\/807","targetHints":{"allow":["GET"]}}],"collection":[{"href":"https:\/\/iberopress.es\/index.php\/wp-json\/wp\/v2\/posts"}],"about":[{"href":"https:\/\/iberopress.es\/index.php\/wp-json\/wp\/v2\/types\/post"}],"author":[{"embeddable":true,"href":"https:\/\/iberopress.es\/index.php\/wp-json\/wp\/v2\/users\/2"}],"replies":[{"embeddable":true,"href":"https:\/\/iberopress.es\/index.php\/wp-json\/wp\/v2\/comments?post=807"}],"version-history":[{"count":0,"href":"https:\/\/iberopress.es\/index.php\/wp-json\/wp\/v2\/posts\/807\/revisions"}],"wp:featuredmedia":[{"embeddable":true,"href":"https:\/\/iberopress.es\/index.php\/wp-json\/wp\/v2\/media\/808"}],"wp:attachment":[{"href":"https:\/\/iberopress.es\/index.php\/wp-json\/wp\/v2\/media?parent=807"}],"wp:term":[{"taxonomy":"category","embeddable":true,"href":"https:\/\/iberopress.es\/index.php\/wp-json\/wp\/v2\/categories?post=807"},{"taxonomy":"post_tag","embeddable":true,"href":"https:\/\/iberopress.es\/index.php\/wp-json\/wp\/v2\/tags?post=807"}],"curies":[{"name":"wp","href":"https:\/\/api.w.org\/{rel}","templated":true}]}}