{"id":793,"date":"2020-10-07T06:01:24","date_gmt":"2020-10-07T06:01:24","guid":{"rendered":"https:\/\/iberopress.es\/index.php\/2020\/10\/07\/qae-requiere-al-gobierno-una-moratoria-del-5g-asi-como-la-aplicacion-del-principio-de-precaucion\/"},"modified":"2020-10-07T06:01:24","modified_gmt":"2020-10-07T06:01:24","slug":"qae-requiere-al-gobierno-una-moratoria-del-5g-asi-como-la-aplicacion-del-principio-de-precaucion","status":"publish","type":"post","link":"https:\/\/iberopress.es\/index.php\/2020\/10\/07\/qae-requiere-al-gobierno-una-moratoria-del-5g-asi-como-la-aplicacion-del-principio-de-precaucion\/","title":{"rendered":"QAE requiere al gobierno una Moratoria del 5G as\u00ed como la aplicaci\u00f3n del Principio de Precauci\u00f3n"},"content":{"rendered":"<p>QAE requiere al gobierno una Moratoria del 5G as\u00ed como la aplicaci\u00f3n del Principio de Precauci\u00f3n\/COMUNICAE\/ <\/p>\n<p><a href=\"https:\/\/iberopress.es\/wp-content\/uploads\/2020\/10\/1601978015_CARTA_MINISTRA_NADIA_CALVI_O_FB.jpg\" target=\"_blank\" class=\"fotonota\" rel=\"noopener noreferrer\"> <\/a><\/p>\n<p>En Espa\u00f1a se est\u00e1 implementando la tecnolog\u00eda 5G sin tener constituida la Comisi\u00f3n Interministerial de Radiofrecuencia y Salud <\/p>\n<p><\/p>\n<p>Este organismo es\u00a0fundamental y su misi\u00f3n es la de asesorar e informar a la ciudadan\u00eda, al conjunto de las administraciones p\u00fablicas y a los diversos agentes de la industria sobre las restricciones establecidas a las emisiones radioel\u00e9ctricas, las medidas de protecci\u00f3n sanitaria aprobadas frente a emisiones radioel\u00e9ctricas y los m\u00faltiples y peri\u00f3dicos controles a que son sometidas las instalaciones generadoras de emisiones radioel\u00e9ctricas, en particular, las relativas a las radiocomunicaciones.<\/p>\n<p>Asimismo, dicha Comisi\u00f3n realizar\u00e1 y divulgar\u00e1 estudios e investigaciones sobre las emisiones radioel\u00e9ctricas y sus efectos y c\u00f3mo las restricciones a las emisiones, las medidas de protecci\u00f3n sanitaria y los controles establecidos preservan la salud de las personas, as\u00ed como, a la vista de dichos estudios e investigaciones, realizar\u00e1 propuestas y sugerir\u00e1 l\u00edneas de mejora en las medidas y controles a realizar.<\/p>\n<p>Adem\u00e1s, el Defensor del Pueblo emiti\u00f3 una Queja formal al gobierno por todo lo anteriormente mencionado (expediente N\u00ba 18010687) en agosto de 2019, sin que a la fecha se haya obtenido contestaci\u00f3n por parte del gobierno.<\/p>\n<p>Ante este escenario de negligente incumplimiento por parte del Gobierno, la Plataforma Ciudadana QAE registr\u00f3 en el Ministerio de Asuntos Econ\u00f3micos y Transformaci\u00f3n Digital el 28 de julio 2020 una petici\u00f3n de Moratoria al 5G as\u00ed como un an\u00e1lisis jur\u00eddico sobre los riesgos de la radiaci\u00f3n electromagn\u00e9tica no ionizante, por lo que se debe proceder a activar el Principio de Precauci\u00f3n establecido en el art\u00edculo 191 del Tratado de Funcionamiento de la Uni\u00f3n Europea.<\/p>\n<p>La Plataforma Ciudadana QAE ha recogido m\u00e1s de 55.000 firmas que avalan su proyecto, el cual van a presentar ante el Tribunal Europeo de Derechos Humanos mediante una Denuncia Colectiva.<\/p>\n<p><a href=\"https:\/\/plataforma.quieroauditoriaenergetica.org\/blog\/15-categoria-blog-2\/525-denuncia-colectiva-5ge-tribunal-derechos-humanos\" target=\"_blank\" rel=\"nofollow noopener noreferrer\">https:\/\/plataforma.quieroauditoriaenergetica.org\/blog\/15-categoria-blog-2\/525-denuncia-colectiva-5ge-tribunal-derechos-humanos<\/a><\/p>\n<p class=\"mediakit\"> Fuente <a href=\"https:\/\/www.comunicae.es\/nota\/qae-requiere-al-gobierno-una-moratoria-del-5g-1218436\/\">Comunicae<\/a><\/p>\n<p><img decoding=\"async\" class=\"mediakit\" src=\"https:\/\/www.comunicae.es\/notificaLectura.php?tipoCanalId=&amp;notaId=1218436\" width=\"1px\" height=\"1px\">Notas de prensa en RSS<\/p>\n","protected":false},"excerpt":{"rendered":"QAE requiere al gobierno una Moratoria del 5G as\u00ed como la aplicaci\u00f3n del Principio de Precauci\u00f3n\/COMUNICAE\/ En Espa\u00f1a&hellip;","protected":false},"author":2,"featured_media":794,"comment_status":"closed","ping_status":"closed","sticky":false,"template":"","format":"standard","meta":{"csco_display_header_overlay":false,"csco_singular_sidebar":"","csco_page_header_type":"","csco_page_load_nextpost":"","csco_post_video_location":[],"csco_post_video_location_hash":"","csco_post_video_url":"","csco_post_video_bg_start_time":0,"csco_post_video_bg_end_time":0,"footnotes":""},"categories":[106,108,66,82,75,77,67,43,101],"tags":[],"class_list":["post-793","post","type-post","status-publish","format-standard","has-post-thumbnail","category-aplicaciones-moviles","category-derecho","category-digital","category-industria-y-energia","category-internet","category-medicina","category-nacional","category-tecnologia","category-telecomunicaciones","cs-entry","cs-video-wrap"],"_links":{"self":[{"href":"https:\/\/iberopress.es\/index.php\/wp-json\/wp\/v2\/posts\/793","targetHints":{"allow":["GET"]}}],"collection":[{"href":"https:\/\/iberopress.es\/index.php\/wp-json\/wp\/v2\/posts"}],"about":[{"href":"https:\/\/iberopress.es\/index.php\/wp-json\/wp\/v2\/types\/post"}],"author":[{"embeddable":true,"href":"https:\/\/iberopress.es\/index.php\/wp-json\/wp\/v2\/users\/2"}],"replies":[{"embeddable":true,"href":"https:\/\/iberopress.es\/index.php\/wp-json\/wp\/v2\/comments?post=793"}],"version-history":[{"count":0,"href":"https:\/\/iberopress.es\/index.php\/wp-json\/wp\/v2\/posts\/793\/revisions"}],"wp:featuredmedia":[{"embeddable":true,"href":"https:\/\/iberopress.es\/index.php\/wp-json\/wp\/v2\/media\/794"}],"wp:attachment":[{"href":"https:\/\/iberopress.es\/index.php\/wp-json\/wp\/v2\/media?parent=793"}],"wp:term":[{"taxonomy":"category","embeddable":true,"href":"https:\/\/iberopress.es\/index.php\/wp-json\/wp\/v2\/categories?post=793"},{"taxonomy":"post_tag","embeddable":true,"href":"https:\/\/iberopress.es\/index.php\/wp-json\/wp\/v2\/tags?post=793"}],"curies":[{"name":"wp","href":"https:\/\/api.w.org\/{rel}","templated":true}]}}