{"id":791,"date":"2020-10-06T20:51:52","date_gmt":"2020-10-06T20:51:52","guid":{"rendered":"https:\/\/iberopress.es\/index.php\/2020\/10\/06\/las-medianas-empresas-las-mas-activas-en-el-uso-de-la-factura-electronica\/"},"modified":"2020-10-06T20:51:52","modified_gmt":"2020-10-06T20:51:52","slug":"las-medianas-empresas-las-mas-activas-en-el-uso-de-la-factura-electronica","status":"publish","type":"post","link":"https:\/\/iberopress.es\/index.php\/2020\/10\/06\/las-medianas-empresas-las-mas-activas-en-el-uso-de-la-factura-electronica\/","title":{"rendered":"Las medianas empresas, las m\u00e1s activas en el uso de la factura electr\u00f3nica"},"content":{"rendered":"<p>Las medianas empresas, las m\u00e1s activas en el uso de la factura electr\u00f3nica\/COMUNICAE\/ <\/p>\n<p><a href=\"https:\/\/iberopress.es\/wp-content\/uploads\/2020\/10\/1601996473_Factura_electr_nica.jpg\" target=\"_blank\" class=\"fotonota\" rel=\"noopener noreferrer\"> <\/a><\/p>\n<p>Las medianas empresas fueron las m\u00e1s activas en el uso de la factura electr\u00f3nica en 2019, seg\u00fan el Estudio SERES de Implantaci\u00f3n de la Factura Electr\u00f3nica en Espa\u00f1a 2019. De acuerdo con informe, las medianas empresas emitieron del 41,96% del total de facturas electr\u00f3nicas durante el pasado ejercicio y recibieron el 35,70%<\/p>\n<p><\/p>\n<p>Le siguen en volumen las peque\u00f1as empresas, que emitieron el 27,49% y recibieron el 25,70% de las facturas gestionadas en Espa\u00f1a en 2019. Por su parte, la gran empresa emiti\u00f3 el 19,98% de las facturas, y recibi\u00f3 el 29,54% del total. Finalmente, las microempresas emitieron el 10,57% y recibieron el 9,06% del total nacional.<\/p>\n<p>Seg\u00fan Alberto redondo, CMO de SERES para Iberia y LATAM, \u201clos mayores emisores y receptores siguen siendo las medianas, si bien en el estudio destaca el aumento de la emisi\u00f3n y recepci\u00f3n en las microempresas, que crecen significativamente. Por su parte, las grandes y peque\u00f1as empresas contin\u00faan su transformaci\u00f3n digital a un nivel similar a a\u00f1os anteriores\u201d.<\/p>\n<p><strong>Datos nacionales<\/strong><br \/>\nSeg\u00fan el Estudio, el n\u00famero de facturas electr\u00f3nicas procesadas en 2019 en nuestro pa\u00eds ascendi\u00f3 a 206.464.053 documentos, un 13,51% m\u00e1s que en 2018. Del total, 171.773.817 documentos -un 6,1% m\u00e1s que en 2018- corresponden a transacciones entre empresas (B2B), 22.292.891 a operaciones entre empresas y las administraciones p\u00fablicas (B2G) y 12.397.345 a ventas de empresas a particulares (B2C).<\/p>\n<p>Gracias al uso de la factura electr\u00f3nica, en 2019 se ahorraron m\u00e1s de 1.600 millones de euros en la gesti\u00f3n de facturas emitidas y recibidas, y el equivalente en horas de trabajo de m\u00e1s de 442 a\u00f1os laborales. Adem\u00e1s, se gener\u00f3 un impacto medioambiental positivo cercano a la superficie forestal del Parque del Retiro al eliminar el papel de facturas, sobres, etc. Seg\u00fan el estudio, el coste medio de recepci\u00f3n de una factura es de 7,22\u20ac en papel y 2,27\u20ac en digital y en emisi\u00f3n de 4,45\u20ac en papel y 1,64\u20ac en digital.<\/p>\n<p><strong>Por sector de actividad<\/strong><br \/>\nPor actividad, el Sector servicios es donde la factura electr\u00f3nica tiene un mayor grado de implantaci\u00f3n, tanto en emisi\u00f3n (64,06%) como en recepci\u00f3n (61,80%), con un aumento del 8,14% y el 3,35% respectivamente respecto a 2018. Le sigue Industria, con un 27,81% de empresas emisoras y un 28,07% de receptoras, pero con una reducci\u00f3n del 13,99% y del 8,61% respectivamente sobre 2018. Por su parte, en el Sector primario, la implantaci\u00f3n de la factura electr\u00f3nica es del 3,66% en emisi\u00f3n y un 3,64% en recepci\u00f3n, con una variaci\u00f3n positiva en torno al medio punto en ambos casos.<\/p>\n<p>En sus conclusiones, SERES destaca que 2019 ha sido un a\u00f1o clave para el uso de la factura electr\u00f3nica en las contrataciones p\u00fablicas europeas. El pasado 18 de abril de 2019 marc\u00f3 un nuevo avance hacia la administraci\u00f3n electr\u00f3nica. La entrada en vigor de la Directiva 2014\/55\/UE establec\u00eda la obligaci\u00f3n para las Administraciones P\u00fablicas de los pa\u00edses de la UE de poder recibir y procesar sus facturas electr\u00f3nicas seg\u00fan el est\u00e1ndar europeo.<\/p>\n<p>El hecho de que los proveedores de las Administraciones P\u00fablicas comiencen a facturar de manera electr\u00f3nica conlleva que el resto de empresas con las que mantienen relaciones comerciales tambi\u00e9n adopten la e-factura. Con la finalidad de facilitar al m\u00e1ximo este proceso, en Espa\u00f1a se puso en marcha la plataforma FACeB2B, a trav\u00e9s de la cual los operadores econ\u00f3micos y particulares pueden remitir facturas a los subcontratistas de los contratos del Sector P\u00fablico.<\/p>\n<p class=\"mediakit\"> Fuente <a href=\"https:\/\/www.comunicae.es\/nota\/las-medianas-empresas-las-mas-activas-en-el-1218453\/\">Comunicae<\/a><\/p>\n<p><img decoding=\"async\" class=\"mediakit\" src=\"https:\/\/www.comunicae.es\/notificaLectura.php?tipoCanalId=&amp;notaId=1218453\" width=\"1px\" height=\"1px\">Notas de prensa en RSS<\/p>\n","protected":false},"excerpt":{"rendered":"Las medianas empresas, las m\u00e1s activas en el uso de la factura electr\u00f3nica\/COMUNICAE\/ Las medianas empresas fueron las&hellip;","protected":false},"author":2,"featured_media":792,"comment_status":"closed","ping_status":"closed","sticky":false,"template":"","format":"standard","meta":{"csco_display_header_overlay":false,"csco_singular_sidebar":"","csco_page_header_type":"","csco_page_load_nextpost":"","csco_post_video_location":[],"csco_post_video_location_hash":"","csco_post_video_url":"","csco_post_video_bg_start_time":0,"csco_post_video_bg_end_time":0,"footnotes":""},"categories":[66,74,67,103,43],"tags":[],"class_list":["post-791","post","type-post","status-publish","format-standard","has-post-thumbnail","category-digital","category-finanzas","category-nacional","category-recursos-humanos-empresa","category-tecnologia","cs-entry","cs-video-wrap"],"_links":{"self":[{"href":"https:\/\/iberopress.es\/index.php\/wp-json\/wp\/v2\/posts\/791","targetHints":{"allow":["GET"]}}],"collection":[{"href":"https:\/\/iberopress.es\/index.php\/wp-json\/wp\/v2\/posts"}],"about":[{"href":"https:\/\/iberopress.es\/index.php\/wp-json\/wp\/v2\/types\/post"}],"author":[{"embeddable":true,"href":"https:\/\/iberopress.es\/index.php\/wp-json\/wp\/v2\/users\/2"}],"replies":[{"embeddable":true,"href":"https:\/\/iberopress.es\/index.php\/wp-json\/wp\/v2\/comments?post=791"}],"version-history":[{"count":0,"href":"https:\/\/iberopress.es\/index.php\/wp-json\/wp\/v2\/posts\/791\/revisions"}],"wp:featuredmedia":[{"embeddable":true,"href":"https:\/\/iberopress.es\/index.php\/wp-json\/wp\/v2\/media\/792"}],"wp:attachment":[{"href":"https:\/\/iberopress.es\/index.php\/wp-json\/wp\/v2\/media?parent=791"}],"wp:term":[{"taxonomy":"category","embeddable":true,"href":"https:\/\/iberopress.es\/index.php\/wp-json\/wp\/v2\/categories?post=791"},{"taxonomy":"post_tag","embeddable":true,"href":"https:\/\/iberopress.es\/index.php\/wp-json\/wp\/v2\/tags?post=791"}],"curies":[{"name":"wp","href":"https:\/\/api.w.org\/{rel}","templated":true}]}}