{"id":771,"date":"2020-10-06T12:02:19","date_gmt":"2020-10-06T12:02:19","guid":{"rendered":"https:\/\/iberopress.es\/index.php\/2020\/10\/06\/el-master-en-medicina-del-sueno-de-instituto-del-sueno-la-llave-para-destacar-en-este-sector\/"},"modified":"2020-10-06T12:02:19","modified_gmt":"2020-10-06T12:02:19","slug":"el-master-en-medicina-del-sueno-de-instituto-del-sueno-la-llave-para-destacar-en-este-sector","status":"publish","type":"post","link":"https:\/\/iberopress.es\/index.php\/2020\/10\/06\/el-master-en-medicina-del-sueno-de-instituto-del-sueno-la-llave-para-destacar-en-este-sector\/","title":{"rendered":"El M\u00e1ster en Medicina del Sue\u00f1o de Instituto del Sue\u00f1o, la llave para destacar en este sector"},"content":{"rendered":"<p>El M\u00e1ster en Medicina del Sue\u00f1o de Instituto del Sue\u00f1o, la llave para destacar en este sector\/COMUNICAE\/ <\/p>\n<p>Instituto del Sue\u00f1o apunta a la formaci\u00f3n en medicina del sue\u00f1o como una de las protagonistas en el terreno acad\u00e9mico en los pr\u00f3ximos a\u00f1os, debido a una mayor demanda de profesionales de esta rama que se ha experimentado recientemente y que requiere unos conocimientos espec\u00edficos para el tratamiento de estos problemas<\/p>\n<p><\/p>\n<p>La demanda de profesionales del sue\u00f1o ha crecido. Aunque se trate de una especialidad que, en los \u00faltimos tiempos, ha sido importante y de cierto inter\u00e9s, los expertos consideran que ha sido en la actualidad cuando se ha notado un cierto avance y una cierta madurez en sus conocimientos, mediante unos fundamentos cient\u00edficos m\u00e1s profundos y constatados.<\/p>\n<p>Otro de los factores que explica la creciente demanda de profesionales especializados en esta rama de la medicina son los altos \u00edndices de trastornos del sue\u00f1o que est\u00e1 sufriendo la poblaci\u00f3n en momentos de incertidumbre como los causados por la anterior crisis econ\u00f3mica y la sanitaria actual.<\/p>\n<p><strong>Para qu\u00e9 sirve esta formaci\u00f3n<\/strong><br \/>\nEl <a href=\"https:\/\/www.iis.es\/master-en-medicina-del-sueno-online\/\" target=\"_blank\" title=\"M\u00e1ster online en Medicina del Sue\u00f1o\" rel=\"nofollow noopener noreferrer\">M\u00e1ster online en Medicina del Sue\u00f1o<\/a> sirve para la especializaci\u00f3n en una materia que necesita profesionales para abarcar la gran demanda de diagn\u00f3sticos certeros y tratamientos efectivos para acabar con los distintos trastornos del sue\u00f1o que existen.<\/p>\n<p>Mediante la impartici\u00f3n de un contenido te\u00f3rico-pr\u00e1ctico, se capacita al alumno para, si as\u00ed lo consideran, acudir a la prueba de la Sociedad Europea del Sue\u00f1o (European Sleep Research Society o ESRS), que otorga el Certificado en Somnolog\u00eda y se trata de una de las acreditaciones m\u00e1s prestigiosas a nivel mundial en esta materia.<\/p>\n<p><strong>Qu\u00e9 debe tener un experto en trastornos del sue\u00f1o<\/strong><br \/>\nUna de las maneras de definir a un profesional especializado en el tratamiento de problemas de descanso es la visi\u00f3n multidisciplinar que este debe atesorar, ya que son muy distintas las ramas de medicina que pueden suponer factores de riesgo para estos trastornos, como la odontolog\u00eda, la neurolog\u00eda, la neumolog\u00eda, la psiquiatr\u00eda, la endocrinolog\u00eda o la otorrinolaringolog\u00eda, entre otros.<\/p>\n<p>En este programa de estudios, se abarcan las nociones m\u00e1s importantes de cada uno de estos conocimientos para alcanzar ese estatus.<\/p>\n<p>Es fundamental acceder a un plan de estudios adaptado a estas necesidades, como es el caso del M\u00e1ster que ofrece Instituto del Sue\u00f1o<\/p>\n<p>A trav\u00e9s de lecciones que alternan en ingl\u00e9s y castellano, cualquier persona interesada en adquirir estos conocimientos y trabajar en esta especialidad, puede cumplir con su objetivo con esta ense\u00f1anza superior impartida por una instituci\u00f3n de referencia en el estudio y el tratamiento de los problemas de descanso.<\/p>\n<p>Instituto del Sue\u00f1o es una de las organizaciones de renombre a nivel internacional por su investigaci\u00f3n y desarrollo de tratamientos destinados a acabar con aquellos problemas que atormentan a los pacientes a la hora de conciliar el sue\u00f1o.<\/p>\n<p class=\"mediakit\"> Fuente <a href=\"https:\/\/www.comunicae.es\/nota\/el-master-en-medicina-del-sueno-de-instituto-1218419\/\">Comunicae<\/a><\/p>\n<p>Notas de prensa en RSS<\/p>\n","protected":false},"excerpt":{"rendered":"El M\u00e1ster en Medicina del Sue\u00f1o de Instituto del Sue\u00f1o, la llave para destacar en este sector\/COMUNICAE\/ Instituto&hellip;","protected":false},"author":2,"featured_media":0,"comment_status":"closed","ping_status":"closed","sticky":false,"template":"","format":"standard","meta":{"csco_display_header_overlay":false,"csco_singular_sidebar":"","csco_page_header_type":"","csco_page_load_nextpost":"","csco_post_video_location":[],"csco_post_video_location_hash":"","csco_post_video_url":"","csco_post_video_bg_start_time":0,"csco_post_video_bg_end_time":0,"footnotes":""},"categories":[65,93,91,77],"tags":[],"class_list":["post-771","post","type-post","status-publish","format-standard","category-ciencia-general","category-farmacia","category-formacion","category-medicina","cs-entry","cs-video-wrap"],"_links":{"self":[{"href":"https:\/\/iberopress.es\/index.php\/wp-json\/wp\/v2\/posts\/771","targetHints":{"allow":["GET"]}}],"collection":[{"href":"https:\/\/iberopress.es\/index.php\/wp-json\/wp\/v2\/posts"}],"about":[{"href":"https:\/\/iberopress.es\/index.php\/wp-json\/wp\/v2\/types\/post"}],"author":[{"embeddable":true,"href":"https:\/\/iberopress.es\/index.php\/wp-json\/wp\/v2\/users\/2"}],"replies":[{"embeddable":true,"href":"https:\/\/iberopress.es\/index.php\/wp-json\/wp\/v2\/comments?post=771"}],"version-history":[{"count":0,"href":"https:\/\/iberopress.es\/index.php\/wp-json\/wp\/v2\/posts\/771\/revisions"}],"wp:attachment":[{"href":"https:\/\/iberopress.es\/index.php\/wp-json\/wp\/v2\/media?parent=771"}],"wp:term":[{"taxonomy":"category","embeddable":true,"href":"https:\/\/iberopress.es\/index.php\/wp-json\/wp\/v2\/categories?post=771"},{"taxonomy":"post_tag","embeddable":true,"href":"https:\/\/iberopress.es\/index.php\/wp-json\/wp\/v2\/tags?post=771"}],"curies":[{"name":"wp","href":"https:\/\/api.w.org\/{rel}","templated":true}]}}