{"id":763,"date":"2020-10-06T08:41:39","date_gmt":"2020-10-06T08:41:39","guid":{"rendered":"https:\/\/iberopress.es\/index.php\/2020\/10\/06\/un-buen-momento-para-la-fotografia-guia-para-comprar-una-camara-de-fotos-segun-quecamaracomprar\/"},"modified":"2020-10-06T08:41:39","modified_gmt":"2020-10-06T08:41:39","slug":"un-buen-momento-para-la-fotografia-guia-para-comprar-una-camara-de-fotos-segun-quecamaracomprar","status":"publish","type":"post","link":"https:\/\/iberopress.es\/index.php\/2020\/10\/06\/un-buen-momento-para-la-fotografia-guia-para-comprar-una-camara-de-fotos-segun-quecamaracomprar\/","title":{"rendered":"Un buen momento para la fotograf\u00eda: Gu\u00eda para comprar una c\u00e1mara de fotos, seg\u00fan quecamaracomprar"},"content":{"rendered":"<p>Un buen momento para la fotograf\u00eda: Gu\u00eda para comprar una c\u00e1mara de fotos, seg\u00fan quecamaracomprar\/COMUNICAE\/ <\/p>\n<p><a href=\"https:\/\/iberopress.es\/wp-content\/uploads\/2020\/10\/1601736880_comprar_camara_de_fotos.jpg\" target=\"_blank\" class=\"fotonota\" rel=\"noopener noreferrer\"> <\/a><\/p>\n<p>\u00bfQui\u00e9n no ha so\u00f1ado con hacer fotos espectaculares de sus viajes o de las ideas que tiene en mente? Hoy en d\u00eda la fotograf\u00eda es un arte en el cual se puede expresar todo tipo de sentimientos y emociones, pero \u00bfQu\u00e9 c\u00e1mara comprar? Hoy en d\u00eda gracias a la evoluci\u00f3n del mercado hay c\u00e1maras de fotos baratas y con esta gu\u00eda sabr\u00e1s elegir la m\u00e1s adecuada<\/p>\n<p><\/p>\n<p><strong><a href=\"https:\/\/www.quecamaracomprar.com\/mejor-camara-de-fotos\/\" rel=\"nofollow\">\u00bfCu\u00e1l es la mejor c\u00e1mara de fotos?<\/a> <\/strong>Esta es la pregunta estrella que suele hacerse todo el mundo, sobre todo quien termina de llegar al mundo de la fotograf\u00eda. Y la respuesta es que no existe una c\u00e1mara que sea la mejor en todo y saque las mejores fotos. Por eso hay que saber elegir una c\u00e1mara seg\u00fan el tipo de fotograf\u00eda que se hacer.<\/p>\n<p><strong>Lo primero es tener en cuenta el nivel <\/strong>como fot\u00f3grafo o fot\u00f3grafa. Para alguien que empieza lo suyo es empezar por las de principiante, pues suelen ser bastante intuitivas para aprender a manejar los par\u00e1metros manuales y no tienen men\u00fas enrevesados, ni excesivos botones. Adem\u00e1s suelen ser <strong><a href=\"https:\/\/www.quecamaracomprar.com\/camaras-reflex-baratas\/\" rel=\"nofollow\">c\u00e1maras reflex baratas<\/a><\/strong> por lo que no suponen una gran inversi\u00f3n y si solo se busca mejor calidad que la ofrecida por los smartphones son la principal soluci\u00f3n.<\/p>\n<p>Si <strong>se tiene cierto nivel<\/strong> o de verdad <strong>se piensa en adentrarse en el mundo de la fotograf\u00eda<\/strong> lo que realmente interesa son las las <strong><a href=\"https:\/\/www.quecamaracomprar.com\/mejores-camaras-reflex-calidad-precio\/\" rel=\"nofollow\">mejores c\u00e1maras reflex calidad precio<\/a><\/strong>, estas algo m\u00e1s avanzadas tienen mayores prestaciones y no se tienen precios desorbitados. Como es el caso de las <strong>c\u00e1maras profesionales, <\/strong>son de un tama\u00f1o mucho mayor y<strong> <\/strong>est\u00e1n<strong> <\/strong>dise\u00f1adas para ofrecer una calidad brutal, con unas caracter\u00edsticas y opciones para amortizar su precio con el trabajo como fot\u00f3grafo.<\/p>\n<p>Despu\u00e9s de ver el nivel, en lo siguiente a tener en cuenta es en <strong>el sensor<\/strong>, esto se traducir\u00e1 en m\u00e1s o menos Megapixeles. Normalmente suele ser APS-C para la mayor\u00eda de c\u00e1maras de fotos y Full Frame o formato completo para las profesionales. B\u00e1sicamente se trata del tama\u00f1o, siendo el Full Frame el equivalente al tama\u00f1o del carrete de fotos y el APS-C de menor tama\u00f1o. En este caso el tama\u00f1o importa, pero la mayor\u00eda de fot\u00f3grafos experimentados dir\u00e1 que el tama\u00f1o completo no es indispensable para una buena calidad, solo para ampliaciones extra grandes o mucho recorte.<\/p>\n<p>El siguiente aspecto a tener en cuenta es la <strong>sensibilidad ISO<\/strong>. Esto afectar\u00e1 al comportamiento en condiciones de poca luz, pues es el indicativo de la sensibilidad que se le puede dar al sensor en los par\u00e1metros manuales para conseguir fotos donde la escena es oscura. Hay que recalcar que <strong>a mayor n\u00famero de sensibilidad ISO m\u00e1s ruido<\/strong> (grano en la imagen) producir\u00e1, en algunos casos se utiliza a nivel creativo pero en otros no. Por lo que se debe considerar en la elecci\u00f3n para este tipo de fotos.<\/p>\n<p>Si se tienen ganas de ser fotoperiodista del d\u00eda a d\u00eda de la ciudad o lo que sucede en la calle las <strong><a href=\"https:\/\/www.quecamaracomprar.com\/mirrorless-calidad-precio\/\" rel=\"nofollow\">c\u00e1maras de fotos<\/a> sin espejo<\/strong> son ideales. Al eliminar el sistema de espejos por el que la imagen se ve en el visor, ahora es un visor electr\u00f3nico, son mucho m\u00e1s peque\u00f1as y ligeras. Por lo que se podr\u00e1 hacerlas pasar inadvertidas m\u00e1s f\u00e1cilmente, adem\u00e1s no hacen ruido al disparar. Son la opci\u00f3n ideal para los amantes de las fotos de fotoperiodismo en la calle.<\/p>\n<p><strong>Otros aspectos a tener en cuenta <\/strong>hoy en d\u00eda en el que todo est\u00e1 conectados y se comparte todos es si una c\u00e1mara tiene WiFi o Bluetooth, para poder compartir en las redes sociales o incluso controlar la c\u00e1mara a distancia. Adem\u00e1s hoy en d\u00eda existen las pantallas abatibles y t\u00e1ctiles, que facilitan el disparo de fotos desde \u00e1ngulos dif\u00edciles o para conseguir autorretratos. Pero tambi\u00e9n hay que mirar que puede ser estanca, resistente a las salpicaduras o al polvo, seg\u00fan el tipo de fotos que se vayan a sacar.<\/p>\n<p>Estas son las principales cosas a tener en cuenta a la hora de elegir una c\u00e1mara de fotos pero puedes ver diferentes modelos y an\u00e1lisis en <a href=\"https:\/\/www.quecamaracomprar.com\/\" rel=\"nofollow\">www.quecamaracomprar.com<\/a><\/p>\n<p class=\"mediakit\"> Fuente <a href=\"https:\/\/www.comunicae.es\/nota\/un-buen-momento-para-la-fotografia-guia-para_1-1218339\/\">Comunicae<\/a><\/p>\n<p><img decoding=\"async\" class=\"mediakit\" src=\"https:\/\/www.comunicae.es\/notificaLectura.php?tipoCanalId=&amp;notaId=1218339\" width=\"1px\" height=\"1px\">Notas de prensa en RSS<\/p>\n","protected":false},"excerpt":{"rendered":"Un buen momento para la fotograf\u00eda: Gu\u00eda para comprar una c\u00e1mara de fotos, seg\u00fan quecamaracomprar\/COMUNICAE\/ \u00bfQui\u00e9n no ha&hellip;","protected":false},"author":2,"featured_media":764,"comment_status":"closed","ping_status":"closed","sticky":false,"template":"","format":"standard","meta":{"csco_display_header_overlay":false,"csco_singular_sidebar":"","csco_page_header_type":"","csco_page_load_nextpost":"","csco_post_video_location":[],"csco_post_video_location_hash":"","csco_post_video_url":"","csco_post_video_bg_start_time":0,"csco_post_video_bg_end_time":0,"footnotes":""},"categories":[88,86,87,43],"tags":[],"class_list":["post-763","post","type-post","status-publish","format-standard","has-post-thumbnail","category-arte","category-fotografia","category-imagen-y-sonido","category-tecnologia","cs-entry","cs-video-wrap"],"_links":{"self":[{"href":"https:\/\/iberopress.es\/index.php\/wp-json\/wp\/v2\/posts\/763","targetHints":{"allow":["GET"]}}],"collection":[{"href":"https:\/\/iberopress.es\/index.php\/wp-json\/wp\/v2\/posts"}],"about":[{"href":"https:\/\/iberopress.es\/index.php\/wp-json\/wp\/v2\/types\/post"}],"author":[{"embeddable":true,"href":"https:\/\/iberopress.es\/index.php\/wp-json\/wp\/v2\/users\/2"}],"replies":[{"embeddable":true,"href":"https:\/\/iberopress.es\/index.php\/wp-json\/wp\/v2\/comments?post=763"}],"version-history":[{"count":0,"href":"https:\/\/iberopress.es\/index.php\/wp-json\/wp\/v2\/posts\/763\/revisions"}],"wp:featuredmedia":[{"embeddable":true,"href":"https:\/\/iberopress.es\/index.php\/wp-json\/wp\/v2\/media\/764"}],"wp:attachment":[{"href":"https:\/\/iberopress.es\/index.php\/wp-json\/wp\/v2\/media?parent=763"}],"wp:term":[{"taxonomy":"category","embeddable":true,"href":"https:\/\/iberopress.es\/index.php\/wp-json\/wp\/v2\/categories?post=763"},{"taxonomy":"post_tag","embeddable":true,"href":"https:\/\/iberopress.es\/index.php\/wp-json\/wp\/v2\/tags?post=763"}],"curies":[{"name":"wp","href":"https:\/\/api.w.org\/{rel}","templated":true}]}}