{"id":61624,"date":"2026-08-27T15:52:56","date_gmt":"2026-08-27T14:52:56","guid":{"rendered":"https:\/\/iberopress.es\/index.php\/2026\/08\/27\/globamatic-media-retoma-su-actividad-tras-el-periodo-vacacional\/"},"modified":"2026-08-27T15:52:56","modified_gmt":"2026-08-27T14:52:56","slug":"globamatic-media-retoma-su-actividad-tras-el-periodo-vacacional","status":"publish","type":"post","link":"https:\/\/iberopress.es\/index.php\/2026\/08\/27\/globamatic-media-retoma-su-actividad-tras-el-periodo-vacacional\/","title":{"rendered":"Globamatic Media retoma su actividad tras el periodo vacacional"},"content":{"rendered":"<p><a href=\"https:\/\/static.comunicae.com\/photos\/notas\/1274347\/vhs.jpg\" target=\"_blank\" class=\"fotonota\"> <img decoding=\"async\" src=\"https:\/\/static.comunicae.com\/photos\/notas\/1274347\/vhs.jpg\" style=\"max-width:600px\" border=\"0\" class=\"postImage\" alt=\"Globamatic Media retoma su actividad tras el periodo vacacional\" \/><\/a><\/p>\n<p>El equipo vuelve este lunes tras las vacaciones manteniendo el horario intensivo de verano, antes de recuperar su horario habitual a partir del pr\u00f3ximo 31 de agosto<\/p>\n<p>Globamatic Media retoma desde este lunes 24 de agosto su actividad tras el periodo vacacional de su equipo, recuperando la atenci\u00f3n a clientes y la gesti\u00f3n habitual de pedidos, consultas y seguimientos relacionados con sus servicios de digitalizaci\u00f3n.<\/p>\n<p>Durante esta primera semana de vuelta, el horario de atenci\u00f3n continuar\u00e1 siendo de 9:30 a 15:00 horas de forma ininterrumpida, tanto en los centros de Madrid y Valencia como a trav\u00e9s de los canales digitales de la empresa, incluyendo correo electr\u00f3nico y WhatsApp. De esta forma, los clientes podr\u00e1n realizar sus consultas, solicitar informaci\u00f3n sobre los diferentes servicios o conocer el estado de sus pedidos dentro de la franja establecida.<\/p>\n<p>El regreso del equipo permite retomar con normalidad la actividad despu\u00e9s del descanso estival y dar continuidad a las solicitudes de digitalizaci\u00f3n y conservaci\u00f3n de material audiovisual. Globamatic Media mantiene as\u00ed durante los \u00faltimos d\u00edas de agosto el modelo de jornada intensiva anunciado al inicio del verano, antes de recuperar su horario habitual coincidiendo con el final del periodo vacacional.<\/p>\n<p>&#8220;Volvemos de las vacaciones con energ\u00edas renovadas y con muchas ganas de seguir ofreciendo a nuestros clientes el mejor servicio. Durante esta primera semana mantendremos el horario intensivo y, a partir del lunes 31 de agosto, retomaremos nuestro horario habitual&#8221;, se\u00f1alan desde Globamatic Media.<\/p>\n<p>La vuelta de las vacaciones supone tambi\u00e9n para muchas familias el momento de recuperar la rutina y poner en orden fotograf\u00edas, v\u00eddeos y otros recuerdos acumulados a lo largo de los a\u00f1os. Parte de este material contin\u00faa almacenado en cintas, pel\u00edculas, diapositivas y otros soportes anal\u00f3gicos cuya conservaci\u00f3n puede verse comprometida por el paso del tiempo, el uso o las propias condiciones de almacenamiento.<\/p>\n<p>La digitalizaci\u00f3n permite conservar estos contenidos en formatos actuales y facilita tanto su reproducci\u00f3n como su consulta y almacenamiento. Tambi\u00e9n hace posible recuperar grabaciones familiares que, en muchos casos, llevan a\u00f1os sin poder visualizarse debido a la desaparici\u00f3n progresiva de los reproductores necesarios para acceder a determinados formatos.<\/p>\n<p>En este contexto, Globamatic Media retoma la atenci\u00f3n con el objetivo de continuar acompa\u00f1ando a cada cliente durante todo el proceso, desde la recepci\u00f3n y revisi\u00f3n de los materiales hasta su digitalizaci\u00f3n y posterior entrega, manteniendo una gesti\u00f3n cercana y adaptada a las caracter\u00edsticas de cada trabajo.<\/p>\n<p>A partir del lunes 31 de agosto, Globamatic Media dar\u00e1 por finalizado el horario intensivo de verano y recuperar\u00e1 su horario habitual de atenci\u00f3n en sus centros y canales de contacto, completando as\u00ed la vuelta a la normalidad tras el periodo estival.<\/p>\n<p><strong>Acerca de Globamatic Media<\/strong><br \/>\nGlobamatic Media es una empresa especializada en la digitalizaci\u00f3n y conservaci\u00f3n de formatos audiovisuales anal\u00f3gicos, con m\u00e1s de veinte a\u00f1os de experiencia en el sector. Entre sus servicios se encuentran la digitalizaci\u00f3n de VHS, Video8, MiniDV, Betamax, Super 8, diapositivas y<em> cassettes<\/em> de audio, entre otros formatos.<\/p>\n<p>Con centros en Madrid y Valencia, ofrece tambi\u00e9n un servicio de recogida y entrega a domicilio en toda la Pen\u00ednsula, facilitando el acceso a sus servicios sin necesidad de desplazamientos. Su actividad combina tecnolog\u00eda especializada, seguridad en el tratamiento de los materiales y atenci\u00f3n personalizada.<\/p>\n","protected":false},"excerpt":{"rendered":"El equipo vuelve este lunes tras las vacaciones manteniendo el horario intensivo de verano, antes de recuperar su&hellip;","protected":false},"author":1,"featured_media":61625,"comment_status":"","ping_status":"","sticky":false,"template":"","format":"standard","meta":{"csco_display_header_overlay":false,"csco_singular_sidebar":"","csco_page_header_type":"","csco_page_load_nextpost":"","csco_post_video_location":[],"csco_post_video_location_hash":"","csco_post_video_url":"","csco_post_video_bg_start_time":0,"csco_post_video_bg_end_time":0,"footnotes":""},"categories":[47],"tags":[986,996,1018,985],"class_list":["post-61624","post","type-post","status-publish","format-standard","has-post-thumbnail","category-comunicados","tag-actualidad-empresarial","tag-digital","tag-imagen-y-sonido","tag-sala-de-prensa","cs-entry","cs-video-wrap"],"_links":{"self":[{"href":"https:\/\/iberopress.es\/index.php\/wp-json\/wp\/v2\/posts\/61624","targetHints":{"allow":["GET"]}}],"collection":[{"href":"https:\/\/iberopress.es\/index.php\/wp-json\/wp\/v2\/posts"}],"about":[{"href":"https:\/\/iberopress.es\/index.php\/wp-json\/wp\/v2\/types\/post"}],"author":[{"embeddable":true,"href":"https:\/\/iberopress.es\/index.php\/wp-json\/wp\/v2\/users\/1"}],"replies":[{"embeddable":true,"href":"https:\/\/iberopress.es\/index.php\/wp-json\/wp\/v2\/comments?post=61624"}],"version-history":[{"count":0,"href":"https:\/\/iberopress.es\/index.php\/wp-json\/wp\/v2\/posts\/61624\/revisions"}],"wp:featuredmedia":[{"embeddable":true,"href":"https:\/\/iberopress.es\/index.php\/wp-json\/wp\/v2\/media\/61625"}],"wp:attachment":[{"href":"https:\/\/iberopress.es\/index.php\/wp-json\/wp\/v2\/media?parent=61624"}],"wp:term":[{"taxonomy":"category","embeddable":true,"href":"https:\/\/iberopress.es\/index.php\/wp-json\/wp\/v2\/categories?post=61624"},{"taxonomy":"post_tag","embeddable":true,"href":"https:\/\/iberopress.es\/index.php\/wp-json\/wp\/v2\/tags?post=61624"}],"curies":[{"name":"wp","href":"https:\/\/api.w.org\/{rel}","templated":true}]}}