{"id":61616,"date":"2026-08-27T15:53:09","date_gmt":"2026-08-27T14:53:09","guid":{"rendered":"https:\/\/iberopress.es\/index.php\/2026\/08\/27\/realme-prepara-la-vuelta-al-cole-con-smartphones-pensados-para-acompanar-cada-ritmo-de-vida\/"},"modified":"2026-08-27T15:53:09","modified_gmt":"2026-08-27T14:53:09","slug":"realme-prepara-la-vuelta-al-cole-con-smartphones-pensados-para-acompanar-cada-ritmo-de-vida","status":"publish","type":"post","link":"https:\/\/iberopress.es\/index.php\/2026\/08\/27\/realme-prepara-la-vuelta-al-cole-con-smartphones-pensados-para-acompanar-cada-ritmo-de-vida\/","title":{"rendered":"realme prepara la vuelta al cole con smartphones pensados para acompa\u00f1ar cada ritmo de vida"},"content":{"rendered":"<p><a href=\"https:\/\/static.comunicae.com\/photos\/notas\/1274339\/realme_C100_8_reducida.jpg\" target=\"_blank\" class=\"fotonota\"> <img decoding=\"async\" src=\"https:\/\/static.comunicae.com\/photos\/notas\/1274339\/realme_C100_8_reducida.jpg\" style=\"max-width:600px\" border=\"0\" class=\"postImage\" alt=\"\" \/><\/a><\/p>\n<p>realme re\u00fane tres propuestas que combinan autonom\u00eda, resistencia, fotograf\u00eda, rendimiento y conectividad para afrontar el nuevo curso<\/p>\n<p>realme se prepara para la vuelta al cole con ofertas en modelos como el <strong>realme C100, 16 Pro y 16 5G<\/strong>, pensados para ofrecer autonom\u00eda, rendimiento y funciones inteligentes para el d\u00eda a d\u00eda.<\/p>\n<p><strong>realme C100: autonom\u00eda para todo el d\u00eda<\/strong><br \/>\nPara quienes buscan un <em>smartphone <\/em>preparado para las jornadas m\u00e1s exigentes, el realme C100 apuesta por una <strong>gran autonom\u00eda y una construcci\u00f3n resistente<\/strong>, ahora por <strong>249 \u20ac<\/strong> en su versi\u00f3n <strong>4GB + 256GB <\/strong>en marcas MasOrange, y por <strong>239 \u20ac<\/strong> en El Corte Ingl\u00e9s y MediaMarkt.<\/p>\n<p>Su principal protagonista es su <strong>bater\u00eda Titan de 6.600 mAh<\/strong>, con <strong>carga r\u00e1pida SUPERVOOC de 45 W y carga inversa<\/strong> para cargar otros dispositivos. Adem\u00e1s, incorpora tecnolog\u00edas que preservan la salud de la bater\u00eda durante <strong>hasta seis a\u00f1os de uso<\/strong>.<\/p>\n<p>La resistencia es otro de sus puntos fuertes, con <strong>protecci\u00f3n ArmorShell<\/strong>, <strong>resistencia a golpes de grado militar<\/strong> y <strong>certificaci\u00f3n IP64<\/strong> frente al agua y el polvo. Su <strong>pantalla de 144 Hz y hasta 900 nits de brillo<\/strong> ofrece una visualizaci\u00f3n fluida incluso en exteriores.<\/p>\n<p>En fotograf\u00eda, incorpora una <strong>c\u00e1mara principal de 50 MP con IA<\/strong> y funciones como <strong>Motion Photo, Dual-View Video o AI Image Matting<\/strong>. Adem\u00e1s, <strong>realme UI 7.0<\/strong> suma herramientas inteligentes como <strong>Circle to Search, Google Gemini y AI Smart Loop<\/strong> para agilizar las tareas cotidianas.<\/p>\n<p><strong>realme 16 Pro+, elegancia y autonom\u00eda en un solo dispositivo<\/strong><br \/>\nPara quienes buscan un\u00a0dise\u00f1o pr\u00e9mium y autonom\u00eda, el <strong>realme 16 Pro+<\/strong> combina ambos en un perfil ultrafino de <strong>8,49 mm<\/strong>, disponible en <strong>Master Gold y Master Grey<\/strong>.<\/p>\n<p>En rendimiento, incorpora el <strong>Snapdragon 7 Gen 4<\/strong>, con hasta <strong>1,44 millones de puntos en AnTuTu<\/strong>, para ofrecer fluidez en multitarea y<em> gaming<\/em>. Adem\u00e1s, integra una bater\u00eda de <strong>7.000 mAh<\/strong> con <strong>carga r\u00e1pida 80W SUPERVOOC<\/strong>.<\/p>\n<p>Este modelo se puede\u00a0encontrar en El Corte Ingl\u00e9s y MediaMarkt a un precio de <strong>549 \u20ac<\/strong> en su versi\u00f3n <strong>12GB + 512 GB<\/strong>.<\/p>\n<p><strong>Disfrutar de una fotograf\u00eda avanzada con el realme 16 Pro<\/strong><br \/>\nPara quienes priorizan la fotograf\u00eda, el <strong>realme 16 Pro<\/strong> es una de las propuestas m\u00e1s avanzadas de la marca. Est\u00e1 disponible por <strong>449 \u20ac<\/strong> en El Corte Ingl\u00e9s y MediaMarkt, y por <strong>479 \u20ac<\/strong> para clientes de Orange, Jazztel, Yoigo, MASMOVIL y simyo.<\/p>\n<p>El terminal ofrece una <strong>experiencia fotogr\u00e1fica avanzada con IA<\/strong> gracias a su sistema <strong>200MP LumaColor Portrait Master<\/strong>, que permite capturar im\u00e1genes detalladas y naturales en distintas condiciones de iluminaci\u00f3n.<\/p>\n<p>El <strong>realme 16 Pro<\/strong> combina fotograf\u00eda y v\u00eddeo, entretenimiento y productividad, adapt\u00e1ndose a diferentes usos del d\u00eda a d\u00eda.<\/p>\n<p><strong>Equilibrio, 5G y entretenimiento con el realme 16 5G<\/strong><br \/>\nPara quienes buscan un equilibrio entre prestaciones, autonom\u00eda y conectividad, el <strong>realme 16 5G<\/strong> ofrece una opci\u00f3n vers\u00e1til para el d\u00eda a d\u00eda, el entretenimiento y la creaci\u00f3n de contenido.<\/p>\n<p>Su <strong>bater\u00eda Titan de 6.550 mAh<\/strong>, con <strong>carga r\u00e1pida de 45 W<\/strong>, ofrece autonom\u00eda para largas jornadas, junto con <strong>conectividad 5G<\/strong>. Est\u00e1 disponible por <strong>399 \u20ac<\/strong> en su versi\u00f3n de <strong>8 GB + 256 GB<\/strong> para clientes de marcas MasOrange.<\/p>\n<p>Cuenta con una <strong>pantalla AMOLED de 120 Hz<\/strong>, una <strong>c\u00e1mara de 50 MP con IA<\/strong> y <strong>certificaci\u00f3n IP69<\/strong>, que aporta una mayor resistencia para el uso diario.<\/p>\n","protected":false},"excerpt":{"rendered":"realme re\u00fane tres propuestas que combinan autonom\u00eda, resistencia, fotograf\u00eda, rendimiento y conectividad para afrontar el nuevo curso realme&hellip;","protected":false},"author":1,"featured_media":61617,"comment_status":"","ping_status":"","sticky":false,"template":"","format":"standard","meta":{"csco_display_header_overlay":false,"csco_singular_sidebar":"","csco_page_header_type":"","csco_page_load_nextpost":"","csco_post_video_location":[],"csco_post_video_location_hash":"","csco_post_video_url":"","csco_post_video_bg_start_time":0,"csco_post_video_bg_end_time":0,"footnotes":""},"categories":[47],"tags":[1012,1035,993,990,985],"class_list":["post-61616","post","type-post","status-publish","format-standard","has-post-thumbnail","category-comunicados","tag-dispositivos-moviles","tag-educacion","tag-innovacion-tecnologica","tag-nacional","tag-sala-de-prensa","cs-entry","cs-video-wrap"],"_links":{"self":[{"href":"https:\/\/iberopress.es\/index.php\/wp-json\/wp\/v2\/posts\/61616","targetHints":{"allow":["GET"]}}],"collection":[{"href":"https:\/\/iberopress.es\/index.php\/wp-json\/wp\/v2\/posts"}],"about":[{"href":"https:\/\/iberopress.es\/index.php\/wp-json\/wp\/v2\/types\/post"}],"author":[{"embeddable":true,"href":"https:\/\/iberopress.es\/index.php\/wp-json\/wp\/v2\/users\/1"}],"replies":[{"embeddable":true,"href":"https:\/\/iberopress.es\/index.php\/wp-json\/wp\/v2\/comments?post=61616"}],"version-history":[{"count":0,"href":"https:\/\/iberopress.es\/index.php\/wp-json\/wp\/v2\/posts\/61616\/revisions"}],"wp:featuredmedia":[{"embeddable":true,"href":"https:\/\/iberopress.es\/index.php\/wp-json\/wp\/v2\/media\/61617"}],"wp:attachment":[{"href":"https:\/\/iberopress.es\/index.php\/wp-json\/wp\/v2\/media?parent=61616"}],"wp:term":[{"taxonomy":"category","embeddable":true,"href":"https:\/\/iberopress.es\/index.php\/wp-json\/wp\/v2\/categories?post=61616"},{"taxonomy":"post_tag","embeddable":true,"href":"https:\/\/iberopress.es\/index.php\/wp-json\/wp\/v2\/tags?post=61616"}],"curies":[{"name":"wp","href":"https:\/\/api.w.org\/{rel}","templated":true}]}}