{"id":60703,"date":"2026-06-12T08:40:09","date_gmt":"2026-06-12T07:40:09","guid":{"rendered":"https:\/\/iberopress.es\/?p=60703"},"modified":"2026-06-12T08:40:15","modified_gmt":"2026-06-12T07:40:15","slug":"la-fundacion-mas-senior-se-reune-con-las-principales-asociaciones-de-mayores-para-presentar-sus-proyectos","status":"publish","type":"post","link":"https:\/\/iberopress.es\/index.php\/2026\/06\/12\/la-fundacion-mas-senior-se-reune-con-las-principales-asociaciones-de-mayores-para-presentar-sus-proyectos\/","title":{"rendered":"La Fundaci\u00f3n M\u00e1s S\u00e9nior se re\u00fane con las principales asociaciones de mayores para presentar sus proyectos"},"content":{"rendered":"\n<p class=\"wp-block-paragraph\"><\/p>\n\n\n\n<p class=\"wp-block-paragraph\"><strong>Madrid, 11 de junio de 2026<\/strong>.\u2013 La Fundaci\u00f3n M\u00e1s S\u00e9nior ha presentado al Comit\u00e9 Asesor del diario digital 65YM\u00c1S, integrado por los presidentes de las 13 asociaciones de mayores m\u00e1s importantes de Espa\u00f1a, sus principales proyectos, entre los que destaca <strong>MiiA<\/strong>, inteligencia artificial conversacional gratuita desarrollada por la Fundaci\u00f3n M\u00e1s S\u00e9nior, que busca combatir la brecha digital y ofrecer compa\u00f1\u00eda, informaci\u00f3n y asistencia personalizada.<\/p>\n\n\n\n<p class=\"wp-block-paragraph\"><strong>Sonia Catal\u00e1n<\/strong>, directora general de la Fundaci\u00f3n, ha mostrado a los miembros del Comit\u00e9 Asesor de 65YM\u00c1S las \u00e1reas de actuaci\u00f3n en las que trabaja la fundaci\u00f3n, como educaci\u00f3n financiera, longevidad saludable, transici\u00f3n activa y talento s\u00e9nior. Tambi\u00e9n les ha presentado el centro de estudios que est\u00e1 poniendo en marcha, con el Periscopio y el Libro Blanco de los S\u00e9nior en Espa\u00f1a, y herramientas como el \u00cdndice S\u00e9nior, que permite analizar la situaci\u00f3n de la poblaci\u00f3n s\u00e9nior en distintos \u00e1mbitos, y MiiA.<\/p>\n\n\n\n<p class=\"wp-block-paragraph\">Junto a Sonia Catal\u00e1n, han presidido el encuentro <strong>Santiago Gonz\u00e1lez Carrero<\/strong>, presidente del Comit\u00e9 Asesor y de la Asociaci\u00f3n Grupo de Mayores de Telef\u00f3nica (AGMT), y <strong>Francisco Valle<\/strong>, consejero delegado de 65YM\u00c1S. <strong>Ana Bedia<\/strong>, directora del diario, ha conducido la reuni\u00f3n a la que han asistido, adem\u00e1s de Santiago Gonz\u00e1lez Carrero, <strong>Inmaculada Ruiz<\/strong> (UDP), <strong>Jes\u00fas Norberto Fern\u00e1ndez<\/strong> (PMP), <strong>Julio Robledo<\/strong> (CEATE), <strong>Fernando Sobrini<\/strong> (SECOT), <strong>Inmaculada Fornoza<\/strong> (CAUMAS), <strong>Gloria Veiga<\/strong> (CONFEMAC) y <strong>Jospe Carn\u00e9 i Teixid\u00f3<\/strong> (FATEC).<\/p>\n\n\n\n<p class=\"wp-block-paragraph\"><strong>Revoluci\u00f3n digital s\u00e9nior<\/strong><\/p>\n\n\n\n<p class=\"wp-block-paragraph\">La directora general de la Fundaci\u00f3n M\u00e1s S\u00e9nior, ha explicado que \u201ccon MiiA damos un paso hist\u00f3rico para acercar una tecnolog\u00eda transformadora a quienes muchas veces han quedado fuera de la revoluci\u00f3n digital. Queremos que las personas mayores sientan que la IA tambi\u00e9n est\u00e1 pensada para ellas: que les ayuda, les acompa\u00f1a y les hace la vida m\u00e1s sencilla\u201d.<\/p>\n\n\n\n<p class=\"wp-block-paragraph\">Las asociaciones de mayores han transmitido a la Fundaci\u00f3n la necesidad de iniciativas como MiiA, que acercan la tecnolog\u00eda a los s\u00e9nior, y el gran paso que supone el lanzamiento de una IA creada y pensada para ellos y libre de sesgos edadistas.<\/p>\n\n\n\n<p class=\"wp-block-paragraph\"><strong>Sobre la Fundaci\u00f3n M\u00e1s S\u00e9nior<\/strong><\/p>\n\n\n\n<p class=\"wp-block-paragraph\">La Fundaci\u00f3n M\u00e1s S\u00e9nior es una entidad sin \u00e1nimo de lucro que trabaja para mejorar la calidad de vida de las personas s\u00e9nior y participaci\u00f3n activa en la sociedad. A trav\u00e9s de programas, iniciativas de concienciaci\u00f3n y proyectos intergeneracionales, la Fundaci\u00f3n impulsa un modelo de longevidad saludable, activa, inclusiva y positiva.<\/p>\n\n\n\n<p class=\"wp-block-paragraph\">La Fundaci\u00f3n M\u00e1s S\u00e9nior defiende un modelo de sociedad en el que la experiencia y el conocimiento de las personas mayores se reconozcan como un activo clave, promoviendo su contribuci\u00f3n al desarrollo econ\u00f3mico y social.<\/p>\n\n\n\n<p class=\"wp-block-paragraph\"><a href=\"https:\/\/fundacionmassenior.org\/miia\">https:\/\/fundacionmassenior.org\/miia<\/a><\/p>\n\n\n\n<p class=\"wp-block-paragraph\"><\/p>\n","protected":false},"excerpt":{"rendered":"Los presidentes de las asociaciones de mayores m\u00e1s importantes de Espa\u00f1a est\u00e1n integrados en el Comit\u00e9 Asesor de 65YM\u00c1S, que ha organizado esta reuni\u00f3n.\nEl principal proyecto presentado es MiiA, la primera Inteligencia Artificial dise\u00f1ada para el p\u00fablico s\u00e9nior (mayores de 55 a\u00f1os).","protected":false},"author":2,"featured_media":60704,"comment_status":"closed","ping_status":"closed","sticky":false,"template":"","format":"standard","meta":{"csco_display_header_overlay":false,"csco_singular_sidebar":"","csco_page_header_type":"","csco_page_load_nextpost":"","csco_post_video_location":[],"csco_post_video_location_hash":"","csco_post_video_url":"","csco_post_video_bg_start_time":0,"csco_post_video_bg_end_time":0,"footnotes":""},"categories":[47],"tags":[],"class_list":["post-60703","post","type-post","status-publish","format-standard","has-post-thumbnail","category-comunicados","cs-entry","cs-video-wrap"],"_links":{"self":[{"href":"https:\/\/iberopress.es\/index.php\/wp-json\/wp\/v2\/posts\/60703","targetHints":{"allow":["GET"]}}],"collection":[{"href":"https:\/\/iberopress.es\/index.php\/wp-json\/wp\/v2\/posts"}],"about":[{"href":"https:\/\/iberopress.es\/index.php\/wp-json\/wp\/v2\/types\/post"}],"author":[{"embeddable":true,"href":"https:\/\/iberopress.es\/index.php\/wp-json\/wp\/v2\/users\/2"}],"replies":[{"embeddable":true,"href":"https:\/\/iberopress.es\/index.php\/wp-json\/wp\/v2\/comments?post=60703"}],"version-history":[{"count":1,"href":"https:\/\/iberopress.es\/index.php\/wp-json\/wp\/v2\/posts\/60703\/revisions"}],"predecessor-version":[{"id":60705,"href":"https:\/\/iberopress.es\/index.php\/wp-json\/wp\/v2\/posts\/60703\/revisions\/60705"}],"wp:featuredmedia":[{"embeddable":true,"href":"https:\/\/iberopress.es\/index.php\/wp-json\/wp\/v2\/media\/60704"}],"wp:attachment":[{"href":"https:\/\/iberopress.es\/index.php\/wp-json\/wp\/v2\/media?parent=60703"}],"wp:term":[{"taxonomy":"category","embeddable":true,"href":"https:\/\/iberopress.es\/index.php\/wp-json\/wp\/v2\/categories?post=60703"},{"taxonomy":"post_tag","embeddable":true,"href":"https:\/\/iberopress.es\/index.php\/wp-json\/wp\/v2\/tags?post=60703"}],"curies":[{"name":"wp","href":"https:\/\/api.w.org\/{rel}","templated":true}]}}