{"id":60685,"date":"2026-06-11T17:53:10","date_gmt":"2026-06-11T16:53:10","guid":{"rendered":"https:\/\/iberopress.es\/index.php\/2026\/06\/11\/martinez-almeida-uno-de-los-motores-de-la-sociedad-es-la-ia-pero-la-verdadera-transformacion-surge-de-las-personas\/"},"modified":"2026-06-11T17:53:10","modified_gmt":"2026-06-11T16:53:10","slug":"martinez-almeida-uno-de-los-motores-de-la-sociedad-es-la-ia-pero-la-verdadera-transformacion-surge-de-las-personas","status":"publish","type":"post","link":"https:\/\/iberopress.es\/index.php\/2026\/06\/11\/martinez-almeida-uno-de-los-motores-de-la-sociedad-es-la-ia-pero-la-verdadera-transformacion-surge-de-las-personas\/","title":{"rendered":"Mart\u00ednez-Almeida: &#8220;Uno de los motores de la sociedad es la IA, pero la verdadera transformaci\u00f3n surge de las personas&#8221;"},"content":{"rendered":"<p><a href=\"https:\/\/static.comunicae.com\/photos\/notas\/1272723\/J_Prez_Renovales_Grupo_Santander_J_Pujol_Lefebvre_J_L_Martnez-Almeida_alcalde_de_Madrid_J_A_Sandn_Lefebvre_y_G_Ballesteros_Prez_Santander_Espaa.JPG\" target=\"_blank\" class=\"fotonota\"> <img decoding=\"async\" src=\"https:\/\/static.comunicae.com\/photos\/notas\/1272723\/J_Prez_Renovales_Grupo_Santander_J_Pujol_Lefebvre_J_L_Martnez-Almeida_alcalde_de_Madrid_J_A_Sandn_Lefebvre_y_G_Ballesteros_Prez_Santander_Espaa.JPG\" style=\"max-width:600px\" border=\"0\" class=\"postImage\" alt=\"\" \/><\/a><\/p>\n<p>Jos\u00e9 Luis Mart\u00ednez-Almeida, alcalde de Madrid, inaugura el Congreso IA Derecho y Empresa de Lefebvre defendiendo la necesidad de afrontar esta revoluci\u00f3n tecnol\u00f3gica. En la 3\u00ba edici\u00f3n del encuentro se abordaron cuestiones como la gobernanza de la IA, el cumplimiento normativo o la transformaci\u00f3n de los departamentos jur\u00eddicos<\/p>\n<p><a href=\"https:\/\/lefebvre.es\/\" target=\"_blank\" rel=\"nofollow\"><strong>Lefebvre<\/strong><\/a>, compa\u00f1\u00eda l\u00edder en contenido jur\u00eddico y soluciones tecnol\u00f3gicas para el sector legal, ha celebrado la 3\u00aa edici\u00f3n del El <a href=\"https:\/\/congresoia.lefebvre.es\/\" rel=\"nofollow\"><strong>Congreso IA Derecho y Empresa<\/strong><\/a><strong> <\/strong>la cita de referencia para analizar el impacto real de la Inteligencia Artificial (IA) en el \u00e1mbito jur\u00eddico y empresarial.<\/p>\n<p>Bajo el lema &#8216;<strong>Del impacto a la acci\u00f3n: la nueva pr\u00e1ctica jur\u00eddica&#8217;<\/strong>, la jornada reuni\u00f3 a expertos del sector para tratar los <strong>retos <\/strong>que plantea esta transformaci\u00f3n: la <strong>gesti\u00f3n del riesgo<\/strong>, el <strong>cumplimiento normativo<\/strong>, la <strong>automatizaci\u00f3n de procesos<\/strong>, los <strong>nuevos modelos de Legal Operations<\/strong> y la <strong>evoluci\u00f3n de los perfiles profesionales en el entorno legal<\/strong>.<\/p>\n<p><strong>Juan Pujol<\/strong>, presidente de Lefebvre; <strong>Jos\u00e9 \u00c1ngel Sand\u00edn<\/strong>, CEO de Lefebvre y, <strong>Jaime P\u00e9rez Renovales<\/strong>, secretario general y del Consejo del Banco Santander fueron los encargados de dar la bienvenida al Congreso celebrado en online y presencial en Madrid. Durante su intervenci\u00f3n <strong>P\u00e9rez Renovales<\/strong>, se\u00f1al\u00f3 que &#8220;el Banco Santander lleva m\u00e1s de 20 a\u00f1os apoyando a la Administraci\u00f3n de Justicia y a los profesionales del sector ofreciendo soluciones adaptadas para impulsar su desarrollo profesional y personal.&#8221; Por su parte, <strong>Sand\u00edn<\/strong> apunt\u00f3 que en Lefebvre &#8220;hemos sido pioneros a la hora de abrir los ojos&#8221; a muchos profesionales sobre el potencial de la IA generativa. &#8220;Hoy el debate ya no es qu\u00e9 puede hacer esta tecnolog\u00eda por nosotros, sino c\u00f3mo integrarla con garant\u00edas en nuestros procesos y decisiones&#8221;.<\/p>\n<p><strong>Jos\u00e9 Luis Mart\u00ednez-Almeida<\/strong>, alcalde de Madrid, en su discurso, reflexion\u00f3 sobre el <strong>potencial transformador de la IA y defendi\u00f3 la necesidad de afrontar esta revoluci\u00f3n tecnol\u00f3gica<\/strong>, con las personas en el centro. Adem\u00e1s, destac\u00f3 la <strong>importancia de combinar innovaci\u00f3n, empresa y seguridad jur\u00eddica<\/strong> para consolidar a Madrid como un referente en la adopci\u00f3n de IA, y reivindic\u00f3 el papel de las empresas como motor de transformaci\u00f3n: &#8220;sin el mundo de la empresa Madrid no se puede entender y no puede tener futuro&#8221;.<\/p>\n<p><strong>Xavier Marcet<\/strong>, <strong>vicepresidente de Grupo Marlex y experto en innovaci\u00f3n, estrategia y management humanista<\/strong>, remarc\u00f3 el impacto de la IA en los modelos de liderazgo y gesti\u00f3n empresarial. Para <strong>Marcet<\/strong>, &#8220;la verdadera estrategia son las personas. El producto tiene que estar bien, pero el impacto que consigues est\u00e1 en el know who, en qui\u00e9n hace las cosas&#8221;.<\/p>\n<p><strong>Gobernanza, control y seguridad jur\u00eddica de la IA<\/strong><br \/>\nDurante el primer bloque del Congreso, <strong>Rodrigo Gonz\u00e1lez<\/strong>, socio de Deloitte Legal; <strong>Est\u00edbaliz Medina<\/strong>, responsable de Legal Tech &amp; Ops and Corporate JVs de Moeve y, <strong>J. Heraclio Pe\u00f1a P\u00e9rez<\/strong>, director de Asesor\u00eda Jur\u00eddica de Banco Santander, exploraron cuestiones relacionadas con el cumplimiento normativo, la protecci\u00f3n de datos, la responsabilidad derivada de decisiones automatizadas o la trazabilidad de los resultados generados por sistemas de IA. <strong>G\u00f3nzalez<\/strong> reconoce que los proyectos de gobernanza de IA son cada vez m\u00e1s complejos &#8220;porque la regulaci\u00f3n sigue evolucionando y muchos conceptos requieren interpretaci\u00f3n pr\u00e1ctica&#8221;.<\/p>\n<p>Posteriormente, <strong>Jos\u00e9 \u00c1ngel Sand\u00edn<\/strong>; <strong>Francisca Hern\u00e1dez Amezcua<\/strong>, Public Law &amp; Litigation de Masorange; y <strong>Gonzalo F. G\u00e1llego<\/strong>, socio y responsable del \u00c1rea de Protecci\u00f3n de Datos, IA y Derecho Digital de Hogan Lovells, debatieron sobre la integraci\u00f3n de la IA jur\u00eddica especializada en los despachos para minimizar riesgos y mejorar la fiabilidad de los resultados generados por esta herramienta. Adem\u00e1s, durante la sesi\u00f3n <strong>Sand\u00edn<\/strong> present\u00f3 las tres novedades de <a href=\"https:\/\/lefebvre.es\/genia-l\/\" rel=\"nofollow\"><strong>GenIA-L<\/strong><\/a>: el Agente Memento, el Razonamiento Lefebvre y el lanzamiento de la app m\u00f3vil. &#8220;Estas novedades solo tienen utilidad si se ponen al servicio de los profesionales, para que puedan ser m\u00e1s eficientes y tomar las decisiones acertadas&#8221;.<\/p>\n<p><strong>Legal Ops y agentes de IA<br \/>\nMar\u00eda de la O Mart\u00ednez<\/strong>, directora de Estrategia e Innovaci\u00f3n de Lefebvre; <strong>Laura Paz<\/strong>, directora de Legal Operations de BDO Abogados; <strong>\u00d3scar Peco<\/strong>, responsable de la Unidad de Comunicaciones Judiciales y Administrativas de Santander Espa\u00f1a, y <strong>Roc\u00edo Catal\u00e1<\/strong>, Head of Legal Operations de ECIJA, evaluaron en el segundo bloque c\u00f3mo la IA y la automatizaci\u00f3n est\u00e1n impulsando nuevos modelos de colaboraci\u00f3n y transformaci\u00f3n cultural dentro de los departamentos jur\u00eddicos. <strong>Mart\u00ednez<\/strong>, subray\u00f3 que &#8220;la funci\u00f3n legal es cada d\u00eda m\u00e1s compleja. Por eso es importante entender c\u00f3mo las Legal Ops ayudan a que todo funcione correctamente: conocimiento jur\u00eddico, tecnolog\u00eda, procesos, datos, IA y criterio profesional&#8221;.<\/p>\n<p>La sesi\u00f3n matinal concluir\u00e1 con la intervenci\u00f3n de <strong>Noem\u00ed Brito<\/strong>, socia responsable del \u00e1rea de Nuevas Tecnolog\u00edas de KPMG Abogados, y <strong>Guillermo Zulueta<\/strong>, director de la Asesor\u00eda Jur\u00eddica de Bimba y Lola, que valorar\u00e1n el impacto de los agentes de IA en las organizaciones y reflexionar\u00e1n sobre c\u00f3mo los sistemas aut\u00f3nomos est\u00e1n transformando la estructura de los departamentos jur\u00eddicos.<\/p>\n<p><strong>Casos de uso y automatizaci\u00f3n <\/strong><br \/>\nLa novedad de este a\u00f1o es la celebraci\u00f3n de cuatro<strong> talleres pr\u00e1cticos<\/strong> orientados a aterrizar el uso real de la IA en despachos y organizaciones. Entre los focos principales destacan: la IA aplicada y los casos de uso; los ecosistemas necesarios para que pymes y despachos puedan aplicar correctamente estas herramientas tecnol\u00f3gicas; vibecoding y automatizaci\u00f3n, y el impacto de la IA en el talento junior y las nuevas competencias que demandar\u00e1 el sector jur\u00eddico en este sentido.<\/p>\n<p>El <strong>Congreso IA Derecho y Empresa<\/strong><strong> <\/strong>cuenta con la colaboraci\u00f3n de <strong>Banco Santander<\/strong>, <strong>Deloitte Legal<\/strong>, <strong>KPMG Abogados <\/strong>y <strong>ETL Global. <\/strong><\/p>\n","protected":false},"excerpt":{"rendered":"Jos\u00e9 Luis Mart\u00ednez-Almeida, alcalde de Madrid, inaugura el Congreso IA Derecho y Empresa de Lefebvre defendiendo la necesidad&hellip;","protected":false},"author":1,"featured_media":0,"comment_status":"","ping_status":"","sticky":false,"template":"","format":"standard","meta":{"csco_display_header_overlay":false,"csco_singular_sidebar":"","csco_page_header_type":"","csco_page_load_nextpost":"","csco_post_video_location":[],"csco_post_video_location_hash":"","csco_post_video_url":"","csco_post_video_bg_start_time":0,"csco_post_video_bg_end_time":0,"footnotes":""},"categories":[47],"tags":[999,1022,996,1023,993,1005,989,990,1027,985,1025],"class_list":["post-60685","post","type-post","status-publish","format-standard","category-comunicados","tag-consumo","tag-derecho","tag-digital","tag-eventos","tag-innovacion-tecnologica","tag-inteligencia-artificial-y-robotica","tag-madrid","tag-nacional","tag-oficinas","tag-sala-de-prensa","tag-sociedad","cs-entry","cs-video-wrap"],"_links":{"self":[{"href":"https:\/\/iberopress.es\/index.php\/wp-json\/wp\/v2\/posts\/60685","targetHints":{"allow":["GET"]}}],"collection":[{"href":"https:\/\/iberopress.es\/index.php\/wp-json\/wp\/v2\/posts"}],"about":[{"href":"https:\/\/iberopress.es\/index.php\/wp-json\/wp\/v2\/types\/post"}],"author":[{"embeddable":true,"href":"https:\/\/iberopress.es\/index.php\/wp-json\/wp\/v2\/users\/1"}],"replies":[{"embeddable":true,"href":"https:\/\/iberopress.es\/index.php\/wp-json\/wp\/v2\/comments?post=60685"}],"version-history":[{"count":0,"href":"https:\/\/iberopress.es\/index.php\/wp-json\/wp\/v2\/posts\/60685\/revisions"}],"wp:attachment":[{"href":"https:\/\/iberopress.es\/index.php\/wp-json\/wp\/v2\/media?parent=60685"}],"wp:term":[{"taxonomy":"category","embeddable":true,"href":"https:\/\/iberopress.es\/index.php\/wp-json\/wp\/v2\/categories?post=60685"},{"taxonomy":"post_tag","embeddable":true,"href":"https:\/\/iberopress.es\/index.php\/wp-json\/wp\/v2\/tags?post=60685"}],"curies":[{"name":"wp","href":"https:\/\/api.w.org\/{rel}","templated":true}]}}