{"id":60656,"date":"2026-06-10T17:23:22","date_gmt":"2026-06-10T16:23:22","guid":{"rendered":"https:\/\/iberopress.es\/index.php\/2026\/06\/10\/contech-bizkaia-2026-concluye-que-los-datos-y-la-ia-son-la-proxima-gran-infraestructura-de-la-construccion\/"},"modified":"2026-06-10T17:23:22","modified_gmt":"2026-06-10T16:23:22","slug":"contech-bizkaia-2026-concluye-que-los-datos-y-la-ia-son-la-proxima-gran-infraestructura-de-la-construccion","status":"publish","type":"post","link":"https:\/\/iberopress.es\/index.php\/2026\/06\/10\/contech-bizkaia-2026-concluye-que-los-datos-y-la-ia-son-la-proxima-gran-infraestructura-de-la-construccion\/","title":{"rendered":"Contech Bizkaia 2026 concluye que los datos y la IA son la pr\u00f3xima gran infraestructura de la construcci\u00f3n"},"content":{"rendered":"<p><a href=\"https:\/\/static.comunicae.com\/photos\/notas\/1272646\/_DSC4164.png\" target=\"_blank\" class=\"fotonota\"> <img decoding=\"async\" src=\"https:\/\/static.comunicae.com\/photos\/notas\/1272646\/_DSC4164.png\" style=\"max-width:600px\" border=\"0\" class=\"postImage\" alt=\"\" \/><\/a><\/p>\n<p>La IV edici\u00f3n del foro, celebrada en Bilbao con cerca de 200 directivos de grandes constructoras, administraci\u00f3n p\u00fablica y empresas tecnol\u00f3gicas, se\u00f1ala que el sector ya tiene la tecnolog\u00eda que necesita \u2014 el cuello de botella es su adopci\u00f3n real en obra<\/p>\n<p>La cuarta edici\u00f3n de Contech Bizkaia, el foro de referencia en construcci\u00f3n y tecnolog\u00eda del Pa\u00eds Vasco, reuni\u00f3 el pasado 28 de mayo en el BAT B Accelerator Tower de Bilbao a cerca de 200 profesionales de alto perfil: directivos de grandes constructoras, representantes de la administraci\u00f3n p\u00fablica y agentes del ecosistema de digitalizaci\u00f3n sectorial. El encuentro, organizado por <strong>ODEI<\/strong>, <strong>BUILD:INN<\/strong> y <strong>BAT<\/strong>, consolid\u00f3 un diagn\u00f3stico claro sobre el momento que vive la industria: la tecnolog\u00eda est\u00e1 madura, los casos de uso son reales y el siguiente salto competitivo lo dar\u00e1n quienes sean capaces de integrar datos, IA y automatizaci\u00f3n en el d\u00eda a d\u00eda de sus operaciones.<\/p>\n<p><strong>La capa de datos, el nuevo campo de batalla<\/strong><br \/>\nEl eje central del debate gir\u00f3 en torno a lo que los ponentes denominaron la &#8220;nueva infraestructura invisible&#8221; del sector: la integraci\u00f3n de ERP, herramientas de gesti\u00f3n de proyecto, modelos digitales y aplicaciones de inteligencia artificial en un ecosistema conectado que d\u00e9 visibilidad real a cada obra. Los datos compartidos durante la jornada dimensionan el problema con precisi\u00f3n: en una obra media, los equipos dedican alrededor de 200 horas a tareas que no son suyas y se pierde entre el 1,2% y el 1,6% del margen en cada compra.<\/p>\n<p>&#8220;En un proyecto de 50 millones de euros, eso equivale a hasta 3 millones de euros evaporados por pura ineficiencia de proceso. Las soluciones ya existen: los casos presentados mostraron reducciones del 50% en plazos de contrataci\u00f3n y la liberaci\u00f3n del 84% del tiempo de los equipos de compras mediante automatizaci\u00f3n. La tecnolog\u00eda que mejoran este tipo de procesos son\u00a0una capa operativa que se integra con el ERP, para dotar a las constructoras de esa dimensi\u00f3n que sus herramientas actuales no tienen&#8221;, explic\u00f3 <strong>Javier Garmendia<\/strong>, CEO de ODEI, durante su intervenci\u00f3n. Conectar oficina y obra en tiempo real (partes de trabajo, control de costes y gesti\u00f3n documental) sin necesidad de que las empresas sustituyan sus sistemas existentes es uno de los retos del sector en la actualidad.<\/p>\n<p>&#8220;La advertencia compartida por m\u00faltiples voces del evento es igualmente relevante: digitalizar mal es peor que no digitalizar. Si a\u00f1ades tecnolog\u00eda a un proceso que es de por s\u00ed ineficiente, no vas a arreglar el problema, vas a generar m\u00e1s frustraci\u00f3n&#8221;, se\u00f1al\u00f3 <strong>F\u00e9lix Mart\u00ednez<\/strong>, Fundador de Kafka&#8217;s Head. El consenso apunta a que el cuello de botella no es tecnol\u00f3gico, sino cultural: empresas dispuestas a adoptar en serie.<\/p>\n<p><strong>Un sector estrat\u00e9gico que opera por debajo de su potencial<\/strong><br \/>\nLa jornada arranc\u00f3 con un diagn\u00f3stico de fondo. La construcci\u00f3n genera m\u00e1s de 5.000 millones de euros al a\u00f1o en Bizkaia y supera el 13% del PIB vasco, pero arrastra d\u00e9cadas de productividad estancada, adopci\u00f3n tecnol\u00f3gica desigual y una cultura contractual que premia el precio frente a la calidad t\u00e9cnica. &#8220;La transformaci\u00f3n real de c\u00f3mo operamos avanza m\u00e1s despacio que la propia innovaci\u00f3n. El reto no es generar m\u00e1s innovaci\u00f3n, sino conseguir que esa innovaci\u00f3n llegue realmente&#8221;, resumi\u00f3<strong> Marta Epelde<\/strong>, Directora de <strong>BUILD:INN<\/strong>.<\/p>\n<p>La industrializaci\u00f3n, otro de los grandes temas de la jornada, dej\u00f3 de ser una promesa para convertirse en un mercado real: fachadas prefabricadas, escaleras y ba\u00f1os modulares ya se imponen en proyectos no por moda, sino por reducci\u00f3n de plazos y costes. El debate no es ya si se industrializar\u00e1 la construcci\u00f3n, sino c\u00f3mo y a qu\u00e9 velocidad.<\/p>\n<p><strong>5 ideas que vertebran el sector hoy<\/strong><br \/>\nLos ponentes y mesas redondas del evento dejaron cinco conclusiones que sintetizan el momento de la industria:<\/p>\n<ol>\n<li>&#8220;La innovaci\u00f3n ya no se mide en patentes, sino en adopci\u00f3n real. Lo escaso no es la tecnolog\u00eda, sino su llegada al d\u00eda a d\u00eda de la obra&#8221;.<\/li>\n<li>&#8220;La industrializaci\u00f3n ya est\u00e1 aqu\u00ed, pero a medias. Convivir\u00e1 con la obra tradicional durante a\u00f1os; quien prepare antes f\u00e1bricas, talento y contratos capturar\u00e1 la productividad de la pr\u00f3xima d\u00e9cada&#8221;.<\/li>\n<li>&#8220;La ingenier\u00eda barata sale car\u00edsima. Mientras los pliegos premien el precio y no la calidad t\u00e9cnica temprana, las desviaciones seguir\u00e1n siendo norma&#8221;.<\/li>\n<li>&#8220;El siguiente salto competitivo est\u00e1 en la capa de datos. ERP, gesti\u00f3n de proyecto, compras y modelos digitales conectados marcar\u00e1n la diferencia&#8221;.<\/li>\n<li>&#8220;El ecosistema de innovaci\u00f3n est\u00e1 maduro y es internacional. El cuello de botella no est\u00e1 en la oferta, sino en la demanda interna del propio sector&#8221;.<\/li>\n<\/ol>\n<p><strong>Un foro ya consolidado en su 4\u00aa edici\u00f3n<\/strong><br \/>\n&#8220;Contech Bizkaia naci\u00f3 para cerrar la brecha entre la tecnolog\u00eda y la obra, y cada edici\u00f3n confirma que esa conversaci\u00f3n es necesaria y urgente. El nivel de los participantes este a\u00f1o -grandes constructoras, administraci\u00f3n y referentes tecnol\u00f3gicos bajo el mismo techo- demuestra que el sector est\u00e1 listo para dar el paso&#8221;, se\u00f1ala Javier Garmendia, CEO de ODEI.<\/p>\n<p><strong>Sobre ODEI<\/strong><br \/>\nODEI (odei.io) es la plataforma de gesti\u00f3n de obra para constructoras que conecta oficina y campo en tiempo real. Permite controlar costes reales frente a presupuesto, digitalizar partes de trabajo desde m\u00f3vil, gestionar subcontratas y centralizar la documentaci\u00f3n de obra sin sustituir el ERP corporativo. Con m\u00e1s de 50 constructoras clientes en Espa\u00f1a, <strong>ODEI<\/strong> opera desde el Pa\u00eds Vasco con foco en el mercado nacional.<\/p>\n<p><strong>Sobre BUILD:INN<\/strong><br \/>\nBuild:Inn es el cl\u00faster vasco de la construcci\u00f3n, que agrupa y representa a las empresas del sector en Euskadi, impulsando la innovaci\u00f3n, la digitalizaci\u00f3n y la competitividad del tejido empresarial constructor.<\/p>\n<p><strong>Sobre BAT (B Accelerator Tower)<\/strong><br \/>\nBAT es el hub de aceleraci\u00f3n e innovaci\u00f3n de Bilbao, promovido por la Diputaci\u00f3n Foral de Bizkaia, que re\u00fane bajo un mismo techo a cientos de organizaciones del ecosistema empresarial e innovador del Pa\u00eds Vasco.<\/p>\n","protected":false},"excerpt":{"rendered":"La IV edici\u00f3n del foro, celebrada en Bilbao con cerca de 200 directivos de grandes constructoras, administraci\u00f3n p\u00fablica&hellip;","protected":false},"author":1,"featured_media":60657,"comment_status":"","ping_status":"","sticky":false,"template":"","format":"standard","meta":{"csco_display_header_overlay":false,"csco_singular_sidebar":"","csco_page_header_type":"","csco_page_load_nextpost":"","csco_post_video_location":[],"csco_post_video_location_hash":"","csco_post_video_url":"","csco_post_video_bg_start_time":0,"csco_post_video_bg_end_time":0,"footnotes":""},"categories":[47],"tags":[1038,992,993,1005,990,1036,985],"class_list":["post-60656","post","type-post","status-publish","format-standard","has-post-thumbnail","category-comunicados","tag-arquitectura","tag-construccion-y-materiales","tag-innovacion-tecnologica","tag-inteligencia-artificial-y-robotica","tag-nacional","tag-pais-vasco","tag-sala-de-prensa","cs-entry","cs-video-wrap"],"_links":{"self":[{"href":"https:\/\/iberopress.es\/index.php\/wp-json\/wp\/v2\/posts\/60656","targetHints":{"allow":["GET"]}}],"collection":[{"href":"https:\/\/iberopress.es\/index.php\/wp-json\/wp\/v2\/posts"}],"about":[{"href":"https:\/\/iberopress.es\/index.php\/wp-json\/wp\/v2\/types\/post"}],"author":[{"embeddable":true,"href":"https:\/\/iberopress.es\/index.php\/wp-json\/wp\/v2\/users\/1"}],"replies":[{"embeddable":true,"href":"https:\/\/iberopress.es\/index.php\/wp-json\/wp\/v2\/comments?post=60656"}],"version-history":[{"count":0,"href":"https:\/\/iberopress.es\/index.php\/wp-json\/wp\/v2\/posts\/60656\/revisions"}],"wp:featuredmedia":[{"embeddable":true,"href":"https:\/\/iberopress.es\/index.php\/wp-json\/wp\/v2\/media\/60657"}],"wp:attachment":[{"href":"https:\/\/iberopress.es\/index.php\/wp-json\/wp\/v2\/media?parent=60656"}],"wp:term":[{"taxonomy":"category","embeddable":true,"href":"https:\/\/iberopress.es\/index.php\/wp-json\/wp\/v2\/categories?post=60656"},{"taxonomy":"post_tag","embeddable":true,"href":"https:\/\/iberopress.es\/index.php\/wp-json\/wp\/v2\/tags?post=60656"}],"curies":[{"name":"wp","href":"https:\/\/api.w.org\/{rel}","templated":true}]}}