{"id":60414,"date":"2026-05-29T18:56:08","date_gmt":"2026-05-29T17:56:08","guid":{"rendered":"https:\/\/iberopress.es\/index.php\/2026\/05\/29\/la-fundacion-mas-senior-lanza-miia-la-primera-ia-pensada-especificamente-para-personas-mayores\/"},"modified":"2026-05-29T18:56:08","modified_gmt":"2026-05-29T17:56:08","slug":"la-fundacion-mas-senior-lanza-miia-la-primera-ia-pensada-especificamente-para-personas-mayores","status":"publish","type":"post","link":"https:\/\/iberopress.es\/index.php\/2026\/05\/29\/la-fundacion-mas-senior-lanza-miia-la-primera-ia-pensada-especificamente-para-personas-mayores\/","title":{"rendered":"La Fundaci\u00f3n M\u00e1s S\u00e9nior lanza MiiA, la primera IA pensada espec\u00edficamente para personas mayores"},"content":{"rendered":"<p class=\"wp-block-paragraph\"><strong>Madrid, 29 de mayo de 2026<\/strong>.\u2013 La Fundaci\u00f3n M\u00e1s S\u00e9nior lanza <strong>MiiA<\/strong>, la primera Inteligencia Artificial dise\u00f1ada para el p\u00fablico s\u00e9nior (mayores de 55 a\u00f1os). <strong>MiiA<\/strong> es una inteligencia artificial conversacional gratuita desarrollada por la Fundaci\u00f3n M\u00e1s S\u00e9nior, dise\u00f1ada espec\u00edficamente para el colectivo de personas mayores. Su objetivo principal es combatir la brecha digital y ofrecer compa\u00f1\u00eda, informaci\u00f3n y asistencia personalizada. Respaldada por tecnolog\u00edas de inteligencia artificial de vanguardia y las soluciones m\u00e1s innovadoras, ofrece asistencia a las personas mayores en rutinas diarias de forma intuitiva.&nbsp;<\/p>\n<p class=\"wp-block-paragraph\"><strong>Sonia Catal\u00e1n<\/strong>, directora general de la Fundaci\u00f3n M\u00e1s S\u00e9nior, subraya que \u201cen la Fundaci\u00f3n M\u00e1s S\u00e9nior creemos que la inteligencia artificial debe estar al servicio de las personas. Con MiiA damos un paso hist\u00f3rico para acercar una tecnolog\u00eda transformadora a quienes muchas veces han quedado fuera de la revoluci\u00f3n digital. Queremos que las personas mayores sientan que la IA tambi\u00e9n est\u00e1 pensada para ellas: que les ayuda, les acompa\u00f1a y les hace la vida m\u00e1s sencilla\u201d.<\/p>\n<p class=\"wp-block-paragraph\"><strong>\u00bfQu\u00e9 ofrece MiiA?<\/strong><\/p>\n<ul class=\"wp-block-list\">\n<li>Asistencia 24\/7: Resuelve dudas de forma precisa y acompa\u00f1a a los usuarios todos los d\u00edas del a\u00f1o.<\/li>\n<li>Bases de conocimiento especializadas: Est\u00e1 entrenada para responder preguntas sobre temas de inter\u00e9s para los s\u00e9nior, como pensiones, salud, viajes, ocio o tecnolog\u00eda.<\/li>\n<li>Combate la soledad: Es capaz de mantener conversaciones fluidas para hacer compa\u00f1\u00eda.<\/li>\n<li>Privacidad y sencillez: No requiere descargas de aplicaciones ni registros complejos.<\/li>\n<\/ul>\n<p class=\"wp-block-paragraph\">La directora general de la fundaci\u00f3n considera que \u201cMiiA representa una nueva forma de entender la innovaci\u00f3n: una tecnolog\u00eda desarrollada desde la empat\u00eda y pensada para mejorar la calidad de vida de las personas mayores. No se trata solo de inteligencia artificial, sino de inteligencia social al servicio de quienes m\u00e1s necesitan sentirse acompa\u00f1ados, escuchados y conectados.\u201d<\/p>\n<p class=\"wp-block-paragraph\">Sonia Catal\u00e1n recalca que las personas mayores no pueden quedarse al margen de la transformaci\u00f3n tecnol\u00f3gica que vive nuestra sociedad y que con MiiA \u201cqueremos demostrar que la innovaci\u00f3n tambi\u00e9n puede ser inclusiva, accesible y humana. Nuestro objetivo es que cualquier s\u00e9nior, independientemente de su nivel digital, pueda beneficiarse de las oportunidades que ofrece la inteligencia artificial\u201d.<\/p>\n<p class=\"wp-block-paragraph\"><strong>Sobre la Fundaci\u00f3n M\u00e1s S\u00e9nior<\/strong><\/p>\n<p class=\"wp-block-paragraph\">La Fundaci\u00f3n M\u00e1s S\u00e9nior es una entidad sin \u00e1nimo de lucro que trabaja para mejorar la calidad de vida de las personas s\u00e9nior y participaci\u00f3n activa en la sociedad. A trav\u00e9s de programas, iniciativas de concienciaci\u00f3n y proyectos intergeneracionales, la Fundaci\u00f3n impulsa un modelo de longevidad saludable, activa, inclusiva y positiva.<\/p>\n<p class=\"wp-block-paragraph\">La Fundaci\u00f3n M\u00e1s S\u00e9nior defiende un modelo de sociedad en el que la experiencia y el conocimiento de las personas mayores se reconozcan como un activo clave, promoviendo su contribuci\u00f3n al desarrollo econ\u00f3mico y social.<\/p>\n<figure class=\"wp-block-embed\">\n<div class=\"wp-block-embed__wrapper\">\nhttps:\/\/fundacionmassenior.org\/miia\n<\/div>\n<\/figure>\n<p class=\"wp-block-paragraph\">\n","protected":false},"excerpt":{"rendered":"Madrid, 29 de mayo de 2026.\u2013 La Fundaci\u00f3n M\u00e1s S\u00e9nior lanza MiiA, la primera Inteligencia Artificial dise\u00f1ada para&hellip;","protected":false},"author":1,"featured_media":60415,"comment_status":"","ping_status":"","sticky":false,"template":"","format":"standard","meta":{"csco_display_header_overlay":false,"csco_singular_sidebar":"","csco_page_header_type":"","csco_page_load_nextpost":"","csco_post_video_location":[],"csco_post_video_location_hash":"","csco_post_video_url":"","csco_post_video_bg_start_time":0,"csco_post_video_bg_end_time":0,"footnotes":""},"categories":[47],"tags":[984,985],"class_list":["post-60414","post","type-post","status-publish","format-standard","has-post-thumbnail","category-comunicados","tag-lo-ultimo","tag-sala-de-prensa","cs-entry","cs-video-wrap"],"_links":{"self":[{"href":"https:\/\/iberopress.es\/index.php\/wp-json\/wp\/v2\/posts\/60414","targetHints":{"allow":["GET"]}}],"collection":[{"href":"https:\/\/iberopress.es\/index.php\/wp-json\/wp\/v2\/posts"}],"about":[{"href":"https:\/\/iberopress.es\/index.php\/wp-json\/wp\/v2\/types\/post"}],"author":[{"embeddable":true,"href":"https:\/\/iberopress.es\/index.php\/wp-json\/wp\/v2\/users\/1"}],"replies":[{"embeddable":true,"href":"https:\/\/iberopress.es\/index.php\/wp-json\/wp\/v2\/comments?post=60414"}],"version-history":[{"count":0,"href":"https:\/\/iberopress.es\/index.php\/wp-json\/wp\/v2\/posts\/60414\/revisions"}],"wp:featuredmedia":[{"embeddable":true,"href":"https:\/\/iberopress.es\/index.php\/wp-json\/wp\/v2\/media\/60415"}],"wp:attachment":[{"href":"https:\/\/iberopress.es\/index.php\/wp-json\/wp\/v2\/media?parent=60414"}],"wp:term":[{"taxonomy":"category","embeddable":true,"href":"https:\/\/iberopress.es\/index.php\/wp-json\/wp\/v2\/categories?post=60414"},{"taxonomy":"post_tag","embeddable":true,"href":"https:\/\/iberopress.es\/index.php\/wp-json\/wp\/v2\/tags?post=60414"}],"curies":[{"name":"wp","href":"https:\/\/api.w.org\/{rel}","templated":true}]}}