{"id":60275,"date":"2026-05-22T09:00:11","date_gmt":"2026-05-22T08:00:11","guid":{"rendered":"https:\/\/iberopress.es\/index.php\/2026\/05\/22\/la-camara-de-comercio-de-ciudad-real-impulsa-la-reinvencion-laboral-de-los-mayores-de-45-anos-con-una-jornada-inspiradora-junto-a-tete-delgado-y-65ymas\/"},"modified":"2026-05-22T09:00:11","modified_gmt":"2026-05-22T08:00:11","slug":"la-camara-de-comercio-de-ciudad-real-impulsa-la-reinvencion-laboral-de-los-mayores-de-45-anos-con-una-jornada-inspiradora-junto-a-tete-delgado-y-65ymas","status":"publish","type":"post","link":"https:\/\/iberopress.es\/index.php\/2026\/05\/22\/la-camara-de-comercio-de-ciudad-real-impulsa-la-reinvencion-laboral-de-los-mayores-de-45-anos-con-una-jornada-inspiradora-junto-a-tete-delgado-y-65ymas\/","title":{"rendered":"La C\u00e1mara de Comercio de Ciudad Real impulsa la reinvenci\u00f3n laboral de los mayores de 45 a\u00f1os con una jornada inspiradora junto a Tet\u00e9 Delgado y 65YM\u00c1S"},"content":{"rendered":"<p class=\"wp-block-paragraph\"><strong>Ciudad Real, 21 de mayo de 2026. <\/strong>La C\u00e1mara de Comercio de Ciudad Real ha celebrado este jueves 21 de mayo la jornada \u2018El poder de reinventarse\u2019, un proyecto de C\u00e1mara de Comercio de Espa\u00f1a, con la cofinanciaci\u00f3n del Fondo Social Europeo Plus y el Servicio P\u00fablico de Empleo Estatal (SEPE), en colaboraci\u00f3n con 65YM\u00c1S.<\/p>\n<p class=\"wp-block-paragraph\">El evento, al que han asistido m\u00e1s de 100 personas, ha sido presentado por Pepa Montero, periodista de Econom\u00eda de 65YM\u00c1S, y ha contado con la participaci\u00f3n de <strong>Luis Enrique Rodr\u00edguez<\/strong>, director de la C\u00e1mara de Comercio de Ciudad Real; la directora provincial del SEPE en Ciudad Real,<strong> Esperanza de la Torre;<\/strong> la actriz <strong>Tet\u00e9 Delgado<\/strong>; <strong>Gema S\u00e1nchez Migall\u00f3n<\/strong>, participante del Programa Talento 45+; y Yolanda Mas, directora del Departamento de Formaci\u00f3n de la C\u00e1mara.<\/p>\n<p class=\"wp-block-paragraph\"><strong>Luis Enrique Rodr\u00edguez<\/strong>, director de la C\u00e1mara de Comercio de Ciudad Real, ha inaugurado el acto destacando la importancia de seguir apostando por iniciativas que impulsen la empleabilidad de las personas mayores de 45 a\u00f1os, poniendo en valor su experiencia, talento y capacidad de adaptaci\u00f3n. Asimismo, ha subrayado el compromiso de la C\u00e1mara con programas que acompa\u00f1an a las personas desempleadas en sus procesos de reciclaje profesional y reinvenci\u00f3n laboral, como Talento 45+.<\/p>\n<p class=\"wp-block-paragraph\">Por su parte, la directora provincial del SEPE en Ciudad Real, Esperanza de la Torre, ha participado mediante un v\u00eddeo en el que ha trasladado un mensaje de apoyo y motivaci\u00f3n a todas las personas que afrontan nuevos retos profesionales, destacando<strong> la necesidad de continuar trabajando de manera conjunta entre instituciones para favorecer nuevas oportunidades laborales.<\/strong><\/p>\n<p class=\"wp-block-paragraph\">Uno de los momentos m\u00e1s destacados de la jornada ha sido la intervenci\u00f3n de la actriz <strong>Tet\u00e9 Delgado,<\/strong> que, con su tono cercano, fresco y divertido, ha reflexionado sobre la necesidad de adaptarse a los cambios y diferenciarse en un entorno laboral en constante evoluci\u00f3n. <strong>\u201cEl mercado est\u00e1 tonto. Hay que darle un plus a la experiencia<\/strong>\u201d, ha se\u00f1alado, animando a los asistentes a convertir su trayectoria vital y profesional en una fortaleza.<\/p>\n<p class=\"wp-block-paragraph\">Durante el encuentro tambi\u00e9n ha intervenido <strong>Gema S\u00e1nchez Migall\u00f3n<\/strong>, participante del Programa Talento 45+, quien ha compartido su experiencia personal y c\u00f3mo este tipo de iniciativas le han ayudado a recuperar la confianza y abrir nuevas perspectivas laborales.<\/p>\n<p class=\"wp-block-paragraph\">La directora del Departamento de Formaci\u00f3n de la C\u00e1mara de Comercio de Ciudad Real, <strong>Yolanda Mas,<\/strong> ha sido la encargada de profundizar en los objetivos del proyecto \u2018El poder de reinventarse\u2019, ofreciendo<strong> consejos pr\u00e1cticos para afrontar cambios profesionales, potenciar habilidades y mejorar la empleabilidad en edades senior.<\/strong><\/p>\n<p class=\"wp-block-paragraph\"><strong>\u2018El poder de reinventarse\u2019<\/strong><\/p>\n<p class=\"wp-block-paragraph\">La <strong>C\u00e1mara de Comercio de Espa\u00f1a<\/strong>, con la cofinanciaci\u00f3n del Fondo Social Europeo Plus y el <strong>Servicio P\u00fablico de Empleo Estatal <\/strong>(SEPE), en colaboraci\u00f3n con<strong> 65YM\u00c1S<\/strong>, lanza el proyecto <strong><em>El poder de reinventarse,<\/em><\/strong> una campa\u00f1a de sensibilizaci\u00f3n y empoderamiento de los mayores de 45 a\u00f1os que se encuentran en situaci\u00f3n de desempleo.<\/p>\n<p class=\"wp-block-paragraph\"><em>El poder de reinventarse<\/em><strong><em> <\/em><\/strong>se enmarca dentro del<strong> Programa \u2018Talento 45+\u2019 de la C\u00e1mara de Comercio de Espa\u00f1a<\/strong>, financiado por la Uni\u00f3n Europea. Un programa que ofrece orientaci\u00f3n, intermediaci\u00f3n laboral y formaci\u00f3n para mejorar las competencias digitales y profesionales de las personas entre 45 y 60 a\u00f1os en situaci\u00f3n de desempleo o inactividad laboral.<\/p>\n<p class=\"wp-block-paragraph\">Con <em>El poder de reinventarse<\/em>, la C\u00e1mara de Comercio de Espa\u00f1a, el SEPE y 65YM\u00c1S van a realizar <strong>diferentes actos por todo el pa\u00eds<\/strong> con tres objetivos:&nbsp; empoderar a los s\u00e9nior en situaci\u00f3n de desempleo, concienciar de la importancia de la formaci\u00f3n a lo largo de toda la vida y poner en valor el talento s\u00e9nior.<\/p>\n<p class=\"wp-block-paragraph\">\n","protected":false},"excerpt":{"rendered":"Ciudad Real, 21 de mayo de 2026. La C\u00e1mara de Comercio de Ciudad Real ha celebrado este jueves&hellip;","protected":false},"author":1,"featured_media":60276,"comment_status":"","ping_status":"","sticky":false,"template":"","format":"standard","meta":{"csco_display_header_overlay":false,"csco_singular_sidebar":"","csco_page_header_type":"","csco_page_load_nextpost":"","csco_post_video_location":[],"csco_post_video_location_hash":"","csco_post_video_url":"","csco_post_video_bg_start_time":0,"csco_post_video_bg_end_time":0,"footnotes":""},"categories":[47],"tags":[984,985],"class_list":["post-60275","post","type-post","status-publish","format-standard","has-post-thumbnail","category-comunicados","tag-lo-ultimo","tag-sala-de-prensa","cs-entry","cs-video-wrap"],"_links":{"self":[{"href":"https:\/\/iberopress.es\/index.php\/wp-json\/wp\/v2\/posts\/60275","targetHints":{"allow":["GET"]}}],"collection":[{"href":"https:\/\/iberopress.es\/index.php\/wp-json\/wp\/v2\/posts"}],"about":[{"href":"https:\/\/iberopress.es\/index.php\/wp-json\/wp\/v2\/types\/post"}],"author":[{"embeddable":true,"href":"https:\/\/iberopress.es\/index.php\/wp-json\/wp\/v2\/users\/1"}],"replies":[{"embeddable":true,"href":"https:\/\/iberopress.es\/index.php\/wp-json\/wp\/v2\/comments?post=60275"}],"version-history":[{"count":0,"href":"https:\/\/iberopress.es\/index.php\/wp-json\/wp\/v2\/posts\/60275\/revisions"}],"wp:featuredmedia":[{"embeddable":true,"href":"https:\/\/iberopress.es\/index.php\/wp-json\/wp\/v2\/media\/60276"}],"wp:attachment":[{"href":"https:\/\/iberopress.es\/index.php\/wp-json\/wp\/v2\/media?parent=60275"}],"wp:term":[{"taxonomy":"category","embeddable":true,"href":"https:\/\/iberopress.es\/index.php\/wp-json\/wp\/v2\/categories?post=60275"},{"taxonomy":"post_tag","embeddable":true,"href":"https:\/\/iberopress.es\/index.php\/wp-json\/wp\/v2\/tags?post=60275"}],"curies":[{"name":"wp","href":"https:\/\/api.w.org\/{rel}","templated":true}]}}