{"id":50918,"date":"2024-01-04T17:17:08","date_gmt":"2024-01-04T17:17:08","guid":{"rendered":"https:\/\/iberopress.es\/index.php\/2024\/01\/04\/la-importancia-de-la-terapia-psicologica-por-paula-caneque\/"},"modified":"2024-01-04T17:17:08","modified_gmt":"2024-01-04T17:17:08","slug":"la-importancia-de-la-terapia-psicologica-por-paula-caneque","status":"publish","type":"post","link":"https:\/\/iberopress.es\/index.php\/2024\/01\/04\/la-importancia-de-la-terapia-psicologica-por-paula-caneque\/","title":{"rendered":"La importancia de la terapia psicol\u00f3gica por Paula Ca\u00f1eque"},"content":{"rendered":"<p>La importancia de la terapia psicol\u00f3gica por Paula Ca\u00f1eque<\/p>\n<p>Una <a href=\"https:\/\/paulacaneque-psicologa.com\/servicios\/terapia-individual\/\" rel=\"noreferrer\">psic\u00f3loga en Las Palmas<\/a> de Gran Canaria, con m\u00e1s de una d\u00e9cada de experiencia cl\u00ednica, brinda servicios terap\u00e9uticos. Titulada en psicolog\u00eda por la Universidad de La Laguna y con un M\u00e1ster en Psicolog\u00eda Cl\u00ednica y de la Salud de la Universidad Complutense de Madrid, <a href=\"https:\/\/paulacaneque-psicologa.com\/\" rel=\"noreferrer\">Paula Ca\u00f1eque<\/a> enfoca su consulta en atender a individuos de todas las edades y con distintas problem\u00e1ticas. Su objetivo principal es asistir a los pacientes en la superaci\u00f3n de sus desaf\u00edos, facilitando su proceso de transformaci\u00f3n y cambio. Ofrece un espacio de escucha activa, empat\u00eda y confianza, donde los pacientes pueden explorar sus emociones y encontrar sus propias soluciones. Como profesional cualificada, proporciona un servicio terap\u00e9utico de calidad que busca apoyar a las personas en la superaci\u00f3n de diversos problemas, fomentando as\u00ed su proceso de cambio y transformaci\u00f3n personal.<\/p>\n<h2 id=\"la-importancia-de-la-terapia-psicologica\">La importancia de la terapia psicol\u00f3gica<\/h2>\n<p>La terapia psicol\u00f3gica es un proceso de aprendizaje que ayuda a la persona a comprender las causas de su malestar, a desarrollar herramientas para su soluci\u00f3n y para afrontar el futuro de un modo aut\u00f3nomo y saludable. La terapia puede <strong>ayudar a superar una amplia variedad de problemas, como ansiedad y estr\u00e9s, depresi\u00f3n, problemas de relaci\u00f3n, autoestima o duelo<\/strong>.<\/p>\n<p>Paula Ca\u00f1eque ofrece un enfoque integrador de la terapia psicol\u00f3gica, que tiene en cuenta el contexto de la persona y sus necesidades individuales. Su trabajo se basa en la escucha activa, la empat\u00eda y la relaci\u00f3n terap\u00e9utica, siendo su objetivo crear <strong>un espacio seguro y de confianza donde la persona pueda explorar sus emociones y encontrar sus propias soluciones<\/strong>.<\/p>\n<p>Una psic\u00f3loga comprometida con su trabajo y con sus pacientes. Su pasi\u00f3n por la psicolog\u00eda la lleva a seguir form\u00e1ndose y actualiz\u00e1ndose constantemente. Adem\u00e1s, es una apasionada de la divulgaci\u00f3n de la psicolog\u00eda, por lo que participa en conferencias, escribe art\u00edculos y tiene un blog donde comparte sus conocimientos y experiencias.<\/p>\n<h2 id=\"psicologa-en-las-palmas\">Psic\u00f3loga en Las Palmas<\/h2>\n<p>Licenciada en Psicolog\u00eda por la Universidad de La Laguna y cuenta con un M\u00e1ster en Psicolog\u00eda Cl\u00ednica y de la Salud por la Universidad Complutense de Madrid, Paula Ca\u00f1eque es una psic\u00f3loga con m\u00e1s de 10 a\u00f1os de experiencia en la pr\u00e1ctica cl\u00ednica.<\/p>\n<p>Su consulta se encuentra en Las Palmas de Gran Canaria, donde atiende a personas de todas las edades y con diferentes problem\u00e1ticas. Su objetivo es ayudar a sus pacientes a superar su sufrimiento y conseguir su proceso de cambio y transformaci\u00f3n.<\/p>\n<p>Paula Ca\u00f1eque, psic\u00f3loga cualificada y comprometida, ofrece un servicio de calidad a sus pacientes. Su enfoque integrador de la terapia puede <strong>ayudar a las personas a superar una amplia gama de problemas y a conseguir su proceso de cambio y transformaci\u00f3n<\/strong>.<\/p>\n<p>La entrada <a rel=\"nofollow\" href=\"https:\/\/elnegocio.es\/la-importancia-de-la-terapia-psicologica-por-paula-caneque\/\">La importancia de la terapia psicol\u00f3gica por Paula Ca\u00f1eque<\/a> se public\u00f3 primero en <a rel=\"nofollow\" href=\"https:\/\/elnegocio.es\/\">El negocio &#8211; Gu\u00eda Informativa para Aut\u00f3nomos y Pymes<\/a>.<\/p>\n<p><!-- no image --><\/p>\n","protected":false},"excerpt":{"rendered":"La importancia de la terapia psicol\u00f3gica por Paula Ca\u00f1eque Una psic\u00f3loga en Las Palmas de Gran Canaria, con&hellip;","protected":false},"author":2,"featured_media":0,"comment_status":"closed","ping_status":"closed","sticky":false,"template":"","format":"standard","meta":{"csco_display_header_overlay":false,"csco_singular_sidebar":"","csco_page_header_type":"","csco_page_load_nextpost":"","csco_post_video_location":[],"csco_post_video_location_hash":"","csco_post_video_url":"","csco_post_video_bg_start_time":0,"csco_post_video_bg_end_time":0,"footnotes":""},"categories":[554],"tags":[114],"class_list":["post-50918","post","type-post","status-publish","format-standard","category-actualidad","tag-destacado","cs-entry","cs-video-wrap"],"_links":{"self":[{"href":"https:\/\/iberopress.es\/index.php\/wp-json\/wp\/v2\/posts\/50918","targetHints":{"allow":["GET"]}}],"collection":[{"href":"https:\/\/iberopress.es\/index.php\/wp-json\/wp\/v2\/posts"}],"about":[{"href":"https:\/\/iberopress.es\/index.php\/wp-json\/wp\/v2\/types\/post"}],"author":[{"embeddable":true,"href":"https:\/\/iberopress.es\/index.php\/wp-json\/wp\/v2\/users\/2"}],"replies":[{"embeddable":true,"href":"https:\/\/iberopress.es\/index.php\/wp-json\/wp\/v2\/comments?post=50918"}],"version-history":[{"count":0,"href":"https:\/\/iberopress.es\/index.php\/wp-json\/wp\/v2\/posts\/50918\/revisions"}],"wp:attachment":[{"href":"https:\/\/iberopress.es\/index.php\/wp-json\/wp\/v2\/media?parent=50918"}],"wp:term":[{"taxonomy":"category","embeddable":true,"href":"https:\/\/iberopress.es\/index.php\/wp-json\/wp\/v2\/categories?post=50918"},{"taxonomy":"post_tag","embeddable":true,"href":"https:\/\/iberopress.es\/index.php\/wp-json\/wp\/v2\/tags?post=50918"}],"curies":[{"name":"wp","href":"https:\/\/api.w.org\/{rel}","templated":true}]}}