{"id":50898,"date":"2024-01-04T16:17:13","date_gmt":"2024-01-04T16:17:13","guid":{"rendered":"https:\/\/iberopress.es\/index.php\/2024\/01\/04\/la-comunidad-educativa-juega-un-rol-fundamental-en-proyectos-innovadores-como-el-programa-tei\/"},"modified":"2024-01-04T16:17:13","modified_gmt":"2024-01-04T16:17:13","slug":"la-comunidad-educativa-juega-un-rol-fundamental-en-proyectos-innovadores-como-el-programa-tei","status":"publish","type":"post","link":"https:\/\/iberopress.es\/index.php\/2024\/01\/04\/la-comunidad-educativa-juega-un-rol-fundamental-en-proyectos-innovadores-como-el-programa-tei\/","title":{"rendered":"La comunidad educativa juega un rol fundamental en proyectos innovadores como el Programa TEI"},"content":{"rendered":"<p>La comunidad educativa juega un rol fundamental en proyectos innovadores como el Programa TEI<\/p>\n<p>Un estudio reciente a cargo de la Organizaci\u00f3n de las Naciones Unidas revel\u00f3 que uno de cada tres chicos sufre acoso escolar, tambi\u00e9n conocido <em>bullying<\/em>. Se trata de una realidad cada vez m\u00e1s presente en la vida de muchos ni\u00f1os, quienes generalmente empiezan a ser v\u00edctimas de este tipo de comportamientos por parte de otro compa\u00f1ero desde los primeros cursos de primaria.<\/p>\n<p>Por tal motivo, es imprescindible aplicar medidas tempranas que contribuyan a disminuir el impacto emocional y psicol\u00f3gico que genera este tipo de violencia tan com\u00fan en las escuelas. La <a href=\"https:\/\/www.programatei.com\/\" rel=\"noreferrer\">comunidad educativa<\/a> juega un rol fundamental en proyectos innovadores como el <a href=\"https:\/\/www.programatei.com\/\" rel=\"noreferrer\">Programa TEI<\/a>, el cual se basa en la tutorizaci\u00f3n de un alumno mayor sobre otros dos a\u00f1os menor y se ha convertido en el proyecto de convivencia mayor implementado en el pa\u00eds y uno de los primeros a nivel mundial.<\/p>\n<h2 id=\"un-plan-de-accion-que-si-funciona\">Un plan de acci\u00f3n que s\u00ed funciona<\/h2>\n<p>La premisa del Programa TEI es mejorar la integraci\u00f3n escolar mediante la contenci\u00f3n entre alumnos, con el fin de lograr conductas saludables dentro y fuera de las aulas para evitar el acoso en cualquiera de sus formas y detectar todo tipo de comportamientos violentos de ra\u00edz. Adem\u00e1s, est\u00e1 dise\u00f1ado para todas las etapas educativas desde Infantil, Primaria, Secundaria hasta Ciclos Formativos.<\/p>\n<p>La idea que concibi\u00f3 Andr\u00e9s Gonz\u00e1lez Bellido se comenz\u00f3 a implementar a finales del siglo XX, actualmente cuenta con el respaldo de m\u00e1s de 2.000 centros educativos y ya le cambi\u00f3 la vida a m\u00e1s de 3.000.000 de alumnos. Es el programa de mayor implementaci\u00f3n en Espa\u00f1a y uno de los primeros a nivel mundial porque presenta evidencias cient\u00edficas de sus resultados, con una reducci\u00f3n muy significativa de la violencia f\u00edsica, verbal y hasta virtual en ambos casos, es decir, en v\u00edctimas y agresores, as\u00ed como para advertir s\u00edntomas de ansiedad o depresi\u00f3n.<\/p>\n<h2 id=\"prevencion-ante-todo\">Prevenci\u00f3n ante todo<\/h2>\n<p>El \u00e9xito de este programa depende sobre todo de la comuni\u00f3n y el apoyo de toda la comunidad educativa en general. Alumnos, familiares y docentes deben trabajar en conjunto tanto para guiar a los tutores como para acompa\u00f1ar a los m\u00e1s peque\u00f1os. Adem\u00e1s, cada proyecto tambi\u00e9n se realiza con la colaboraci\u00f3n del ayuntamiento local y su correspondiente departamento educativo.<\/p>\n<p>La implementaci\u00f3n del programa es progresiva. El alumno de 1\u00ba y 2\u00ba curso comienza a desarrollar competencias emocionales y valores a trav\u00e9s de actividades espec\u00edficas. Posteriormente, el de 3\u00ba grado es tutorizado por estudiantes de 5\u00ba y as\u00ed se mantiene el a\u00f1o siguiente, donde el alumno de 4\u00ba recibe la asistencia del estudiante de 6\u00ba. El proceso se repite en Secundaria y Ciclos Formativos.<\/p>\n<p>Claro que en realidad la clave del Programa TEI radica en el apoyo de toda la comunidad educativa en general, no solo de alumnos y maestros sino tambi\u00e9n del personal no docente, familiares y amigos. Es la \u00fanica manera de generar un ambiente sano y libre de violencia.\u00a0<\/p>\n<p>La entrada <a rel=\"nofollow\" href=\"https:\/\/elnegocio.es\/la-comunidad-educativa-juega-un-rol-fundamental-en-proyectos-innovadores-como-el-programa-tei\/\">La comunidad educativa juega un rol fundamental en proyectos innovadores como el Programa TEI<\/a> se public\u00f3 primero en <a rel=\"nofollow\" href=\"https:\/\/elnegocio.es\/\">El negocio &#8211; Gu\u00eda Informativa para Aut\u00f3nomos y Pymes<\/a>.<\/p>\n<p><!-- no image --><\/p>\n","protected":false},"excerpt":{"rendered":"La comunidad educativa juega un rol fundamental en proyectos innovadores como el Programa TEI Un estudio reciente a&hellip;","protected":false},"author":2,"featured_media":0,"comment_status":"closed","ping_status":"closed","sticky":false,"template":"","format":"standard","meta":{"csco_display_header_overlay":false,"csco_singular_sidebar":"","csco_page_header_type":"","csco_page_load_nextpost":"","csco_post_video_location":[],"csco_post_video_location_hash":"","csco_post_video_url":"","csco_post_video_bg_start_time":0,"csco_post_video_bg_end_time":0,"footnotes":""},"categories":[554],"tags":[114],"class_list":["post-50898","post","type-post","status-publish","format-standard","category-actualidad","tag-destacado","cs-entry","cs-video-wrap"],"_links":{"self":[{"href":"https:\/\/iberopress.es\/index.php\/wp-json\/wp\/v2\/posts\/50898","targetHints":{"allow":["GET"]}}],"collection":[{"href":"https:\/\/iberopress.es\/index.php\/wp-json\/wp\/v2\/posts"}],"about":[{"href":"https:\/\/iberopress.es\/index.php\/wp-json\/wp\/v2\/types\/post"}],"author":[{"embeddable":true,"href":"https:\/\/iberopress.es\/index.php\/wp-json\/wp\/v2\/users\/2"}],"replies":[{"embeddable":true,"href":"https:\/\/iberopress.es\/index.php\/wp-json\/wp\/v2\/comments?post=50898"}],"version-history":[{"count":0,"href":"https:\/\/iberopress.es\/index.php\/wp-json\/wp\/v2\/posts\/50898\/revisions"}],"wp:attachment":[{"href":"https:\/\/iberopress.es\/index.php\/wp-json\/wp\/v2\/media?parent=50898"}],"wp:term":[{"taxonomy":"category","embeddable":true,"href":"https:\/\/iberopress.es\/index.php\/wp-json\/wp\/v2\/categories?post=50898"},{"taxonomy":"post_tag","embeddable":true,"href":"https:\/\/iberopress.es\/index.php\/wp-json\/wp\/v2\/tags?post=50898"}],"curies":[{"name":"wp","href":"https:\/\/api.w.org\/{rel}","templated":true}]}}