{"id":50885,"date":"2024-01-04T16:16:49","date_gmt":"2024-01-04T16:16:49","guid":{"rendered":"https:\/\/iberopress.es\/index.php\/2024\/01\/04\/alquilar-casa-en-ibiza-de-la-mano-de-can-corda\/"},"modified":"2024-01-04T16:16:49","modified_gmt":"2024-01-04T16:16:49","slug":"alquilar-casa-en-ibiza-de-la-mano-de-can-corda","status":"publish","type":"post","link":"https:\/\/iberopress.es\/index.php\/2024\/01\/04\/alquilar-casa-en-ibiza-de-la-mano-de-can-corda\/","title":{"rendered":"Alquilar casa en Ibiza, de la mano de Can Corda"},"content":{"rendered":"<p>Alquilar casa en Ibiza, de la mano de Can Corda<\/p>\n<p>Las islas Baleares se encuentran entre los archipi\u00e9lagos m\u00e1s visitados de Espa\u00f1a debido a la gran variedad de paisajes naturales impactantes que ofrecen, repletas de playas v\u00edrgenes de arenas doradas. Ibiza forma parte de este archipi\u00e9lago y es popularmente conocida como la Isla Blanca por su arquitectura peculiar que, combinada con sus numerosos atractivos, atrae a miles de turistas cada a\u00f1o.<\/p>\n<p><a href=\"https:\/\/www.cancorda.com\/\" rel=\"noreferrer\">Can Corda<\/a>, firma especializada en alojamientos vacacionales en Formentera e Ibiza, ofrece a los visitantes un servicio de <a href=\"https:\/\/www.cancorda.com\/ca-na-marta-ibiza\" rel=\"noreferrer\">alquiler casa Ibiza<\/a> para que puedan disfrutar de la isla con comodidad.<\/p>\n<h2 id=\"alojamiento-exclusivo-para-pasar-las-vacaciones-en-ibiza\">Alojamiento exclusivo para pasar las vacaciones en Ibiza<\/h2>\n<p>El servicio de alquiler casa Ibiza de Can Corda incluye la vivienda <strong>Ca Na Marta<\/strong>, la cual cuenta con <strong>piscina, cuatro dormitorios dobles, sal\u00f3n con techo de sabinas, ba\u00f1o exterior, cocina y 3 ba\u00f1os interiores<\/strong>. De esta manera, familias y grupos de amigos pueden disfrutar de la isla y al mismo tiempo tomar un descanso c\u00f3modo en <strong>un espacio amplio y completamente equipado<\/strong>. De igual forma, esta vivienda cuenta con wifi, equipo de m\u00fasica, televisor pantalla plana, barbacoa y otra gran variedad de art\u00edculos exclusivos para realizar celebraciones y reuniones entretenidas.<\/p>\n<p>Es importante destacar que Ca Na Marta se encuentra ubicada a tan solo 3,3 kil\u00f3metros de la ciudad de Ibiza y a 3 kil\u00f3metros del puerto. Por lo tanto, los turistas que se alojen en esta casa con piscina tendr\u00e1n la ventaja de poder llegar a distintos puntos de la isla con facilidad y rapidez para aprovechar al m\u00e1ximo el tiempo en sus playas, localidades y paisajes.<\/p>\n<h2 id=\"alojarse-en-ibiza-con-can-corda-y-visitar-toda-la-isla\">Alojarse en Ibiza con Can Corda y visitar toda la isla<\/h2>\n<p>Ibiza tiene una gran variedad de lugares exclusivos e impactantes que sorprenden a todos los turistas que la visitan, incit\u00e1ndolos a quedarse m\u00e1s tiempo o regresar en sus pr\u00f3ximas vacaciones. Entre estos lugares se pueden mencionar sus <strong>restaurantes y chiringuitos<\/strong>, que ofrecen platos mediterr\u00e1neos preparados con ingredientes frescos. De igual manera, Ibiza es reconocida por sus <strong>eventos y fiestas en la playa<\/strong>, <strong>temperaturas regulares durante todo el a\u00f1o y actividades deportivas al aire libre<\/strong>. Cada uno de estos elementos permite a los turistas y extranjeros desconectar del estr\u00e9s de la rutina diaria para sumergirse en un mar de emociones y momentos incre\u00edbles. Ibiza tambi\u00e9n tiene a Sant Antoni, un precioso y conocido municipio de las Islas Baleares; Es Vedr\u00e0, una enigm\u00e1tica cala, y diversas cuevas antiguas que vale la pena explorar.<\/p>\n<p>Para disfrutar de todos estos lugares, Can Corda ofrece su exclusivo servicio de alquiler casa Ibiza. Sumado a esto, la compa\u00f1\u00eda tambi\u00e9n cuenta con cinco viviendas en Formentera: Casita, Piedra, Romero, Lavanda y Santolina. La casa con piscina Ca Na Marta est\u00e1 disponible para parejas, familias, empresas, grupos de amigos o cualquier persona que desee alojarse a tan solo 3 kil\u00f3metros de la ciudad de Ibiza.<\/p>\n<p>La entrada <a rel=\"nofollow\" href=\"https:\/\/elnegocio.es\/alquilar-casa-en-ibiza-de-la-mano-de-can-corda\/\">Alquilar casa en Ibiza, de la mano de Can Corda<\/a> se public\u00f3 primero en <a rel=\"nofollow\" href=\"https:\/\/elnegocio.es\/\">El negocio &#8211; Gu\u00eda Informativa para Aut\u00f3nomos y Pymes<\/a>.<\/p>\n<p><!-- no image --><\/p>\n","protected":false},"excerpt":{"rendered":"Alquilar casa en Ibiza, de la mano de Can Corda Las islas Baleares se encuentran entre los archipi\u00e9lagos&hellip;","protected":false},"author":2,"featured_media":0,"comment_status":"closed","ping_status":"closed","sticky":false,"template":"","format":"standard","meta":{"csco_display_header_overlay":false,"csco_singular_sidebar":"","csco_page_header_type":"","csco_page_load_nextpost":"","csco_post_video_location":[],"csco_post_video_location_hash":"","csco_post_video_url":"","csco_post_video_bg_start_time":0,"csco_post_video_bg_end_time":0,"footnotes":""},"categories":[554],"tags":[114],"class_list":["post-50885","post","type-post","status-publish","format-standard","category-actualidad","tag-destacado","cs-entry","cs-video-wrap"],"_links":{"self":[{"href":"https:\/\/iberopress.es\/index.php\/wp-json\/wp\/v2\/posts\/50885","targetHints":{"allow":["GET"]}}],"collection":[{"href":"https:\/\/iberopress.es\/index.php\/wp-json\/wp\/v2\/posts"}],"about":[{"href":"https:\/\/iberopress.es\/index.php\/wp-json\/wp\/v2\/types\/post"}],"author":[{"embeddable":true,"href":"https:\/\/iberopress.es\/index.php\/wp-json\/wp\/v2\/users\/2"}],"replies":[{"embeddable":true,"href":"https:\/\/iberopress.es\/index.php\/wp-json\/wp\/v2\/comments?post=50885"}],"version-history":[{"count":0,"href":"https:\/\/iberopress.es\/index.php\/wp-json\/wp\/v2\/posts\/50885\/revisions"}],"wp:attachment":[{"href":"https:\/\/iberopress.es\/index.php\/wp-json\/wp\/v2\/media?parent=50885"}],"wp:term":[{"taxonomy":"category","embeddable":true,"href":"https:\/\/iberopress.es\/index.php\/wp-json\/wp\/v2\/categories?post=50885"},{"taxonomy":"post_tag","embeddable":true,"href":"https:\/\/iberopress.es\/index.php\/wp-json\/wp\/v2\/tags?post=50885"}],"curies":[{"name":"wp","href":"https:\/\/api.w.org\/{rel}","templated":true}]}}