{"id":50884,"date":"2024-01-04T16:16:48","date_gmt":"2024-01-04T16:16:48","guid":{"rendered":"https:\/\/iberopress.es\/index.php\/2024\/01\/04\/cuadernos-del-laberinto-y-la-fundacion-dalma-traen-la-clase-de-pintura-el-viaje-del-principito\/"},"modified":"2024-01-04T16:16:48","modified_gmt":"2024-01-04T16:16:48","slug":"cuadernos-del-laberinto-y-la-fundacion-dalma-traen-la-clase-de-pintura-el-viaje-del-principito","status":"publish","type":"post","link":"https:\/\/iberopress.es\/index.php\/2024\/01\/04\/cuadernos-del-laberinto-y-la-fundacion-dalma-traen-la-clase-de-pintura-el-viaje-del-principito\/","title":{"rendered":"Cuadernos del Laberinto y la Fundaci\u00f3n Dalma traen \u2018La clase de pintura. El viaje del Principito\u2019"},"content":{"rendered":"<p>Cuadernos del Laberinto y la Fundaci\u00f3n Dalma traen \u2018La clase de pintura. El viaje del Principito\u2019<\/p>\n<p><strong>Un libro que fusiona arte y literatura en una celebraci\u00f3n de la inclusi\u00f3n<\/strong><\/p>\n<p>La Fundaci\u00f3n Dalma, entidad que trabaja desde el 2008 para la inserci\u00f3n social, acaba de publicar el libro, <a href=\"http:\/\/www.cuadernosdelaberinto.com\/Nebulosa\/LA_CLASE_DE_PINTURA_EL_VIAJE_DEL_PRINCIPITO_FUNDACION_DALMA.html\" rel=\"noreferrer\"><em>La Clase de Pintura: El Viaje del Principito<\/em><\/a>, editado por <a href=\"http:\/\/www.cuadernosdelaberinto.com\/\" rel=\"noreferrer\">Cuadernos del Laberinto<\/a>. Esta obra es el\u00a0resultado del trabajo de sus alumnos del proyecto CONTODOARTE, donde imparten clases de arte a setenta personas con discapacidad intelectual.<\/p>\n<p>Este libro, <em>La Clase de Pintura: El Viaje del Principito<\/em>,\u00a0es un ensayo escrito e ilustrado por una profesora de dibujo y once adultos con discapacidad intelectual. Juntos han le\u00eddo, comentado e ilustrado <em>El Principito<\/em>, de Antoine de Saint-Exup\u00e9ry, con el objetivo de generar un di\u00e1logo y un debate alrededor de conceptos como la amistad, la solidaridad, la empat\u00eda, la imaginaci\u00f3n, la creatividad\u2026<\/p>\n<p>A trav\u00e9s de su lectura, los alumnos han viajado, aprendido y debatido sobre la naturaleza, las emociones y los sentimientos porque leer <em>El Principito<\/em> es siempre una oportunidad para abrirse, conocerse, mostrarse y contar la visi\u00f3n de la vida. Un viaje, una mirada abierta y curiosa, un espacio para nuevas preguntas y nuevas respuestas.<\/p>\n<p><em>La Clase de Pintura: El Viaje del Principito <\/em>es una ventana al mundo interior de estos talentosos artistas y narradores. A trav\u00e9s de las p\u00e1ginas de este libro, los lectores tendr\u00e1n la oportunidad de explorar el universo del Principito de mano de los ojos y corazones de aquellos que, a pesar de las dificultades, han encontrado una forma \u00fanica de expresarse. Estas voces especiales comparten sus interpretaciones \u00fanicas de la historia y c\u00f3mo esta obra literaria ha impactado sus vidas.<\/p>\n<p>La\u00a0escritora e ilustradora <strong>Anna Lisa Miele<\/strong>, voluntaria de Fundaci\u00f3n Dalma como profesora de bellas artes del proyecto CONTODOARTE, ha guiado a los estudiantes del grupo abierto en colaboraci\u00f3n con AFANDICE, en este viaje creativo, ha recopilado sus comentarios y creado este libro.<\/p>\n<p>El lanzamiento de este libro y el desarrollo de este proyecto ha sido posible gracias al generoso <strong>apoyo de Europamundo<\/strong>, una empresa comprometida con la responsabilidad social corporativa y la promoci\u00f3n de la inclusi\u00f3n. Adem\u00e1s, cuenta con el apoyo y orientaci\u00f3n de la<strong> Fundaci\u00f3n Saint-Exup\u00e9ry<\/strong>, una entidad dedicada a preservar el legado y la filosof\u00eda de Antoine de Saint-Exup\u00e9ry.\u00a0<\/p>\n<p><strong>Fundaci\u00f3n Dalma y otros proyectos:<\/strong> La Fundaci\u00f3n Dalma se constituye con la misi\u00f3n de apoyar a la inserci\u00f3n social en Espa\u00f1a de personas en riesgo de exclusi\u00f3n, con alta participaci\u00f3n de voluntariado y trabajando en red con otras entidades sociales.<\/p>\n<p><strong>Conturegalo:<\/strong> busca la inserci\u00f3n sociolaboral de personas en riesgo de exclusi\u00f3n, con la comercializaci\u00f3n de art\u00edculos provenientes de talleres de inserci\u00f3n de m\u00e1s de veinte entidades sociales.<\/p>\n<p><strong>Coneldeporte:<\/strong> tiene como objetivo la inserci\u00f3n social de personas con discapacidad visual y f\u00edsica al realizar el deporte del esqu\u00ed. Actualmente, cuentan con la campeona de Espa\u00f1a de esqu\u00ed adaptado en la categor\u00eda visual de los a\u00f1os 2022 y 2023.<\/p>\n<p>La entrada <a rel=\"nofollow\" href=\"https:\/\/elnegocio.es\/cuadernos-del-laberinto-y-la-fundacion-dalma-traen-la-clase-de-pintura-el-viaje-del-principito\/\">Cuadernos del Laberinto y la Fundaci\u00f3n Dalma traen \u2018La clase de pintura. El viaje del Principito\u2019<\/a> se public\u00f3 primero en <a rel=\"nofollow\" href=\"https:\/\/elnegocio.es\/\">El negocio &#8211; Gu\u00eda Informativa para Aut\u00f3nomos y Pymes<\/a>.<\/p>\n<p><!-- no image --><\/p>\n","protected":false},"excerpt":{"rendered":"Cuadernos del Laberinto y la Fundaci\u00f3n Dalma traen \u2018La clase de pintura. El viaje del Principito\u2019 Un libro&hellip;","protected":false},"author":2,"featured_media":0,"comment_status":"closed","ping_status":"closed","sticky":false,"template":"","format":"standard","meta":{"csco_display_header_overlay":false,"csco_singular_sidebar":"","csco_page_header_type":"","csco_page_load_nextpost":"","csco_post_video_location":[],"csco_post_video_location_hash":"","csco_post_video_url":"","csco_post_video_bg_start_time":0,"csco_post_video_bg_end_time":0,"footnotes":""},"categories":[554],"tags":[114],"class_list":["post-50884","post","type-post","status-publish","format-standard","category-actualidad","tag-destacado","cs-entry","cs-video-wrap"],"_links":{"self":[{"href":"https:\/\/iberopress.es\/index.php\/wp-json\/wp\/v2\/posts\/50884","targetHints":{"allow":["GET"]}}],"collection":[{"href":"https:\/\/iberopress.es\/index.php\/wp-json\/wp\/v2\/posts"}],"about":[{"href":"https:\/\/iberopress.es\/index.php\/wp-json\/wp\/v2\/types\/post"}],"author":[{"embeddable":true,"href":"https:\/\/iberopress.es\/index.php\/wp-json\/wp\/v2\/users\/2"}],"replies":[{"embeddable":true,"href":"https:\/\/iberopress.es\/index.php\/wp-json\/wp\/v2\/comments?post=50884"}],"version-history":[{"count":0,"href":"https:\/\/iberopress.es\/index.php\/wp-json\/wp\/v2\/posts\/50884\/revisions"}],"wp:attachment":[{"href":"https:\/\/iberopress.es\/index.php\/wp-json\/wp\/v2\/media?parent=50884"}],"wp:term":[{"taxonomy":"category","embeddable":true,"href":"https:\/\/iberopress.es\/index.php\/wp-json\/wp\/v2\/categories?post=50884"},{"taxonomy":"post_tag","embeddable":true,"href":"https:\/\/iberopress.es\/index.php\/wp-json\/wp\/v2\/tags?post=50884"}],"curies":[{"name":"wp","href":"https:\/\/api.w.org\/{rel}","templated":true}]}}