{"id":49756,"date":"2023-11-27T13:06:37","date_gmt":"2023-11-27T13:06:37","guid":{"rendered":"https:\/\/iberopress.es\/index.php\/2023\/11\/27\/por-que-otro-ensayo-general-de-expotour-itinerant\/"},"modified":"2023-11-27T13:06:37","modified_gmt":"2023-11-27T13:06:37","slug":"por-que-otro-ensayo-general-de-expotour-itinerant","status":"publish","type":"post","link":"https:\/\/iberopress.es\/index.php\/2023\/11\/27\/por-que-otro-ensayo-general-de-expotour-itinerant\/","title":{"rendered":"\u00bfPor qu\u00e9 otro ensayo general de EXPOTOUR ITINERANT?"},"content":{"rendered":"<p>\u00bfPor qu\u00e9 otro ensayo general de EXPOTOUR ITINERANT?<\/p>\n<p>La magnitud de este proyecto plantea muchos retos y la mejor forma de superarlos todos es poner a prueba todas las \u00e1reas que lo componen.<\/p>\n<p>Desde la \u00faltima exposici\u00f3n, se han introducido muchos cambios en los que se ha trabajado intensamente, y para que <a href=\"https:\/\/www.expotouritinerant.com\/\" rel=\"noreferrer\">EXPOTOUR ITINERANT<\/a> sea un \u00e9xito rotundo no puede haber absolutamente ning\u00fan fallo.<\/p>\n<p>Las obras expuestas, sin lugar a dudas, garantizan el valor y el \u00e9xito de este formato, pero durante este periodo de ensayo se quiere garantizar que la gran multitud de factores que lo conforman est\u00e1n a la altura.\u00a0<\/p>\n<p>Se valorar\u00e1 que la <a href=\"https:\/\/www.expotouritinerant.com\/presentacion-expotour-itinerant\/\" rel=\"noreferrer\"><strong>venta de entradas <em>online<\/em><\/strong><\/a><strong> sea intuitiva, f\u00e1cil de tramitar y pudiendo validar los descuentos <\/strong>que ser\u00e1n aplicables.<\/p>\n<p>Se estudiar\u00e1n los flujos de afluencia de p\u00fablico en las diversas zonas de la exposici\u00f3n, empezando por la taquilla, la entrada a la sala, la reproducci\u00f3n del video en la primera pantalla, la entrada y salida al espect\u00e1culo de las 7 Maravillas del Mundo Antiguo con efectos especiales, el recorrido y acumulaci\u00f3n de p\u00fablico por los 10 macro dioramas, la estimaci\u00f3n de tiempo medio en la visualizaci\u00f3n del bel\u00e9n napolitano, y finalmente, poder estudiar la capacidad de absorci\u00f3n de p\u00fablico y su tiempo de estancia media en la sala.<\/p>\n<p>Se comprobar\u00e1 el funcionamiento y opiniones del sistema de audio gu\u00edas, analizando sobre todo que sean sencillas de utilizar, especialmente para las personas mayores, pero tambi\u00e9n se analizaran y pedir\u00e1n opini\u00f3n acerca de las explicaciones y tambi\u00e9n permitir\u00e1 analizar que estas no ralenticen el flujo de visitantes en la sala.<\/p>\n<p>Se observar\u00e1 la reacci\u00f3n de los visitantes y se tendr\u00e1n muy en cuenta sus opiniones para analizar y mejorar todos los aspectos que se consideren y conseguir as\u00ed que la exposici\u00f3n sea un \u00e9xito. Para ello, se realizar\u00e1 una<strong> encuesta voluntaria al salir de la exposici\u00f3n que permitir\u00e1 obtener informaci\u00f3n muy valiosa para los organizadores.\u00a0<\/strong><\/p>\n<p>Se medir\u00e1n los resultados de los diferentes tipos de publicitaci\u00f3n de la exposici\u00f3n realizados, para as\u00ed, dedicar m\u00e1s recursos en un tipo de publicidad o en otro seg\u00fan los resultados obtenidos, y as\u00ed realizar publicidades efectivas en las futuras ciudades que alberguen la exposici\u00f3n.<\/p>\n<p>Este ensayo tambi\u00e9n permitir\u00e1 calcular con mayor exactitud todos los tiempos de montaje y desmontaje de la sala completa, colocaci\u00f3n de las obras, puesta en marcha del espect\u00e1culo de las 7 Maravillas del Mundo Antiguo con efectos especiales, sonorizaci\u00f3n e iluminaci\u00f3n de espacios, etc.<\/p>\n<p>Todo esto garantizar\u00e1 que la<strong> inauguraci\u00f3n oficial prevista para junio de 2024 sea la culminaci\u00f3n perfecta de este proyecto iniciado 5 a\u00f1os atr\u00e1s.<\/strong><\/p>\n<p>La empresa organizadora abrir\u00e1 las puertas al p\u00fablico este 2 de diciembre en la sala de convenciones ESPAI 7 de Mora la Nova (Tarragona), y las mantendr\u00e1 abiertas desde el 2 de diciembre de 2023 hasta el 14 de enero del 2024. Posteriormente, la empresa Majestic Landscapes, S.L.(empresa que gestiona la marca EXPOTOUR ITINERANT ), ha decidido seguir manteniendo la exposici\u00f3n montada hasta junio de 2024, teni\u00e9ndola como un <em>showroom<\/em> para que pueda ser valorada en primera persona por las entidades contratantes que pretendan entrar en el concurso de adjudicaci\u00f3n para acoger esta magnifica exposici\u00f3n itinerante.<\/p>\n<p>La entrada <a rel=\"nofollow\" href=\"https:\/\/elnegocio.es\/por-que-otro-ensayo-general-de-expotour-itinerant\/\">\u00bfPor qu\u00e9 otro ensayo general de EXPOTOUR ITINERANT?<\/a> se public\u00f3 primero en <a rel=\"nofollow\" href=\"https:\/\/elnegocio.es\/\">El negocio &#8211; Gu\u00eda Informativa para Aut\u00f3nomos y Pymes<\/a>.<\/p>\n<p><!-- no image --><\/p>\n","protected":false},"excerpt":{"rendered":"\u00bfPor qu\u00e9 otro ensayo general de EXPOTOUR ITINERANT? La magnitud de este proyecto plantea muchos retos y la&hellip;","protected":false},"author":2,"featured_media":0,"comment_status":"closed","ping_status":"closed","sticky":false,"template":"","format":"standard","meta":{"csco_display_header_overlay":false,"csco_singular_sidebar":"","csco_page_header_type":"","csco_page_load_nextpost":"","csco_post_video_location":[],"csco_post_video_location_hash":"","csco_post_video_url":"","csco_post_video_bg_start_time":0,"csco_post_video_bg_end_time":0,"footnotes":""},"categories":[554],"tags":[114],"class_list":["post-49756","post","type-post","status-publish","format-standard","category-actualidad","tag-destacado","cs-entry","cs-video-wrap"],"_links":{"self":[{"href":"https:\/\/iberopress.es\/index.php\/wp-json\/wp\/v2\/posts\/49756","targetHints":{"allow":["GET"]}}],"collection":[{"href":"https:\/\/iberopress.es\/index.php\/wp-json\/wp\/v2\/posts"}],"about":[{"href":"https:\/\/iberopress.es\/index.php\/wp-json\/wp\/v2\/types\/post"}],"author":[{"embeddable":true,"href":"https:\/\/iberopress.es\/index.php\/wp-json\/wp\/v2\/users\/2"}],"replies":[{"embeddable":true,"href":"https:\/\/iberopress.es\/index.php\/wp-json\/wp\/v2\/comments?post=49756"}],"version-history":[{"count":0,"href":"https:\/\/iberopress.es\/index.php\/wp-json\/wp\/v2\/posts\/49756\/revisions"}],"wp:attachment":[{"href":"https:\/\/iberopress.es\/index.php\/wp-json\/wp\/v2\/media?parent=49756"}],"wp:term":[{"taxonomy":"category","embeddable":true,"href":"https:\/\/iberopress.es\/index.php\/wp-json\/wp\/v2\/categories?post=49756"},{"taxonomy":"post_tag","embeddable":true,"href":"https:\/\/iberopress.es\/index.php\/wp-json\/wp\/v2\/tags?post=49756"}],"curies":[{"name":"wp","href":"https:\/\/api.w.org\/{rel}","templated":true}]}}