{"id":49751,"date":"2023-11-27T11:01:39","date_gmt":"2023-11-27T11:01:39","guid":{"rendered":"https:\/\/iberopress.es\/index.php\/2023\/11\/27\/solidaridad-entrevista-a-guillermo-egido-conde-fundador-y-presidente-de-la-fundacion-disgrup\/"},"modified":"2023-11-27T11:01:39","modified_gmt":"2023-11-27T11:01:39","slug":"solidaridad-entrevista-a-guillermo-egido-conde-fundador-y-presidente-de-la-fundacion-disgrup","status":"publish","type":"post","link":"https:\/\/iberopress.es\/index.php\/2023\/11\/27\/solidaridad-entrevista-a-guillermo-egido-conde-fundador-y-presidente-de-la-fundacion-disgrup\/","title":{"rendered":"Solidaridad; entrevista a Guillermo Egido Conde, fundador y presidente de la Fundaci\u00f3n Disgrup"},"content":{"rendered":"<p>Solidaridad; entrevista a Guillermo Egido Conde, fundador y presidente de la Fundaci\u00f3n Disgrup<\/p>\n<p>Hoy en d\u00eda, los programas dise\u00f1ados para <strong>mejorar la calidad de vida de las personas con discapacidad<\/strong> han tomado especial relevancia, por el que cada vez m\u00e1s personas y organizaciones contribuyen con ellos.<\/p>\n<p>La <a href=\"https:\/\/disgrup.org\/\" rel=\"noreferrer\">Fundaci\u00f3n Disgrup<\/a> propone<strong> iniciativas para lograr un cambio trascendental en la vida de las personas con discapacidad<\/strong>, a trav\u00e9s de diferentes acciones enfocadas en la asistencia y la concienciaci\u00f3n. Guillermo Egido Conde, fundador de la <a href=\"https:\/\/disgrup.org\/\" rel=\"noreferrer\">fundaci\u00f3n<\/a>, detalla las actividades que llevan a cabo y se\u00f1ala la importancia del apoyo que brindan otras personas e instituciones comprometidas con esta causa.<\/p>\n<p><strong>\u00bfCu\u00e1l fue el principal motivo para la creaci\u00f3n de la Fundaci\u00f3n Disgrup?<\/strong><\/p>\n<p>En 2005 sufr\u00ed un cavernoma cerebral y siete derrames. Al sufrir una discapacidad en tu propia carne y estar ingresado m\u00e1s de un a\u00f1o en el hospital, te da tiempo a pensar muchas cosas y entre ellas \u00abque las personas con discapacidad no tienen los servicios y las prestaciones que deber\u00edan tener\u00bb.<\/p>\n<p><strong>\u00bfQu\u00e9 actividades se llevan a cabo dentro de la fundaci\u00f3n para ayudar a las personas con discapacidad?<\/strong><\/p>\n<p>La fundaci\u00f3n brinda ayudas personalizadas a cada una de las personas con discapacidad que lo solicitan, siempre que la fundaci\u00f3n est\u00e9 en predisposici\u00f3n de hacer efectiva esta, ya que cada persona necesita una ayuda diferente. Tambi\u00e9n, hacemos acciones gen\u00e9ricas y actos solidarios, como comidas con personas con discapacidad, viajes, ferias, carreras solidarias\u2026<\/p>\n<p><strong>\u00bfEn qu\u00e9 consisten las charlas de concienciaci\u00f3n que brinda la fundaci\u00f3n?<\/strong><\/p>\n<p>Estas charlas van principalmente dirigidas a j\u00f3venes y ni\u00f1os y lo que se intenta hacer es que desde peque\u00f1os vean a las personas con discapacidad no como bichos raros, sino como personas que forman parte de la sociedad y se cuente con ellos para las diferentes actividades de la vida cotidiana.<\/p>\n<p><strong>\u00bfC\u00f3mo logran financiar los servicios a los que acceden las personas con discapacidad?<\/strong><\/p>\n<p>Nos financiamos a trav\u00e9s de empresas y personas privadas, mediante donaciones privadas. Adem\u00e1s, hacemos estrategias solidarias para recaudar fondos como cenas ben\u00e9ficas, rifas y tambi\u00e9n cogemos alguna subvenci\u00f3n p\u00fablica, aunque muy pocas, para hacer actividades muy concretas, como, por ejemplo, el Camino de Santiago para personas con discapacidad, intercambios vacacionales\u2026<\/p>\n<p><strong>\u00bfQu\u00e9 sensaci\u00f3n te genera cuando las personas con discapacidad que reciben la ayuda de la fundaci\u00f3n mejoran su calidad de vida?<\/strong><\/p>\n<p>Normalmente, le damos ayudas a personas con discapacidad que no se lo pueden permitir, entonces est\u00e1n muy agradecidas. Por ejemplo, contribuimos dando cosas que no pueden tener, como una silla de ruedas el\u00e9ctrica, una pr\u00f3tesis ortop\u00e9dica, sesiones de fisioterapia, terapia ocupacional, o logopedia. Tambi\u00e9n hay otro tipo de personas con discapacidad a destacar que es que est\u00e1n llamando todos los d\u00edas, pero cuando reciben la ayuda nunca m\u00e1s se supo.<\/p>\n<p><strong>\u00bfDe qu\u00e9 manera pueden contribuir el resto de personas al trabajo de la Fundaci\u00f3n Disgrup? <\/strong><\/p>\n<p>Pueden entrar en la p\u00e1gina web de disgrup.org y hacer una donaci\u00f3n. Una donaci\u00f3n recurrente donando 12 euros al mes (144 \u20ac al a\u00f1o), de los cual Hacienda les va a devolver el 80 %. Aparte, pueden hacer donaciones por Bizum al 06740 y, de forma gratuita, pueden suscribirse al canal de YouTube de la fundaci\u00f3n y dar visualizaciones. Cuantas m\u00e1s visualizaciones haya mejor, ya que con un n\u00famero de visualizaciones determinado, la plataforma al final paga. Adem\u00e1s, hay empresas que les servimos como imagen, como la reciente incorporaci\u00f3n a la fundaci\u00f3n de la marca de sillas de ruedas el\u00e9ctricas QUANTUM #1 <em>for rehab power<\/em>, a la que aprovecho para agradecerle la confianza depositada en la fundaci\u00f3n.<\/p>\n<p><strong>\u00bfQu\u00e9 rol cumplen las redes sociales y plataformas digitales en su objetivo de fortalecer y aumentar el alcance del proyecto?<\/strong><\/p>\n<p>Tanto las redes sociales como las plataformas digitales son un m\u00e9todo muy efectivo y muy econ\u00f3mico a la hora de difundir informaci\u00f3n. A trav\u00e9s de esas redes y plataformas podemos conseguir financiaci\u00f3n y tambi\u00e9n que la poblaci\u00f3n en general sepa a qu\u00e9 destinamos los recursos recibidos, y de las acciones que hacemos.<\/p>\n<p><strong>\u00bfPor qu\u00e9 crees que los derechos de las personas con discapacidad en Espa\u00f1a, no se cumplen?\u00a0<\/strong><\/p>\n<p>Pese a que hay multitud de entidades dedicadas a la discapacidad grandes e importantes en Espa\u00f1a, que reciben subvenciones y dinero p\u00fablico para hacer que las leyes y los derechos de las personas con discapacidad se cumplan, desgraciadamente, ese dinero no llega para todas las demandas del colectivo y las leyes y derechos que emanan a las personas con discapacidad en Espa\u00f1a no se cumplen.<\/p>\n<p>En vista de la importancia que tiene el trabajo de la Fundaci\u00f3n Disgrup para las personas con discapacidad, la<strong> colaboraci\u00f3n externa resulta fundamental para la sostenibilidad de los proyectos<\/strong>. Al ser testigo de las dificultades que sufren las personas con discapacidad, Guillermo Egido Conde busca generar un cambio sustancial en el contexto de la sociedad espa\u00f1ola.<\/p>\n<p>La entrada <a rel=\"nofollow\" href=\"https:\/\/elnegocio.es\/solidaridad-entrevista-a-guillermo-egido-conde-fundador-y-presidente-de-la-fundacion-disgrup\/\">Solidaridad; entrevista a Guillermo Egido Conde, fundador y presidente de la Fundaci\u00f3n Disgrup<\/a> se public\u00f3 primero en <a rel=\"nofollow\" href=\"https:\/\/elnegocio.es\/\">El negocio &#8211; Gu\u00eda Informativa para Aut\u00f3nomos y Pymes<\/a>.<\/p>\n<p><!-- no image --><\/p>\n","protected":false},"excerpt":{"rendered":"Solidaridad; entrevista a Guillermo Egido Conde, fundador y presidente de la Fundaci\u00f3n Disgrup Hoy en d\u00eda, los programas&hellip;","protected":false},"author":2,"featured_media":0,"comment_status":"closed","ping_status":"closed","sticky":false,"template":"","format":"standard","meta":{"csco_display_header_overlay":false,"csco_singular_sidebar":"","csco_page_header_type":"","csco_page_load_nextpost":"","csco_post_video_location":[],"csco_post_video_location_hash":"","csco_post_video_url":"","csco_post_video_bg_start_time":0,"csco_post_video_bg_end_time":0,"footnotes":""},"categories":[554],"tags":[114],"class_list":["post-49751","post","type-post","status-publish","format-standard","category-actualidad","tag-destacado","cs-entry","cs-video-wrap"],"_links":{"self":[{"href":"https:\/\/iberopress.es\/index.php\/wp-json\/wp\/v2\/posts\/49751","targetHints":{"allow":["GET"]}}],"collection":[{"href":"https:\/\/iberopress.es\/index.php\/wp-json\/wp\/v2\/posts"}],"about":[{"href":"https:\/\/iberopress.es\/index.php\/wp-json\/wp\/v2\/types\/post"}],"author":[{"embeddable":true,"href":"https:\/\/iberopress.es\/index.php\/wp-json\/wp\/v2\/users\/2"}],"replies":[{"embeddable":true,"href":"https:\/\/iberopress.es\/index.php\/wp-json\/wp\/v2\/comments?post=49751"}],"version-history":[{"count":0,"href":"https:\/\/iberopress.es\/index.php\/wp-json\/wp\/v2\/posts\/49751\/revisions"}],"wp:attachment":[{"href":"https:\/\/iberopress.es\/index.php\/wp-json\/wp\/v2\/media?parent=49751"}],"wp:term":[{"taxonomy":"category","embeddable":true,"href":"https:\/\/iberopress.es\/index.php\/wp-json\/wp\/v2\/categories?post=49751"},{"taxonomy":"post_tag","embeddable":true,"href":"https:\/\/iberopress.es\/index.php\/wp-json\/wp\/v2\/tags?post=49751"}],"curies":[{"name":"wp","href":"https:\/\/api.w.org\/{rel}","templated":true}]}}