{"id":49735,"date":"2023-11-27T08:11:51","date_gmt":"2023-11-27T08:11:51","guid":{"rendered":"https:\/\/iberopress.es\/index.php\/2023\/11\/27\/preparar-cenas-de-empresa-y-eventos-corporativos-de-la-mano-de-primera-impresion\/"},"modified":"2023-11-27T08:11:51","modified_gmt":"2023-11-27T08:11:51","slug":"preparar-cenas-de-empresa-y-eventos-corporativos-de-la-mano-de-primera-impresion","status":"publish","type":"post","link":"https:\/\/iberopress.es\/index.php\/2023\/11\/27\/preparar-cenas-de-empresa-y-eventos-corporativos-de-la-mano-de-primera-impresion\/","title":{"rendered":"Preparar cenas de empresa y eventos corporativos de la mano de Primera Impresi\u00f3n"},"content":{"rendered":"<p>Preparar cenas de empresa y eventos corporativos de la mano de Primera Impresi\u00f3n<\/p>\n<p>El <em>marketing <\/em>se ha convertido en una de las herramientas m\u00e1s importantes para la promoci\u00f3n y el posicionamiento de una marca o empresa. Es as\u00ed como las compa\u00f1\u00edas est\u00e1n en constante evoluci\u00f3n y en la b\u00fasqueda de nuevas campa\u00f1as y estrategias para presentar sus nuevos proyectos, compartir conocimientos y celebrar logros empresariales.<\/p>\n<p>Sin duda, no hay una segunda oportunidad para causar una buena <a href=\"https:\/\/www.primeraimpresion.es\/#Nosotros\/1\" rel=\"noreferrer\">Primera Impresi\u00f3n<\/a>, mismo nombre que lleva la agencia de las grandes empresas que se ha especializado en servicios de <em>branding<\/em>, dise\u00f1o y la organizaci\u00f3n de <a href=\"https:\/\/www.primeraimpresion.es\/#Eventos\" rel=\"noreferrer\">eventos corporativos<\/a> que permiten impulsar nuevas ideas de negocio en el sector empresarial en Espa\u00f1a y Latinoam\u00e9rica.\u00a0<\/p>\n<h2 id=\"primera-impresion-la-agencia-de-las-grandes-empresas\">Primera Impresi\u00f3n, la agencia de las grandes empresas<\/h2>\n<p>La agencia Primera Impresi\u00f3n se ha posicionado como un referente de las compa\u00f1\u00edas de <em>marketing<\/em>,<em> <\/em>trabajando durante a\u00f1os con directores de <em>marketing <\/em>de distintas empresas en la elaboraci\u00f3n de planes, estrategias e ideas para ayudar a despegar a nuevos emprendedores. Adicionalmente, <strong>ha desarrollado alianzas con clientes de sectores como la banca, seguros, industria textil, alimentaci\u00f3n, entre otros<\/strong>.<\/p>\n<p>La agencia Primera Impresi\u00f3n cuenta con un equipo de dise\u00f1o capaz de llevar ideas y marcas a otro nivel comercial y de innovaci\u00f3n en <em>branding\u00a0<\/em>y dise\u00f1o. <strong>La clave de su \u00e9xito ha sido su servicio especializado en la creaci\u00f3n de planes de <em>marketing <\/em>y la\u00a0organizaci\u00f3n de eventos a medida<\/strong>. Bajo el liderazgo de su fundadora, Estefan\u00eda Valent\u00edn,<strong> la agencia ha obtenido reconocimiento internacional como una de las pioneras en la ejecuci\u00f3n de planes y estrategias para grandes compa\u00f1\u00edas<\/strong>.\u00a0<\/p>\n<h3 id=\"planificar-eventos-una-estrategia-eficaz\">Planificar eventos, una estrategia eficaz<\/h3>\n<p>Primera Impresi\u00f3n no pierde la oportunidad para hacer realidad eventos de otro nivel para socios y clientes. La agencia ofrece el servicio de planificaci\u00f3n de viajes para empresas, eventos corporativos, eventos ejecutivos utilizando los mejores hoteles y restaurantes. Sin duda, los eventos corporativos son una herramienta interesante para la construcci\u00f3n de relaciones, generar oportunidades de negocio y fortalecer la imagen de marca de una empresa, que ha sido la especializaci\u00f3n de Primera Impresi\u00f3n.\u00a0<\/p>\n<h2 id=\"cobertura-y-servicios-especializados\">Cobertura y servicios especializados<\/h2>\n<p>Con la presencia de oficinas en M\u00e9xico y Espa\u00f1a, Primera Impresi\u00f3n ha crecido en el mercado europeo y latinoamericano, posicion\u00e1ndose en el sector de la publicidad mundial. Con el prop\u00f3sito de ampliar las posibilidades para sus clientes, la agencia ha desarrollado nuevos servicios como el <em>telemarketing<\/em>, las redes sociales y las comunicaciones, combinando contenidos audiovisuales en canales masivos y de gran impacto.<\/p>\n<p>La entrada <a rel=\"nofollow\" href=\"https:\/\/elnegocio.es\/preparar-cenas-de-empresa-y-eventos-corporativos-de-la-mano-de-primera-impresion\/\">Preparar cenas de empresa y eventos corporativos de la mano de Primera Impresi\u00f3n<\/a> se public\u00f3 primero en <a rel=\"nofollow\" href=\"https:\/\/elnegocio.es\/\">El negocio &#8211; Gu\u00eda Informativa para Aut\u00f3nomos y Pymes<\/a>.<\/p>\n<p><!-- no image --><\/p>\n","protected":false},"excerpt":{"rendered":"Preparar cenas de empresa y eventos corporativos de la mano de Primera Impresi\u00f3n El marketing se ha convertido&hellip;","protected":false},"author":2,"featured_media":0,"comment_status":"closed","ping_status":"closed","sticky":false,"template":"","format":"standard","meta":{"csco_display_header_overlay":false,"csco_singular_sidebar":"","csco_page_header_type":"","csco_page_load_nextpost":"","csco_post_video_location":[],"csco_post_video_location_hash":"","csco_post_video_url":"","csco_post_video_bg_start_time":0,"csco_post_video_bg_end_time":0,"footnotes":""},"categories":[554],"tags":[114],"class_list":["post-49735","post","type-post","status-publish","format-standard","category-actualidad","tag-destacado","cs-entry","cs-video-wrap"],"_links":{"self":[{"href":"https:\/\/iberopress.es\/index.php\/wp-json\/wp\/v2\/posts\/49735","targetHints":{"allow":["GET"]}}],"collection":[{"href":"https:\/\/iberopress.es\/index.php\/wp-json\/wp\/v2\/posts"}],"about":[{"href":"https:\/\/iberopress.es\/index.php\/wp-json\/wp\/v2\/types\/post"}],"author":[{"embeddable":true,"href":"https:\/\/iberopress.es\/index.php\/wp-json\/wp\/v2\/users\/2"}],"replies":[{"embeddable":true,"href":"https:\/\/iberopress.es\/index.php\/wp-json\/wp\/v2\/comments?post=49735"}],"version-history":[{"count":0,"href":"https:\/\/iberopress.es\/index.php\/wp-json\/wp\/v2\/posts\/49735\/revisions"}],"wp:attachment":[{"href":"https:\/\/iberopress.es\/index.php\/wp-json\/wp\/v2\/media?parent=49735"}],"wp:term":[{"taxonomy":"category","embeddable":true,"href":"https:\/\/iberopress.es\/index.php\/wp-json\/wp\/v2\/categories?post=49735"},{"taxonomy":"post_tag","embeddable":true,"href":"https:\/\/iberopress.es\/index.php\/wp-json\/wp\/v2\/tags?post=49735"}],"curies":[{"name":"wp","href":"https:\/\/api.w.org\/{rel}","templated":true}]}}