{"id":49711,"date":"2023-11-24T13:46:39","date_gmt":"2023-11-24T13:46:39","guid":{"rendered":"https:\/\/iberopress.es\/index.php\/2023\/11\/24\/emprendimiento-femenino-pros-y-contras\/"},"modified":"2023-11-24T13:46:39","modified_gmt":"2023-11-24T13:46:39","slug":"emprendimiento-femenino-pros-y-contras","status":"publish","type":"post","link":"https:\/\/iberopress.es\/index.php\/2023\/11\/24\/emprendimiento-femenino-pros-y-contras\/","title":{"rendered":"Emprendimiento femenino; pros y contras"},"content":{"rendered":"<p>Emprendimiento femenino; pros y contras<\/p>\n<p>El ecosistema emprendedor en los \u00faltimos a\u00f1os ha contado con mucha presencia femenina. Este fen\u00f3meno se debe al desarrollo de liderazgos femeninos en respuesta a una brecha de g\u00e9nero en el mercado laboral y financiero. En conmemoraci\u00f3n del d\u00eda Internacional de la Mujer Emprendedora, un <a href=\"https:\/\/www.mikaizen.es\/\" rel=\"noreferrer\">emprendimiento femenino<\/a> digno de destacar dado su \u00e9xito e innovaci\u00f3n es <a href=\"https:\/\/www.mikaizen.es\/pages\/equipo-mi-kaizen\" rel=\"noreferrer\">Mi Kaizen<\/a>. Se trata de una empresa dedicada a servicios y productos para el desarrollo personal y profesional. La emprendedora Esther Sierra, CEO y Fundadora de Mi Kaizen, conoce en profundidad la cantidad de desaf\u00edos y problemas que debe afrontar una mujer al emprender.<\/p>\n<h2 id=\"mi-kaizen-el-emprendimiento-femenino-que-desafio-limites\">Mi Kaizen, el emprendimiento femenino que desafi\u00f3 l\u00edmites<\/h2>\n<p>La emprendedora Esther Sierra es fundadora y CEO de Mi Kaizen, una empresa enfocada en ayudar a las personas a conseguir sus objetivos, tanto profesionales, como personales y sociales.<strong> Esta empresa es reconocida por sus agendas, organizadores y accesorios, los cuales son cuidadosamente dise\u00f1ados bas\u00e1ndose en la filosof\u00eda japonesa kaizen<\/strong>. Esta plantea la capacidad de alcanzar grandes objetivos cumpliendo con peque\u00f1os pasos y una planificaci\u00f3n apropiada. A d\u00eda de hoy cuentan con miles de clientes que compran sus productos de a\u00f1o en a\u00f1o, pero el camino no siempre ha sido f\u00e1cil, empezando por el lanzamiento de la marca en plena pandemia en el 2020.<\/p>\n<h2 id=\"pros-y-contras-de-emprender-como-mujer\">Pros y contras de emprender como mujer<\/h2>\n<p>En la actualidad, las mujeres se han volcado mucho m\u00e1s que antes al mundo emprendedor y se pueden analizar pros y contras que un emprendimiento femenino puede encontrar en el camino.<\/p>\n<h3 id=\"pros\">Pros<\/h3>\n<p><strong>El liderazgo femenino hoy en d\u00eda es altamente valorado en algunos nichos empresariales, como es el caso de Mi Kaizen y su \u00e9xito en venta de agendas, organizadores y accesorios para planificaci\u00f3n<\/strong>. Sus clientes no solo valoran sus productos, sino que admiran su historia. Prueba de ello son los m\u00e1s de 30.000 seguidores que acumula en diversas plataformas donde cuenta su propia historia con el producto y el proceso de crecimiento de su empresa, as\u00ed como escenas cotidianas de su d\u00eda a d\u00eda. Adem\u00e1s, puede facilitar la b\u00fasqueda de financiamiento y formaci\u00f3n. Por ejemplo, hay entidades reconocidas que ofrecen cursos de capacitaci\u00f3n orientados espec\u00edficamente para montar un emprendimiento femenino. Esther por ejemplo, recibi\u00f3 el premio #SigueAdelante de Womenalia y Procter &amp; Gamble, con el que recibi\u00f3 tanto una compensaci\u00f3n econ\u00f3mica, como una formativa.<\/p>\n<h3 id=\"contras\">Contras<\/h3>\n<p>Las econom\u00edas en recuperaci\u00f3n pospandemia hacen que el acceso a financiamiento est\u00e9 m\u00e1s restringido. Para las mujeres, esto es a\u00fan peor, ya que se estima que las inversiones de capitales se dirigen a nuevas empresas dirigidas por hombres al menos 7 veces m\u00e1s que a aquellas lideradas por mujeres. \u00abDarle visibilidad a este d\u00eda es una labor crucial para que todos los <em>stakeholders<\/em> sean conscientes de las diferencias actuales. No se nos tiene por qu\u00e9 dar m\u00e1s privilegios, pero s\u00ed m\u00e1s visibilidad. Eso alimenta una cadena en la que las mujeres que se est\u00e9n planteando emprender vean oportunidades\u00bb afirma Esther. A esto se le debe sumar los grandes prejuicios de nuestra sociedad. \u00abHe vivido momentos en los que no me he sentido valorada. He escuchado comentarios de mal gusto y ninguna mujer deber\u00eda pasar por situaciones as\u00ed\u00bb comenta. Aunque hay diferencias innegables en este sector para las mujeres, becas como la mencionada anteriormente suponen un empuj\u00f3n para emprendedoras como Esther. \u00abFue un programa en el que conoc\u00ed a grandes mujeres y eso me hizo sentirme m\u00e1s acompa\u00f1ada. El emprendimiento puede ser un camino muy solitario y es importante rodearte con personas con tu misma visi\u00f3n de vida. El hecho de que fu\u00e9semos todas mujeres nos hizo conectar de una manera muy especial.\u00bb<\/p>\n<p>La entrada <a rel=\"nofollow\" href=\"https:\/\/elnegocio.es\/emprendimiento-femenino-pros-y-contras\/\">Emprendimiento femenino; pros y contras<\/a> se public\u00f3 primero en <a rel=\"nofollow\" href=\"https:\/\/elnegocio.es\/\">El negocio &#8211; Gu\u00eda Informativa para Aut\u00f3nomos y Pymes<\/a>.<\/p>\n<p><!-- no image --><\/p>\n","protected":false},"excerpt":{"rendered":"Emprendimiento femenino; pros y contras El ecosistema emprendedor en los \u00faltimos a\u00f1os ha contado con mucha presencia femenina.&hellip;","protected":false},"author":2,"featured_media":0,"comment_status":"closed","ping_status":"closed","sticky":false,"template":"","format":"standard","meta":{"csco_display_header_overlay":false,"csco_singular_sidebar":"","csco_page_header_type":"","csco_page_load_nextpost":"","csco_post_video_location":[],"csco_post_video_location_hash":"","csco_post_video_url":"","csco_post_video_bg_start_time":0,"csco_post_video_bg_end_time":0,"footnotes":""},"categories":[554],"tags":[114],"class_list":["post-49711","post","type-post","status-publish","format-standard","category-actualidad","tag-destacado","cs-entry","cs-video-wrap"],"_links":{"self":[{"href":"https:\/\/iberopress.es\/index.php\/wp-json\/wp\/v2\/posts\/49711","targetHints":{"allow":["GET"]}}],"collection":[{"href":"https:\/\/iberopress.es\/index.php\/wp-json\/wp\/v2\/posts"}],"about":[{"href":"https:\/\/iberopress.es\/index.php\/wp-json\/wp\/v2\/types\/post"}],"author":[{"embeddable":true,"href":"https:\/\/iberopress.es\/index.php\/wp-json\/wp\/v2\/users\/2"}],"replies":[{"embeddable":true,"href":"https:\/\/iberopress.es\/index.php\/wp-json\/wp\/v2\/comments?post=49711"}],"version-history":[{"count":0,"href":"https:\/\/iberopress.es\/index.php\/wp-json\/wp\/v2\/posts\/49711\/revisions"}],"wp:attachment":[{"href":"https:\/\/iberopress.es\/index.php\/wp-json\/wp\/v2\/media?parent=49711"}],"wp:term":[{"taxonomy":"category","embeddable":true,"href":"https:\/\/iberopress.es\/index.php\/wp-json\/wp\/v2\/categories?post=49711"},{"taxonomy":"post_tag","embeddable":true,"href":"https:\/\/iberopress.es\/index.php\/wp-json\/wp\/v2\/tags?post=49711"}],"curies":[{"name":"wp","href":"https:\/\/api.w.org\/{rel}","templated":true}]}}