{"id":47883,"date":"2023-09-06T12:45:08","date_gmt":"2023-09-06T12:45:08","guid":{"rendered":"https:\/\/iberopress.es\/index.php\/2023\/09\/06\/editorial-caligrama-presenta-resplandecientes-la-aventura-epica-a-traves-de-dimensiones-y-misterios-ancestrales-de-jorge-exequiel-gellner\/"},"modified":"2023-09-06T12:45:08","modified_gmt":"2023-09-06T12:45:08","slug":"editorial-caligrama-presenta-resplandecientes-la-aventura-epica-a-traves-de-dimensiones-y-misterios-ancestrales-de-jorge-exequiel-gellner","status":"publish","type":"post","link":"https:\/\/iberopress.es\/index.php\/2023\/09\/06\/editorial-caligrama-presenta-resplandecientes-la-aventura-epica-a-traves-de-dimensiones-y-misterios-ancestrales-de-jorge-exequiel-gellner\/","title":{"rendered":"Editorial Caligrama presenta \u2018Resplandecientes\u2019, la aventura \u00e9pica a trav\u00e9s de dimensiones y misterios ancestrales de Jorge Exequiel Gellner"},"content":{"rendered":"<p>Editorial Caligrama presenta \u2018Resplandecientes\u2019, la aventura \u00e9pica a trav\u00e9s de dimensiones y misterios ancestrales de Jorge Exequiel Gellner<\/p>\n<p>Editorial Caligrama presenta \u2018Resplandecientes\u2019, la aventura \u00e9pica a trav\u00e9s de dimensiones y misterios ancestrales de Jorge Exequiel Gellner<\/p>\n<div>\n<p>Una novedad literaria que recupera el sentido cl\u00e1sico de la aventura en una obra llena de ritmo.<\/p>\n<p><a href=\"https:\/\/www.caligramaeditorial.com\/\" rel=\"noreferrer\">Editorial Caligrama<\/a> se enorgullece en anunciar el lanzamiento de <a href=\"https:\/\/www.caligramaeditorial.com\/libro\/Resplandecientes\" rel=\"noreferrer\"><em>Resplandecientes<\/em><\/a>, la apasionante novela literaria escrita por Jorge Exequiel Gellner. Con una narrativa cautivadora, un gran ritmo y un mundo lleno de misterios, la obra promete llevar a los lectores en un viaje inolvidable a trav\u00e9s de tierras desconocidas y saberes arcanos.<\/p>\n<p>En <em>Resplandecientes<\/em>, Gellner transporta a la gran isla de Legendaria y sus islas vecinas, donde la intriga y el asombro convergen en una historia de naufragios inesperados, giros imprevisibles y destinos entrelazados. Cinco j\u00f3venes, despojados de sus familias y hogares debido a un naufragio, aterrizan en estas tierras desconocidas. A medida que exploran su nuevo entorno, descubren una tierra implacable, gobernada por el misterio y los conocimientos ancestrales que moldean las vidas de sus habitantes multidimensionales y magn\u00edficamente trazados.<\/p>\n<p>La trama se despliega con una cadencia notable y con una mezcla de emoci\u00f3n, aventura y un toque de magia. Los conocimientos enigm\u00e1ticos que los protagonistas encuentran en Legendaria no solo han influenciado el destino de su propia dimensi\u00f3n, sino tambi\u00e9n el de la Tierra a lo largo de la historia. Atrapados en una aventura que parece imposible de revertir, estos j\u00f3venes se convierten en una parte integral de una lucha mayor por la supervivencia y la trascendencia y se ver\u00e1n inmersos en una aventura que nunca esperaron vivir en primera persona. A medida que avanzan en su odisea, los protagonistas forjar\u00e1n alianzas inesperadas y enfrentar\u00e1n desaf\u00edos formidables. El mensaje subyacente es claro: la amistad, el coraje y la determinaci\u00f3n pueden trascender dimensiones y salvar tanto a un nuevo amigo como al mundo que qued\u00f3 atr\u00e1s.<\/p>\n<p>Jorge Exequiel Gellner se descubre as\u00ed como un maestro de la narrativa \u00e9pica y ha tejido un mundo vibrante y detallado en <em>Resplandecientes<\/em>. Los lectores se ver\u00e1n sumergidos en una experiencia literaria que combina elementos de fantas\u00eda y realidad en una sinfon\u00eda de emociones y descubrimientos y una lectura completa y absolutamente adictiva.<\/p>\n<h2 id=\"el-autor\">El autor<\/h2>\n<p>Jorge Exequiel Gellner naci\u00f3 en 1991 y actualmente vive en C\u00f3rdoba (Argentina). Desde muy joven tuvo mucho inter\u00e9s por libros de fantas\u00eda y la lectura, lo que result\u00f3 un escape en per\u00edodos dif\u00edciles y en un entretenimiento en mejores \u00e9pocas. Esto es lo que lo llev\u00f3 a desarrollar el h\u00e1bito por la escritura, de manera espor\u00e1dica, casi como un juego, hasta transformarse en algo serio. As\u00ed desarroll\u00f3 como primer proyecto la trilog\u00eda <em>Resplandecientes<\/em>, d\u00e1ndole forma en esta primera entrega. En cuanto al \u00e1mbito profesional, es arquitecto y se desempe\u00f1a realizando proyectos y concursos, principalmente, de vivienda, para pa\u00edses de Europa, como Italia y Alemania.<\/p>\n<h2 id=\"editorial-caligrama\">Editorial Caligrama<\/h2>\n<p>Editorial Caligrama es uno de los grupos editoriales m\u00e1s relevantes del panorama espa\u00f1ol. Desde Editorial Caligrama, ayudan a los autores a editar, publicar y distribuir su obra a nivel global, en papel y en Espa\u00f1a cuentan con la mayor red de distribuci\u00f3n a librer\u00edas del pa\u00eds. Su misi\u00f3n es potenciar y destacar el talento de nuevos autores con calidad literaria y potencial comercial. Cada a\u00f1o se celebran los Premios Caligrama. Editorial Caligrama es <strong>un territorio universal, vasto, colorido y de esp\u00edritu libre, que tiende puentes entre la autoedici\u00f3n y la edici\u00f3n tradicional de contenidos muy diversos bajo<\/strong> un mismo sello que incluyen novelas, poes\u00edas, ensayos y obras experimentales.<\/p>\n<p>The post <a rel=\"nofollow\" href=\"https:\/\/tecnobitt.com\/editorial-caligrama-presenta-resplandecientes-la-aventura-epica-a-traves-de-dimensiones-y-misterios-ancestrales-de-jorge-exequiel-gellner\/\">Editorial Caligrama presenta \u2018Resplandecientes\u2019, la aventura \u00e9pica a trav\u00e9s de dimensiones y misterios ancestrales de Jorge Exequiel Gellner<\/a> appeared first on <a rel=\"nofollow\" href=\"https:\/\/tecnobitt.com\/\">TecnoBitt :- Un bit de tecnolog\u00eda diaria<\/a>.<\/p>\n<\/div>\n<p><img decoding=\"async\" class=\"wpe_imgrss\" src=\"https:\/\/tecnobitt.com\/wp-content\/uploads\/2023\/09\/img_3cc6f422b85a9b9558705c1b638fadd3.jpg\"><\/p>\n<p><img decoding=\"async\" class=\"wpe_imgrss\" src=\"https:\/\/diarioemprendedor.com\/wp-content\/uploads\/2023\/09\/img_3cc6f422b85a9b9558705c1b638fadd3.jpg\"><\/p>\n","protected":false},"excerpt":{"rendered":"Editorial Caligrama presenta \u2018Resplandecientes\u2019, la aventura \u00e9pica a trav\u00e9s de dimensiones y misterios ancestrales de Jorge Exequiel Gellner&hellip;","protected":false},"author":2,"featured_media":47884,"comment_status":"closed","ping_status":"closed","sticky":false,"template":"","format":"standard","meta":{"csco_display_header_overlay":false,"csco_singular_sidebar":"","csco_page_header_type":"","csco_page_load_nextpost":"","csco_post_video_location":[],"csco_post_video_location_hash":"","csco_post_video_url":"","csco_post_video_bg_start_time":0,"csco_post_video_bg_end_time":0,"footnotes":""},"categories":[554,426,762,729,427,763,764,765,466,766],"tags":[114],"class_list":["post-47883","post","type-post","status-publish","format-standard","has-post-thumbnail","category-actualidad","category-destacado","category-ecocistema","category-entrevistas","category-featured","category-inversiones","category-noticia","category-noticias","category-startups","category-venture-capital","tag-destacado","cs-entry","cs-video-wrap"],"_links":{"self":[{"href":"https:\/\/iberopress.es\/index.php\/wp-json\/wp\/v2\/posts\/47883","targetHints":{"allow":["GET"]}}],"collection":[{"href":"https:\/\/iberopress.es\/index.php\/wp-json\/wp\/v2\/posts"}],"about":[{"href":"https:\/\/iberopress.es\/index.php\/wp-json\/wp\/v2\/types\/post"}],"author":[{"embeddable":true,"href":"https:\/\/iberopress.es\/index.php\/wp-json\/wp\/v2\/users\/2"}],"replies":[{"embeddable":true,"href":"https:\/\/iberopress.es\/index.php\/wp-json\/wp\/v2\/comments?post=47883"}],"version-history":[{"count":0,"href":"https:\/\/iberopress.es\/index.php\/wp-json\/wp\/v2\/posts\/47883\/revisions"}],"wp:featuredmedia":[{"embeddable":true,"href":"https:\/\/iberopress.es\/index.php\/wp-json\/wp\/v2\/media\/47884"}],"wp:attachment":[{"href":"https:\/\/iberopress.es\/index.php\/wp-json\/wp\/v2\/media?parent=47883"}],"wp:term":[{"taxonomy":"category","embeddable":true,"href":"https:\/\/iberopress.es\/index.php\/wp-json\/wp\/v2\/categories?post=47883"},{"taxonomy":"post_tag","embeddable":true,"href":"https:\/\/iberopress.es\/index.php\/wp-json\/wp\/v2\/tags?post=47883"}],"curies":[{"name":"wp","href":"https:\/\/api.w.org\/{rel}","templated":true}]}}