{"id":39185,"date":"2023-04-25T17:36:08","date_gmt":"2023-04-25T17:36:08","guid":{"rendered":"https:\/\/iberopress.es\/index.php\/2023\/04\/25\/circulo-rojo-se-ha-despedido-de-sant-jordi-despues-de-tener-un-exito-rotundo-con-uno-de-los-stands-mas-grandes-de-autoedicion\/"},"modified":"2023-04-25T17:36:08","modified_gmt":"2023-04-25T17:36:08","slug":"circulo-rojo-se-ha-despedido-de-sant-jordi-despues-de-tener-un-exito-rotundo-con-uno-de-los-stands-mas-grandes-de-autoedicion","status":"publish","type":"post","link":"https:\/\/iberopress.es\/index.php\/2023\/04\/25\/circulo-rojo-se-ha-despedido-de-sant-jordi-despues-de-tener-un-exito-rotundo-con-uno-de-los-stands-mas-grandes-de-autoedicion\/","title":{"rendered":"C\u00edrculo Rojo se ha despedido de Sant Jordi despu\u00e9s de tener un \u00e9xito rotundo con uno de los stands m\u00e1s grandes de autoedici\u00f3n"},"content":{"rendered":"<p>C\u00edrculo Rojo se ha despedido de Sant Jordi despu\u00e9s de tener un \u00e9xito rotundo con uno de los stands m\u00e1s grandes de autoedici\u00f3n<\/p>\n<p>C\u00edrculo Rojo se ha despedido de Sant Jordi despu\u00e9s de tener un \u00e9xito rotundo con uno de los stands m\u00e1s grandes de autoedici\u00f3n<\/p>\n<div>\n<p><strong>Este sello l\u00edder en el sector convoc\u00f3 a 200 autores en sus cuatro paradas alrededor del Arco del Triunfo.\u00a0<\/strong><\/p>\n<p>C\u00cdRCULO ROJO.- Sant Jordi es la gran fiesta de las letras, no solo en Catalu\u00f1a, autores de todas partes del territorio nacional quieren firmar ejemplares durante este gran d\u00eda y un a\u00f1o m\u00e1s, <a href=\"https:\/\/editorialcirculorojo.com\/\" rel=\"noreferrer\">C\u00edrculo Rojo<\/a> ha vuelto a demostrar su liderazgo marcando un nuevo hito en <a href=\"https:\/\/editorialcirculorojo.com\/la-empresa\/\" rel=\"noreferrer\">autoedici\u00f3n<\/a>. M\u00e1s de 200 autores de g\u00e9neros literarios distintos presentaron y firmaron ejemplares de sus obras en su <em>stand<\/em>, uno de los m\u00e1s grandes en autoedici\u00f3n.<\/p>\n<p>La editorial, una de las l\u00edderes en Europa, cont\u00f3 con cuatro<strong> paradas al lado del Arco del Triunfo <\/strong>y sus autores pudieron disfrutar de entrevistas en directo, adem\u00e1s de una gran gama de material audiovisual para ayudarles en la promoci\u00f3n. \u201cPubliqu\u00e9 mi primer libro con C\u00edrculo Rojo en 2015 y todav\u00eda no puedo creerme hasta donde he llegado con mis obras gracias a este sello. Es para m\u00ed un honor estar firmando mis libros en Sant Jordi\u201d, confes\u00f3 Ami Bondia Raga, durante su entrevista.\u00a0<\/p>\n<p>En sus m\u00e1s de quince a\u00f1os de historia, C\u00edrculo Rojo ha demostrado su compromiso con la cultura y sus autores. Gracias a su esfuerzo y dedicaci\u00f3n, ha conseguido ratificar que nada es imposible para quienes sue\u00f1an y trabajan duro por conseguirlo. \u201cAntes era impensable que un autor autoeditado pudiera firmar libros en grandes firmas como las de Sant Jordi o la Feria del Libro de Madrid, donde somos la \u00fanica editorial de autoedici\u00f3n presente, por eso no puedo evitar emocionarme al estar hoy aqu\u00ed <strong>junto a 200 de nuestros autores<\/strong>, en el <em>stand <\/em>m\u00e1s grande de autoedici\u00f3n. No puedo decir que haya sido f\u00e1cil, pero merece la pena. Por eso seguiremos trabajando para ayudar a nuestros autores a que vuelen hasta donde quieran con sus obras\u201d, comenta Alberto Cerezuela, director y fundador de C\u00edrculo Rojo, Grupo Editorial.\u00a0<\/p>\n<h2 id=\"mucho-mas-que-un-sueno\">Mucho m\u00e1s que un sue\u00f1o<\/h2>\n<p>Lo que comenz\u00f3 siendo un sue\u00f1o se ha convertido en una de las editoriales que m\u00e1s libros publica en Europa y <strong>el hogar de m\u00e1s de 22.000 escritores de todo el mundo<\/strong> y en un referente en autoedici\u00f3n. Lo que ocurri\u00f3 la pasada jornada de Sant Jordi, no es m\u00e1s que una muestra del resultado del trabajo y dedicaci\u00f3n de este sello para con sus autores. \u201cMe siento muy agradecida a C\u00edrculo Rojo. Escribir mi libro ha sido una terapia para m\u00ed y gracias a la oportunidad de poder publicarlo, he vuelto a sentirme viva de nuevo\u201d, comenta Bel\u00e9n Martin Mart\u00ednez, autora de <em>Cliente n\u00famero 10<\/em>.\u00a0<\/p>\n<p>Con la mirada puesta en las pr\u00f3ximas ferias del libro y, por su puesto, en la<strong> Feria del Libro de Madrid<\/strong>, donde ser\u00e1 la \u00fanica editorial de autoedici\u00f3n en estar presente, y acudir\u00e1 con m\u00e1s de 100 autores; el equipo de C\u00edrculo Rojo se muestra ilusionado con el resultado en Sant Jordi. \u201cHa sido un d\u00eda muy emocionante para nosotros. Es maravilloso poder compartir estos momentos con nuestros autores, verlos emocionarse y escuchar de sus propias voces, lo que ha significado para ellos estar aqu\u00ed y publicar su libro\u201d.<\/p>\n<p>The post <a rel=\"nofollow\" href=\"https:\/\/tecnobitt.com\/circulo-rojo-se-ha-despedido-de-sant-jordi-despues-de-tener-un-exito-rotundo-con-uno-de-los-stands-mas-grandes-de-autoedicion\/\">C\u00edrculo Rojo se ha despedido de Sant Jordi despu\u00e9s de tener un \u00e9xito rotundo con uno de los stands m\u00e1s grandes de autoedici\u00f3n<\/a> appeared first on <a rel=\"nofollow\" href=\"https:\/\/tecnobitt.com\/\">TecnoBitt :- Un bit de tecnolog\u00eda diaria<\/a>.<\/p>\n<\/div>\n<p><img decoding=\"async\" class=\"wpe_imgrss\" src=\"https:\/\/tecnobitt.com\/wp-content\/uploads\/2023\/04\/img_d2dea1c2cbb333606a641c1330d6c26d.jpg\"><\/p>\n<p><img decoding=\"async\" class=\"wpe_imgrss\" src=\"https:\/\/diarioemprendedor.com\/wp-content\/uploads\/2023\/04\/img_d2dea1c2cbb333606a641c1330d6c26d.jpg\"><\/p>\n","protected":false},"excerpt":{"rendered":"C\u00edrculo Rojo se ha despedido de Sant Jordi despu\u00e9s de tener un \u00e9xito rotundo con uno de los&hellip;","protected":false},"author":2,"featured_media":39186,"comment_status":"closed","ping_status":"closed","sticky":false,"template":"","format":"standard","meta":{"csco_display_header_overlay":false,"csco_singular_sidebar":"","csco_page_header_type":"","csco_page_load_nextpost":"","csco_post_video_location":[],"csco_post_video_location_hash":"","csco_post_video_url":"","csco_post_video_bg_start_time":0,"csco_post_video_bg_end_time":0,"footnotes":""},"categories":[554,426,762,729,427,763,764,765,466,766],"tags":[114],"class_list":["post-39185","post","type-post","status-publish","format-standard","has-post-thumbnail","category-actualidad","category-destacado","category-ecocistema","category-entrevistas","category-featured","category-inversiones","category-noticia","category-noticias","category-startups","category-venture-capital","tag-destacado","cs-entry","cs-video-wrap"],"_links":{"self":[{"href":"https:\/\/iberopress.es\/index.php\/wp-json\/wp\/v2\/posts\/39185","targetHints":{"allow":["GET"]}}],"collection":[{"href":"https:\/\/iberopress.es\/index.php\/wp-json\/wp\/v2\/posts"}],"about":[{"href":"https:\/\/iberopress.es\/index.php\/wp-json\/wp\/v2\/types\/post"}],"author":[{"embeddable":true,"href":"https:\/\/iberopress.es\/index.php\/wp-json\/wp\/v2\/users\/2"}],"replies":[{"embeddable":true,"href":"https:\/\/iberopress.es\/index.php\/wp-json\/wp\/v2\/comments?post=39185"}],"version-history":[{"count":0,"href":"https:\/\/iberopress.es\/index.php\/wp-json\/wp\/v2\/posts\/39185\/revisions"}],"wp:featuredmedia":[{"embeddable":true,"href":"https:\/\/iberopress.es\/index.php\/wp-json\/wp\/v2\/media\/39186"}],"wp:attachment":[{"href":"https:\/\/iberopress.es\/index.php\/wp-json\/wp\/v2\/media?parent=39185"}],"wp:term":[{"taxonomy":"category","embeddable":true,"href":"https:\/\/iberopress.es\/index.php\/wp-json\/wp\/v2\/categories?post=39185"},{"taxonomy":"post_tag","embeddable":true,"href":"https:\/\/iberopress.es\/index.php\/wp-json\/wp\/v2\/tags?post=39185"}],"curies":[{"name":"wp","href":"https:\/\/api.w.org\/{rel}","templated":true}]}}