{"id":39181,"date":"2023-04-25T15:41:49","date_gmt":"2023-04-25T15:41:49","guid":{"rendered":"https:\/\/iberopress.es\/index.php\/2023\/04\/25\/ks-asesores-y-el-inicio-de-la-campana-de-declaracion-de-la-renta\/"},"modified":"2023-04-25T15:41:49","modified_gmt":"2023-04-25T15:41:49","slug":"ks-asesores-y-el-inicio-de-la-campana-de-declaracion-de-la-renta","status":"publish","type":"post","link":"https:\/\/iberopress.es\/index.php\/2023\/04\/25\/ks-asesores-y-el-inicio-de-la-campana-de-declaracion-de-la-renta\/","title":{"rendered":"KS Asesores y el inicio de la campa\u00f1a de Declaraci\u00f3n de la Renta"},"content":{"rendered":"<p>KS Asesores y el inicio de la campa\u00f1a de Declaraci\u00f3n de la Renta<\/p>\n<p>KS Asesores y el inicio de la campa\u00f1a de Declaraci\u00f3n de la Renta<\/p>\n<div>\n<p>El pasado d\u00eda 11 de abril dio comienzo <a href=\"https:\/\/ksasesores.com\/\" rel=\"noreferrer\">la campa\u00f1a de la Declaraci\u00f3n de la Renta<\/a> en Espa\u00f1a y, para ello, la Agencia Estatal de Administraci\u00f3n Tributaria abri\u00f3 distintos canales para que la ciudadan\u00eda pueda cumplir con sus obligaciones.<\/p>\n<p>Se trata de un <strong>impuesto sobre la renta de las personas f\u00edsicas<\/strong>, que deben pagar al Estado quienes residen y prestan servicios a lo largo y ancho del territorio nacional.<\/p>\n<p>Cabe destacar que se trata de un proceso que puede resultar complejo, por lo que la recomendaci\u00f3n es contratar un servicio especializado en la tem\u00e1tica, como el que brinda <a href=\"https:\/\/ksasesores.com\/\" rel=\"noreferrer\"><strong>KS Asesores<\/strong><\/a>. Se trata de una<strong> asesor\u00eda <em>online<\/em> innovadora tanto para aut\u00f3nomos como empresas.<\/strong><\/p>\n<h2 id=\"realizar-la-declaracion-de-la-renta-de-forma-efectiva\">Realizar la Declaraci\u00f3n de la Renta de forma efectiva<\/h2>\n<p>En principio se debe tener en cuenta que <strong>el plazo para la presentaci\u00f3n efectiva de la Declaraci\u00f3n de la Renta es desde el 11 de abril hasta el 30 de junio inclusive<\/strong> y que el tr\u00e1mite se efect\u00faa a trav\u00e9s de internet.<\/p>\n<p>Posteriormente a esa fecha, la Agencia Estatal de Administraci\u00f3n Tributaria podr\u00e1 efectuar la Declaraci\u00f3n de la Renta v\u00eda telef\u00f3nica, desde el 5 de mayo al 30 de junio y solo durante este \u00faltimo mes se puede confeccionar el documento de manera presencial, mediante previa reserva de cita.<\/p>\n<p>Para evitar cualquier tipo de inconvenientes, KS Asesores ofrece la <strong>gesti\u00f3n integral en materia de presentaci\u00f3n de impuestos, ya sean trimestrales o anuales<\/strong>. La empresa garantiza el cumplimiento de los tr\u00e1mites con la AEAT y evita preocupaciones por las obligaciones fiscales, que suelen generar problemas.<\/p>\n<h2 id=\"servicio-online-en-toda-espana\">Servicio <em>online<\/em> en toda Espa\u00f1a<\/h2>\n<p>Un valor agregado que presenta KS Asesores frente a otras empresas que brindan servicios similares es que ofrece un servicio <em>online<\/em> a toda Espa\u00f1a. De esta manera, evita que los clientes tengan que desplazarse.<\/p>\n<p>Eso reviste un gran beneficio para quienes no cuentan con el tiempo necesario para efectuar las presentaciones de compromisos tributarios o en todo caso temen cometer alg\u00fan error, que pueda representar un inconveniente de cara al futuro.<\/p>\n<p>Cabe destacar que adem\u00e1s de dicho servicio, KS Asesores tambi\u00e9n posibilita <strong>dar de alta como aut\u00f3nomo<\/strong> y gestiona cualquier tipo de sociedad en tiempo r\u00e9cord. Para ello, el equipo de expertos se encarga de efectuar los tr\u00e1mites con Hacienda y Seguridad Social, de tal manera que puedan acogerse a tarifa plana y otro tipo de bonificaciones.<\/p>\n<p>A eso se suman la <strong>gesti\u00f3n de contabilidad, laboral y solicitud de ayudas, tanto estatales como comunitarias para aut\u00f3nomos y empresas de distintos sectores.<\/strong><\/p>\n<p>KS Asesores es innovaci\u00f3n y calidad en materia de asesor\u00eda y gestor\u00eda de tr\u00e1mites en el \u00e1mbito espa\u00f1ol. Eso es posible gracias a la <strong>amplia experiencia en el mercado y al compromiso permanente<\/strong> con los clientes.<\/p>\n<p>The post <a rel=\"nofollow\" href=\"https:\/\/tecnobitt.com\/ks-asesores-y-el-inicio-de-la-campana-de-declaracion-de-la-renta\/\">KS Asesores y el inicio de la campa\u00f1a de Declaraci\u00f3n de la Renta<\/a> appeared first on <a rel=\"nofollow\" href=\"https:\/\/tecnobitt.com\/\">TecnoBitt :- Un bit de tecnolog\u00eda diaria<\/a>.<\/p>\n<\/div>\n<p><img decoding=\"async\" class=\"wpe_imgrss\" src=\"https:\/\/tecnobitt.com\/wp-content\/uploads\/2023\/04\/img_fc84137ea8bf018c1e292dc72344c079.jpg\"><\/p>\n<p><img decoding=\"async\" class=\"wpe_imgrss\" src=\"https:\/\/diarioemprendedor.com\/wp-content\/uploads\/2023\/04\/img_fc84137ea8bf018c1e292dc72344c079.jpg\"><\/p>\n","protected":false},"excerpt":{"rendered":"KS Asesores y el inicio de la campa\u00f1a de Declaraci\u00f3n de la Renta KS Asesores y el inicio&hellip;","protected":false},"author":2,"featured_media":39182,"comment_status":"closed","ping_status":"closed","sticky":false,"template":"","format":"standard","meta":{"csco_display_header_overlay":false,"csco_singular_sidebar":"","csco_page_header_type":"","csco_page_load_nextpost":"","csco_post_video_location":[],"csco_post_video_location_hash":"","csco_post_video_url":"","csco_post_video_bg_start_time":0,"csco_post_video_bg_end_time":0,"footnotes":""},"categories":[554,426,762,729,427,763,764,765,466,766],"tags":[114],"class_list":["post-39181","post","type-post","status-publish","format-standard","has-post-thumbnail","category-actualidad","category-destacado","category-ecocistema","category-entrevistas","category-featured","category-inversiones","category-noticia","category-noticias","category-startups","category-venture-capital","tag-destacado","cs-entry","cs-video-wrap"],"_links":{"self":[{"href":"https:\/\/iberopress.es\/index.php\/wp-json\/wp\/v2\/posts\/39181","targetHints":{"allow":["GET"]}}],"collection":[{"href":"https:\/\/iberopress.es\/index.php\/wp-json\/wp\/v2\/posts"}],"about":[{"href":"https:\/\/iberopress.es\/index.php\/wp-json\/wp\/v2\/types\/post"}],"author":[{"embeddable":true,"href":"https:\/\/iberopress.es\/index.php\/wp-json\/wp\/v2\/users\/2"}],"replies":[{"embeddable":true,"href":"https:\/\/iberopress.es\/index.php\/wp-json\/wp\/v2\/comments?post=39181"}],"version-history":[{"count":0,"href":"https:\/\/iberopress.es\/index.php\/wp-json\/wp\/v2\/posts\/39181\/revisions"}],"wp:featuredmedia":[{"embeddable":true,"href":"https:\/\/iberopress.es\/index.php\/wp-json\/wp\/v2\/media\/39182"}],"wp:attachment":[{"href":"https:\/\/iberopress.es\/index.php\/wp-json\/wp\/v2\/media?parent=39181"}],"wp:term":[{"taxonomy":"category","embeddable":true,"href":"https:\/\/iberopress.es\/index.php\/wp-json\/wp\/v2\/categories?post=39181"},{"taxonomy":"post_tag","embeddable":true,"href":"https:\/\/iberopress.es\/index.php\/wp-json\/wp\/v2\/tags?post=39181"}],"curies":[{"name":"wp","href":"https:\/\/api.w.org\/{rel}","templated":true}]}}