{"id":39179,"date":"2023-04-25T15:20:16","date_gmt":"2023-04-25T15:20:16","guid":{"rendered":"https:\/\/iberopress.es\/index.php\/2023\/04\/25\/3-generaciones-el-podcast-que-ha-superado-los-500-suscriptores-en-tiempo-record\/"},"modified":"2023-04-25T15:20:16","modified_gmt":"2023-04-25T15:20:16","slug":"3-generaciones-el-podcast-que-ha-superado-los-500-suscriptores-en-tiempo-record","status":"publish","type":"post","link":"https:\/\/iberopress.es\/index.php\/2023\/04\/25\/3-generaciones-el-podcast-que-ha-superado-los-500-suscriptores-en-tiempo-record\/","title":{"rendered":"\u20183 Generaciones\u2019, el podcast que ha superado los 500 suscriptores en tiempo r\u00e9cord"},"content":{"rendered":"<p>\u20183 Generaciones\u2019, el podcast que ha superado los 500 suscriptores en tiempo r\u00e9cord<\/p>\n<p>\u20183 Generaciones\u2019, el podcast que ha superado los 500 suscriptores en tiempo r\u00e9cord<\/p>\n<div>\n<p>Seg\u00fan estudios publicados recientemente, durante los \u00faltimos 5 a\u00f1os, se ha producido un <strong>cambio de paradigma en el consumo de medios de informaci\u00f3n y entretenimiento<\/strong>. En este sentido, la generaci\u00f3n y la audiencia de contenidos de audio en espa\u00f1ol se han multiplicado. Por ejemplo, en el \u00faltimo periodo se han lanzado m\u00e1s de 100.000 <a href=\"http:\/\/productorasocialanimalsbcn.com\/\" rel=\"noreferrer\"><em>podcast<\/em><\/a>.<\/p>\n<p>Entre los que han llegado a distintas plataformas \u00faltimamente, uno de los de mayor crecimiento es <a href=\"http:\/\/productorasocialanimalsbcn.com\/\" rel=\"noreferrer\"><em>3 Generaciones<\/em><\/a>. La propuesta de esta emisi\u00f3n es una charla amena y con mucho humor entre una abuela, una hija y un nieto. Este <em>podcast<\/em> se present\u00f3 el 14 de octubre de 2022, ya cuenta con m\u00e1s de 25 ediciones y no ha parado de crecer en distintos<em> rankings<\/em>.<\/p>\n<h2 id=\"el-crecimiento-del-podcast-3-generaciones\">El crecimiento del <em>podcast<\/em> <em>3 Generaciones<\/em><\/h2>\n<p>El <a href=\"https:\/\/open.spotify.com\/user\/31uxolau43koz73me3ntoigwsosq?si=7d0f8753c10b4eb2&amp;nd=1\" rel=\"noreferrer\">\u00e9xito<\/a> y la repercusi\u00f3n que ha conseguido esta emisi\u00f3n han sido pr\u00e1cticamente inmediatos. En este sentido, en tan solo 3 d\u00edas desde su lanzamiento, <em>3 Generaciones<\/em> pas\u00f3 a estar en la posici\u00f3n 2.407 del <em>ranking<\/em> de toda Espa\u00f1a. Un mes m\u00e1s tarde ya se encontraba en el escal\u00f3n 886. Mientras tanto, se posicion\u00f3 en el lugar 115 en Itunes. Adem\u00e1s, consigui\u00f3 buenas posiciones en pa\u00edses como Argentina, Portugal, M\u00e9xico, Chile, Per\u00fa, Colombia y Venezuela, entre otros. En este breve tiempo, ha ido logrando crear una comunidad de 550 suscriptores que crece d\u00eda a d\u00eda.<\/p>\n<p><em>3 Generaciones<\/em> es dirigido y producido por <strong>Elena Batista<\/strong>, quien trabaja como presentadora en los programas televisivos Sense Control y Fot-li Cullerada. Ambos se emiten en el canal de televisi\u00f3n Canal 4 Televisi\u00f3. Ahora bien, en este <em>podcast<\/em>, junto a su madre y su hijo, habla sin filtros de distintos temas cotidianos. Se trata de una conversaci\u00f3n como la que es posible encontrar en cualquier hogar.<\/p>\n<p>En este sentido, estos tres familiares han comentado sus experiencias y pareceres acerca del tr\u00e1fico, los atascos y las infracciones, las rebajas que encuentran en negocios o las sensaciones que han experimentado despu\u00e9s de enfadarse o reconciliarse con una persona querida.<\/p>\n<p><strong>Debido al \u00e9xito del <em>podcast <\/em>y al <em>feedback<\/em> que se ha generado con la audiencia, tambi\u00e9n han dedicado algunas emisiones a contestar preguntas y comentarios de los oyentes<\/strong>.<\/p>\n<h2 id=\"donde-se-puede-escuchar-3-generaciones\">\u00bfD\u00f3nde se puede escuchar <em>3 Generaciones<\/em>?<\/h2>\n<p>Este<em> podcast <\/em>se puede escuchar en las plataformas de <strong>Spotify, Ivoox e Itunes<\/strong>, entre otras. Adem\u00e1s, la estaci\u00f3n de radio Cooltura FM tambi\u00e9n ha querido emitirlo por su gran acogida, pudiendo escucharse en ella los viernes a las 20 horas y los domingos a las 10.<\/p>\n<p>La propuesta del <em>podcast 3 Generaciones<\/em> es hablar de la vida sin seguir un guion. Esto se debe a que sus tres integrantes opinan que as\u00ed es c\u00f3mo se vive. Debido al \u00e9xito prematuro que ha tenido esta emisi\u00f3n, es posible pensar que se trata de un proyecto que va camino al \u00e9xito.<\/p>\n<p>The post <a rel=\"nofollow\" href=\"https:\/\/tecnobitt.com\/3-generaciones-el-podcast-que-ha-superado-los-500-suscriptores-en-tiempo-record\/\">\u20183 Generaciones\u2019, el podcast que ha superado los 500 suscriptores en tiempo r\u00e9cord<\/a> appeared first on <a rel=\"nofollow\" href=\"https:\/\/tecnobitt.com\/\">TecnoBitt :- Un bit de tecnolog\u00eda diaria<\/a>.<\/p>\n<\/div>\n<p><img decoding=\"async\" class=\"wpe_imgrss\" src=\"https:\/\/tecnobitt.com\/wp-content\/uploads\/2023\/04\/img_c_6446735b22bce.jpg\"><\/p>\n<p><img decoding=\"async\" class=\"wpe_imgrss\" src=\"https:\/\/diarioemprendedor.com\/wp-content\/uploads\/2023\/04\/img_c_6446735b22bce.jpg\"><\/p>\n","protected":false},"excerpt":{"rendered":"\u20183 Generaciones\u2019, el podcast que ha superado los 500 suscriptores en tiempo r\u00e9cord \u20183 Generaciones\u2019, el podcast que&hellip;","protected":false},"author":2,"featured_media":39180,"comment_status":"closed","ping_status":"closed","sticky":false,"template":"","format":"standard","meta":{"csco_display_header_overlay":false,"csco_singular_sidebar":"","csco_page_header_type":"","csco_page_load_nextpost":"","csco_post_video_location":[],"csco_post_video_location_hash":"","csco_post_video_url":"","csco_post_video_bg_start_time":0,"csco_post_video_bg_end_time":0,"footnotes":""},"categories":[554,426,762,729,427,763,764,765,466,766],"tags":[114],"class_list":["post-39179","post","type-post","status-publish","format-standard","has-post-thumbnail","category-actualidad","category-destacado","category-ecocistema","category-entrevistas","category-featured","category-inversiones","category-noticia","category-noticias","category-startups","category-venture-capital","tag-destacado","cs-entry","cs-video-wrap"],"_links":{"self":[{"href":"https:\/\/iberopress.es\/index.php\/wp-json\/wp\/v2\/posts\/39179","targetHints":{"allow":["GET"]}}],"collection":[{"href":"https:\/\/iberopress.es\/index.php\/wp-json\/wp\/v2\/posts"}],"about":[{"href":"https:\/\/iberopress.es\/index.php\/wp-json\/wp\/v2\/types\/post"}],"author":[{"embeddable":true,"href":"https:\/\/iberopress.es\/index.php\/wp-json\/wp\/v2\/users\/2"}],"replies":[{"embeddable":true,"href":"https:\/\/iberopress.es\/index.php\/wp-json\/wp\/v2\/comments?post=39179"}],"version-history":[{"count":0,"href":"https:\/\/iberopress.es\/index.php\/wp-json\/wp\/v2\/posts\/39179\/revisions"}],"wp:featuredmedia":[{"embeddable":true,"href":"https:\/\/iberopress.es\/index.php\/wp-json\/wp\/v2\/media\/39180"}],"wp:attachment":[{"href":"https:\/\/iberopress.es\/index.php\/wp-json\/wp\/v2\/media?parent=39179"}],"wp:term":[{"taxonomy":"category","embeddable":true,"href":"https:\/\/iberopress.es\/index.php\/wp-json\/wp\/v2\/categories?post=39179"},{"taxonomy":"post_tag","embeddable":true,"href":"https:\/\/iberopress.es\/index.php\/wp-json\/wp\/v2\/tags?post=39179"}],"curies":[{"name":"wp","href":"https:\/\/api.w.org\/{rel}","templated":true}]}}