{"id":39160,"date":"2023-04-25T13:46:45","date_gmt":"2023-04-25T13:46:45","guid":{"rendered":"https:\/\/iberopress.es\/index.php\/2023\/04\/25\/aeit-madrid-celebra-un-cafe-con-albert-cuatrecasas-director-general-de-cellnex-espana\/"},"modified":"2023-04-25T13:46:45","modified_gmt":"2023-04-25T13:46:45","slug":"aeit-madrid-celebra-un-cafe-con-albert-cuatrecasas-director-general-de-cellnex-espana","status":"publish","type":"post","link":"https:\/\/iberopress.es\/index.php\/2023\/04\/25\/aeit-madrid-celebra-un-cafe-con-albert-cuatrecasas-director-general-de-cellnex-espana\/","title":{"rendered":"AEIT-Madrid celebra \u2018Un Caf\u00e9 Con\u2026 Albert Cuatrecasas\u2019, director general de Cellnex Espa\u00f1a"},"content":{"rendered":"<p>AEIT-Madrid celebra \u2018Un Caf\u00e9 Con\u2026 Albert Cuatrecasas\u2019, director general de Cellnex Espa\u00f1a<\/p>\n<p>AEIT-Madrid celebra \u2018Un Caf\u00e9 Con\u2026 Albert Cuatrecasas\u2019, director general de Cellnex Espa\u00f1a<\/p>\n<div>\n<p>\/COMUNICAE\/ <\/p>\n<p>El encuentro tratar\u00e1 sobre las redes e infraestructuras de telecomunicaci\u00f3n. Se emitir\u00e1 el 28 de abril a las 9:30h a trav\u00e9s del canal de YouTube de la Asociaci\u00f3n<\/p>\n<p>La Delegaci\u00f3n en Madrid de la Asociaci\u00f3n Espa\u00f1ola de Ingenieros de Telecomunicaci\u00f3n, <a href=\"https:\/\/www.aeitm.es\/\" rel=\"nofollow\">AEIT-Madrid<\/a> emite el pr\u00f3ximo viernes, 28 de abril a partir de las 9:30 horas, una nueva sesi\u00f3n de \u2018Un Caf\u00e9 Con\u2026.\u2019. En esta ocasi\u00f3n se contar\u00e1 con la participaci\u00f3n de <strong>Albert Cuatrecasas<\/strong>, director general de Cellnex Espa\u00f1a.\u00a0<\/p>\n<p>Este encuentro, moderado por <strong>V\u00edctor Valle, secretario de la AEIT-Madrid,<\/strong> tratar\u00e1 sobre el sector de las redes de telecomunicaci\u00f3n y sus infraestructuras. Todo ello desde la privilegiada visi\u00f3n de uno de sus principales actores internacionales y l\u00edder del mercado espa\u00f1ol: Cellnex.<\/p>\n<p>El encuentro se podr\u00e1 ver en el <a href=\"https:\/\/www.youtube.com\/playlist?list=PLlEVjnAR-1UTYkeqIB5DhoUucsdX3Mg6C\" rel=\"nofollow\"><strong>canal de YouTube de la Asociaci\u00f3n<\/strong><\/a> y desde la <a href=\"https:\/\/www.aeitm.es\/actividades\/un-cafe-con\" rel=\"nofollow\"><strong><em>microsite <\/em><\/strong><strong>de Un Caf\u00e9 Con\u2026<\/strong><\/a>. Albert Cuatrecasas es miembro del Comit\u00e9 Ejecutivo de Cellnex Telecom y el director general de Cellnex Espa\u00f1a. Adem\u00e1s, es consejero y presidente de las sociedades de Cellnex Telecom en Espa\u00f1a.<\/p>\n<p>Es el actual Ingeniero del a\u00f1o y como \u00e9l mismo comenta, \u00absi volviese a nacer, volver\u00eda a estudiar Telecomunicaciones\u00bb, cuesti\u00f3n que se tratar\u00e1 durante el encuentro. Es ingeniero superior de Telecomunicaci\u00f3n por la Universidad Polit\u00e9cnica de Catalunya y ha cursado el Programa de Desarrollo Directivo del IESE en 2015.\u00a0<\/p>\n<p>Reci\u00e9n licenciado, se incorpora al COOB\u201992 del que recuerda que, \u00abde las olimpiadas uno se lleva\u00a0la pasi\u00f3n de todos los colaboradores y voluntarios, el empuje y la ilusi\u00f3n por un proyecto important\u00edsimo\u00bb.<\/p>\n<p>Tras los juegos ol\u00edmpicos, entra en la direcci\u00f3n Comercial Internacional de Abengoa-Sainco Tr\u00e1fico como Marketing &amp; Sales Manager para Europa y Asia.\u00a0<\/p>\n<p>En el a\u00f1o 2000 se une al hoy Cellnex Telecom, en el que lleva 22 a\u00f1os desde el origen. Albert progres\u00f3 a director de Negocio Territorial, director de Negocio global y en 2016 fue promocionado a director general de Cellnex Espa\u00f1a, cargo que lleva desempe\u00f1ando 8 a\u00f1os con una responsabilidad de m\u00e1s de 600 millones de euros al a\u00f1o, 11.000 torres y un equipo de 1.000 personas.\u00a0<\/p>\n<p><strong>Sobre la Asociaci\u00f3n Espa\u00f1ola de Ingenieros de Telecomunicaci\u00f3n de Madrid (AEIT-Madrid)<\/strong><br \/> La Delegaci\u00f3n en Madrid de la Asociaci\u00f3n Espa\u00f1ola de Ingenieros de Telecomunicaci\u00f3n (AEIT-Madrid) nace en 2009 por mandato de la Asamblea General de la Asociaci\u00f3n Espa\u00f1ola de Ingenieros de Telecomunicaci\u00f3n (AEIT), con el objeto de completar su modelo territorial y dar un servicio de proximidad a sus asociados en una Comunidad Aut\u00f3noma que concentra a unos 3.000, alrededor del 43% de los asociados del total nacional.<\/p>\n<p>Con el fin de ser la asociaci\u00f3n de referencia para todos los Ingenieros de Telecomunicaci\u00f3n que desarrollan su actividad en la Comunidad de Madrid, AEIT-Madrid tiene entre sus l\u00edneas prioritarias de trabajo la de potenciar la relevancia socioecon\u00f3mica de la Ingenier\u00eda de Telecomunicaci\u00f3n y sus profesionales, mediante la intensificaci\u00f3n de las relaciones con las empresas, instituciones y universidades de la Comunidad, as\u00ed como el fomento de la incorporaci\u00f3n y participaci\u00f3n activa de sus asociados, especialmente de los m\u00e1s j\u00f3venes, y la provisi\u00f3n de herramientas que faciliten su orientaci\u00f3n y reciclaje profesional, para impulsar su reconocimiento en los \u00e1mbitos empresarial e institucional, as\u00ed como en el mercado de trabajo.<\/p>\n<p class=\"mediakit\"> Fuente <a href=\"https:\/\/www.comunicae.es\/notas-de-prensa\/aeit-madrid-celebra-un-cafe-con-albert_1\/\">Comunicae<\/a><\/p>\n<p>The post <a rel=\"nofollow\" href=\"https:\/\/tecnobitt.com\/aeit-madrid-celebra-un-cafe-con-albert-cuatrecasas-director-general-de-cellnex-espana\/\">AEIT-Madrid celebra \u2018Un Caf\u00e9 Con\u2026 Albert Cuatrecasas\u2019, director general de Cellnex Espa\u00f1a<\/a> appeared first on <a rel=\"nofollow\" href=\"https:\/\/tecnobitt.com\/\">TecnoBitt :- Un bit de tecnolog\u00eda diaria<\/a>.<\/p>\n<\/div>\n<p><img decoding=\"async\" class=\"wpe_imgrss\" src=\"https:\/\/www.comunicae.es\/notificaLectura.php?tipoCanalId=75&amp;notaId=1245270\"><\/p>\n","protected":false},"excerpt":{"rendered":"AEIT-Madrid celebra \u2018Un Caf\u00e9 Con\u2026 Albert Cuatrecasas\u2019, director general de Cellnex Espa\u00f1a AEIT-Madrid celebra \u2018Un Caf\u00e9 Con\u2026 Albert&hellip;","protected":false},"author":2,"featured_media":0,"comment_status":"closed","ping_status":"closed","sticky":false,"template":"","format":"standard","meta":{"csco_display_header_overlay":false,"csco_singular_sidebar":"","csco_page_header_type":"","csco_page_load_nextpost":"","csco_post_video_location":[],"csco_post_video_location_hash":"","csco_post_video_url":"","csco_post_video_bg_start_time":0,"csco_post_video_bg_end_time":0,"footnotes":""},"categories":[554,426,762,729,116,427,763,28,764,765,466,766],"tags":[114],"class_list":["post-39160","post","type-post","status-publish","format-standard","category-actualidad","category-destacado","category-ecocistema","category-entrevistas","category-eventos","category-featured","category-inversiones","category-madrid","category-noticia","category-noticias","category-startups","category-venture-capital","tag-destacado","cs-entry","cs-video-wrap"],"_links":{"self":[{"href":"https:\/\/iberopress.es\/index.php\/wp-json\/wp\/v2\/posts\/39160","targetHints":{"allow":["GET"]}}],"collection":[{"href":"https:\/\/iberopress.es\/index.php\/wp-json\/wp\/v2\/posts"}],"about":[{"href":"https:\/\/iberopress.es\/index.php\/wp-json\/wp\/v2\/types\/post"}],"author":[{"embeddable":true,"href":"https:\/\/iberopress.es\/index.php\/wp-json\/wp\/v2\/users\/2"}],"replies":[{"embeddable":true,"href":"https:\/\/iberopress.es\/index.php\/wp-json\/wp\/v2\/comments?post=39160"}],"version-history":[{"count":0,"href":"https:\/\/iberopress.es\/index.php\/wp-json\/wp\/v2\/posts\/39160\/revisions"}],"wp:attachment":[{"href":"https:\/\/iberopress.es\/index.php\/wp-json\/wp\/v2\/media?parent=39160"}],"wp:term":[{"taxonomy":"category","embeddable":true,"href":"https:\/\/iberopress.es\/index.php\/wp-json\/wp\/v2\/categories?post=39160"},{"taxonomy":"post_tag","embeddable":true,"href":"https:\/\/iberopress.es\/index.php\/wp-json\/wp\/v2\/tags?post=39160"}],"curies":[{"name":"wp","href":"https:\/\/api.w.org\/{rel}","templated":true}]}}