{"id":39124,"date":"2023-04-25T09:51:34","date_gmt":"2023-04-25T09:51:34","guid":{"rendered":"https:\/\/iberopress.es\/index.php\/2023\/04\/25\/instalaciones-fotovoltaicas-y-puntos-de-recarga-a-interes-0-de-la-mano-de-multienergia-verde\/"},"modified":"2023-04-25T09:51:34","modified_gmt":"2023-04-25T09:51:34","slug":"instalaciones-fotovoltaicas-y-puntos-de-recarga-a-interes-0-de-la-mano-de-multienergia-verde","status":"publish","type":"post","link":"https:\/\/iberopress.es\/index.php\/2023\/04\/25\/instalaciones-fotovoltaicas-y-puntos-de-recarga-a-interes-0-de-la-mano-de-multienergia-verde\/","title":{"rendered":"Instalaciones fotovoltaicas y puntos de recarga a inter\u00e9s 0 de la mano de Multienerg\u00eda Verde"},"content":{"rendered":"<p>Instalaciones fotovoltaicas y puntos de recarga a inter\u00e9s 0 de la mano de Multienerg\u00eda Verde<\/p>\n<p>Instalaciones fotovoltaicas y puntos de recarga a inter\u00e9s 0 de la mano de Multienerg\u00eda Verde<\/p>\n<div>\n<p>El consumo de energ\u00eda es uno de los principales factores desencadenantes del cambio clim\u00e1tico y sus devastadores efectos.<\/p>\n<p>Uno de los objetivos globales en la lucha contra este fen\u00f3meno es alcanzar el acceso universal a la <a href=\"https:\/\/www.multienergia.es\/autoconsumo\/\" rel=\"noreferrer\">energ\u00eda sostenible<\/a> para 2030, una meta que a\u00fan tiene varios obst\u00e1culos en el horizonte.<\/p>\n<p>Para conseguir este objetivo, se necesita<strong> acoplar esfuerzos para romper con diversas brechas y desigualdades econ\u00f3micas<\/strong>, las cuales imposibilitan el acceso de ciertos sectores a fuentes de energ\u00eda limpia y sostenible. As\u00ed lo recalca <a href=\"https:\/\/www.multienergia.es\/movilidad\/\" rel=\"noreferrer\">Multienerg\u00eda Verde<\/a>, con un proyecto que aporta su granito de arena ofreciendo instalaciones fotovoltaicas y puntos de recarga a inter\u00e9s 0.<\/p>\n<h2 id=\"los-problemas-que-obstaculizan-el-acceso-universal-a-energia-sostenible\">Los problemas que obstaculizan el acceso universal a energ\u00eda sostenible<\/h2>\n<p>El acceso universal a la energ\u00eda sostenible para 2030 es uno de los objetivos de desarrollo sostenible de la ONU, planteados para combatir el cambio clim\u00e1tico. Sin embargo, varios an\u00e1lisis se\u00f1alan que esta meta es actualmente <strong>inalcanzable y seguir\u00e1 siendo as\u00ed mientras no se aborden varias desigualdades estructurales<\/strong>. Un ejemplo de ello radica en los pa\u00edses africanos al sur del Sahara. En la \u00faltima d\u00e9cada, la cantidad de personas que obtuvieron acceso a la electricidad aument\u00f3 a nivel global, pero en esta zona del continente, en cambio, disminuy\u00f3.<\/p>\n<p>Los informes de los organismos internacionales se\u00f1alan que se han alcanzado varios avances hacia este objetivo, pero dicho progreso no ha sido equitativo en todas las regiones. As\u00ed lo refleja tambi\u00e9n el uso de energ\u00edas limpias para cocinar, una meta que no muestra mayores avances desde 2010. En 2019, seg\u00fan los an\u00e1lisis, alrededor de un tercio de la poblaci\u00f3n mundial segu\u00eda sin tener acceso a formas limpias de cocinar, un problema que causa varias muertes al a\u00f1o debido a la inhalaci\u00f3n de humos t\u00f3xicos en la cocina.<\/p>\n<p>Estas situaciones se hacen especialmente visibles en el \u00c1frica subsahariana, donde el crecimiento poblacional de muchos pa\u00edses supera los esfuerzos por brindar mayor cobertura el\u00e9ctrica. Es as\u00ed que, bajo este ritmo, se estima que <strong>el objetivo de acceso universal a la energ\u00eda sostenible fallar\u00e1 en 2030 por aproximadamente un 30% de la poblaci\u00f3n<\/strong>.<\/p>\n<h2 id=\"los-objetivos-de-desarrollo-sostenible-y-la-contribucion-de-las-energias-renovables\">Los objetivos de desarrollo sostenible y la contribuci\u00f3n de las energ\u00edas renovables<\/h2>\n<p>Los informes de organismos internacionales tambi\u00e9n examinan <strong>posibles alternativas para salvar esta brecha<\/strong> y cumplir con los objetivos planteados para 2030. Varias de estas iniciativas apelan al <strong>uso de energ\u00edas renovables<\/strong>, las cuales han registrado uno de los mayores dinamismos y crecimientos dentro del sector energ\u00e9tico. Dicho incremento refleja cierto aporte y financiamiento del sector p\u00fablico, sin embargo, la mayor parte de proyectos en este \u00e1mbito vienen de empresas privadas que, en alguna medida, tienen un compromiso con el uso de energ\u00eda limpia y sostenible.<\/p>\n<p>Una de ellas es <strong>Multienerg\u00eda Verde, una compa\u00f1\u00eda que se especializa en optimizar la eficiencia energ\u00e9tica de hogares<\/strong>, empresas y comunidades de propietarios, as\u00ed como en instalar fuentes de energ\u00eda renovable mediante paneles fotovoltaicos. Sus servicios ayudan a generar conciencia sobre los beneficios de la energ\u00eda el\u00e9ctrica renovable, a la vez que ayudan a difundir y hacer m\u00e1s asequibles las fuentes energ\u00e9ticas sostenibles.<\/p>\n<p>The post <a rel=\"nofollow\" href=\"https:\/\/tecnobitt.com\/instalaciones-fotovoltaicas-y-puntos-de-recarga-a-interes-0-de-la-mano-de-multienergia-verde\/\">Instalaciones fotovoltaicas y puntos de recarga a inter\u00e9s 0 de la mano de Multienerg\u00eda Verde<\/a> appeared first on <a rel=\"nofollow\" href=\"https:\/\/tecnobitt.com\/\">TecnoBitt :- Un bit de tecnolog\u00eda diaria<\/a>.<\/p>\n<\/div>\n<p><img decoding=\"async\" class=\"wpe_imgrss\" src=\"https:\/\/tecnobitt.com\/wp-content\/uploads\/2023\/04\/img_8b6b5b4c81eb5caab99f16026b6664e9.jpg\"><\/p>\n<p><img decoding=\"async\" class=\"wpe_imgrss\" src=\"https:\/\/diarioemprendedor.com\/wp-content\/uploads\/2023\/04\/img_8b6b5b4c81eb5caab99f16026b6664e9.jpg\"><\/p>\n","protected":false},"excerpt":{"rendered":"Instalaciones fotovoltaicas y puntos de recarga a inter\u00e9s 0 de la mano de Multienerg\u00eda Verde Instalaciones fotovoltaicas y&hellip;","protected":false},"author":2,"featured_media":39125,"comment_status":"closed","ping_status":"closed","sticky":false,"template":"","format":"standard","meta":{"csco_display_header_overlay":false,"csco_singular_sidebar":"","csco_page_header_type":"","csco_page_load_nextpost":"","csco_post_video_location":[],"csco_post_video_location_hash":"","csco_post_video_url":"","csco_post_video_bg_start_time":0,"csco_post_video_bg_end_time":0,"footnotes":""},"categories":[554,426,762,729,427,763,764,765,466,766],"tags":[114],"class_list":["post-39124","post","type-post","status-publish","format-standard","has-post-thumbnail","category-actualidad","category-destacado","category-ecocistema","category-entrevistas","category-featured","category-inversiones","category-noticia","category-noticias","category-startups","category-venture-capital","tag-destacado","cs-entry","cs-video-wrap"],"_links":{"self":[{"href":"https:\/\/iberopress.es\/index.php\/wp-json\/wp\/v2\/posts\/39124","targetHints":{"allow":["GET"]}}],"collection":[{"href":"https:\/\/iberopress.es\/index.php\/wp-json\/wp\/v2\/posts"}],"about":[{"href":"https:\/\/iberopress.es\/index.php\/wp-json\/wp\/v2\/types\/post"}],"author":[{"embeddable":true,"href":"https:\/\/iberopress.es\/index.php\/wp-json\/wp\/v2\/users\/2"}],"replies":[{"embeddable":true,"href":"https:\/\/iberopress.es\/index.php\/wp-json\/wp\/v2\/comments?post=39124"}],"version-history":[{"count":0,"href":"https:\/\/iberopress.es\/index.php\/wp-json\/wp\/v2\/posts\/39124\/revisions"}],"wp:featuredmedia":[{"embeddable":true,"href":"https:\/\/iberopress.es\/index.php\/wp-json\/wp\/v2\/media\/39125"}],"wp:attachment":[{"href":"https:\/\/iberopress.es\/index.php\/wp-json\/wp\/v2\/media?parent=39124"}],"wp:term":[{"taxonomy":"category","embeddable":true,"href":"https:\/\/iberopress.es\/index.php\/wp-json\/wp\/v2\/categories?post=39124"},{"taxonomy":"post_tag","embeddable":true,"href":"https:\/\/iberopress.es\/index.php\/wp-json\/wp\/v2\/tags?post=39124"}],"curies":[{"name":"wp","href":"https:\/\/api.w.org\/{rel}","templated":true}]}}