{"id":39112,"date":"2023-04-25T09:31:39","date_gmt":"2023-04-25T09:31:39","guid":{"rendered":"https:\/\/iberopress.es\/index.php\/2023\/04\/25\/los-casos-de-violencia-de-genero-siguen-creciendo-se-necesita-otro-enfoque\/"},"modified":"2023-04-25T09:31:39","modified_gmt":"2023-04-25T09:31:39","slug":"los-casos-de-violencia-de-genero-siguen-creciendo-se-necesita-otro-enfoque","status":"publish","type":"post","link":"https:\/\/iberopress.es\/index.php\/2023\/04\/25\/los-casos-de-violencia-de-genero-siguen-creciendo-se-necesita-otro-enfoque\/","title":{"rendered":"Los casos de violencia de g\u00e9nero siguen creciendo, \u00bfse necesita otro enfoque?"},"content":{"rendered":"<p>Los casos de violencia de g\u00e9nero siguen creciendo, \u00bfse necesita otro enfoque?<\/p>\n<p>Los casos de violencia de g\u00e9nero siguen creciendo, \u00bfse necesita otro enfoque?<\/p>\n<div>\n<p>Hoy se va a hablar con <a href=\"https:\/\/emilio-calvo.com\/\" rel=\"noreferrer\">Emilio Calvo<\/a>, formador, <em>coach<\/em>, escritor y conferenciante que en sus talleres presenciales ha podido ayudar a personas que han vivido este tipo de violencia.<\/p>\n<p><strong>Emilio, \u00bfpor qu\u00e9 no funciona lo que se est\u00e1 haciendo? \u00bfPor qu\u00e9 siguen aumentando los casos de violencia de g\u00e9nero?<\/strong><\/p>\n<p>Porque se est\u00e1 actuando en el s\u00edntoma y no en la causa. Cuando tienes fiebre, la fiebre no es la enfermedad, solo es un s\u00edntoma. Detr\u00e1s de cualquier caso de <a href=\"https:\/\/emilio-calvo.com\/\" rel=\"noreferrer\">violencia de g\u00e9nero<\/a> hay dos personas con conflictos internos que necesitan ser abordados de otra manera. Si simplemente protegemos a la v\u00edctima y encerramos al maltratador, solo habremos puesto un parche.<\/p>\n<p>El protocolo que se ha creado desde las autoridades busca proteger a la v\u00edctima ante todo. Desde ese \u00e1nimo se tiende a \u201csobreproteger\u201d. Se le dice que no es responsable de lo que ha pasado. Que el sistema se ocupar\u00e1 de protegerla y ayudarla. Se le encasilla dentro de la palabra v\u00edctima y a veces se le da tantas ayudas y apoyo que se anula a la persona.<\/p>\n<p>F\u00edjate que hablo del sistema y no de los profesionales que est\u00e1n dentro de \u00e9l. La palabra v\u00edctima tiene una carga emocional que hace que la persona sienta que no hay nada que ella hubiera podido hacer para cambiar esa situaci\u00f3n, y este es el problema de fondo que hace que los casos sigan aumentando.<\/p>\n<p><strong>\u00bfCu\u00e1les son entonces las causas y c\u00f3mo trabajar en ellas?<\/strong><\/p>\n<p>Detr\u00e1s de una persona que \u201cpermite\u201d (de manera inconsciente) vivir malos tratos, suele haber personas con baja autoestima, poca seguridad en s\u00ed mismas, con heridas de abandono u otros traumas infantiles. El primer paso es identificar estas heridas, que como te comento est\u00e1n guardadas en el inconsciente, trabajar sobre ellas y que la persona entienda que ha sido ella (influida por estos traumas) quien consinti\u00f3 los malos tratos. Desde esa nueva perspectiva (que a muchos escandaliza) te aseguro que la persona se empodera y no vuelve a permitir estos comportamientos.<\/p>\n<p>Me dir\u00e1n que no se puede generalizar y que hay casos donde las circunstancias influyen tanto que la persona no tiene alternativas. Lo siento no creo en eso. Si ante la misma circunstancia dos personas act\u00faan de manera diferente, siempre hay que buscar por qu\u00e9 actuamos, como actuamos m\u00e1s all\u00e1 de las circunstancias.\u00a0<\/p>\n<p><strong>\u00bfNo es peligroso que la persona maltratada se sienta responsable de lo que ha vivido?<\/strong><\/p>\n<p>En absoluto, siempre que se haga de la manera correcta y en el orden correcto. Una persona que, sin saberlo, se ha comportado de una manera porque su inconsciente le ha guiado, no es responsable de sus actos. Pero una vez que se le demuestra el porqu\u00e9 actuamos como actuamos, luego si llega el momento de que tome las riendas de su vida, se empodere, gane confianza y desde ah\u00ed si necesita tomar responsabilidad.<\/p>\n<p><strong>Esta nueva manera de abordar este problema, \u00bfse basa en estudios cient\u00edficos o en evidencias contrastadas?\u00a0<\/strong><\/p>\n<p>Me encanta que me hagas esta pregunta, porque he trabajado con asociaciones de mujeres maltratadas y esa era su primera duda. Hay miles de estudios cient\u00edficos que te demuestran con una resonancia electromagn\u00e9tica c\u00f3mo se modifica nuestra estructura cerebral cuando pasamos de un estado mental en el que nos creemos v\u00edctima sin que podamos hacer nada ante una situaci\u00f3n, a cuando pasamos a ser responsables y l\u00edderes.\u00a0<\/p>\n<p>Cuando te sientes v\u00edctima de una situaci\u00f3n, tu cuerpo est\u00e1 repleto de cortisol. Tu cerebro entra en modo de ataque-huida. Dejas de tener el control racional sobre tu respuesta.<\/p>\n<p>Cuando pasas de v\u00edctima a responsable, sin embargo, generas endorfina, dopamina, serotonina, tu estado de \u00e1nimo cambia y tus acciones cambian.<\/p>\n<p>Pero como te repito, esto es el segundo paso tras haber trabajado en las heridas de la infancia. M\u00e1s all\u00e1 de que esta manera de abordar el problema tiene toda la l\u00f3gica psicol\u00f3gica y de que he visto casi un centenar de casos en los que el cambio ha sido brutal, he de decirte que estas herramientas no son m\u00edas y de que no solo se aplican en casos de maltratos.<\/p>\n<p>A m\u00ed me sirvieron para salir de una profunda depresi\u00f3n. He visto como personas con varios intentos de suicidio hoy dirigen su vida y son felices. Y desde estos casos digamos m\u00e1s graves, estas herramientas tambi\u00e9n ayudan a personas que no tienen problemas tan fuertes: dejar atr\u00e1s bloqueos, miedos, inseguridades, problemas para alcanzar objetivos, etc.<\/p>\n<p><strong>Nos dec\u00edas antes que tambi\u00e9n hay que trabajar con el maltratador, \u00bfa qu\u00e9 te refer\u00edas?<\/strong><\/p>\n<p>Pues es un poco de lo mismo. Si simplemente creemos que es un depravado, o un enfermo mental, y lo encerramos, cuando salga todo seguir\u00e1 igual. Hay algunos casos donde el maltratador tiene un problema psiqui\u00e1trico grave y de dif\u00edcil soluci\u00f3n. Pero en la mayor\u00eda de las situaciones de violencia, si estudias los casos podr\u00e1s ver, que son personas con heridas y traumas de la infancia que tambi\u00e9n necesitan ser trabajados y resueltos. \u00bfTienen que pagar por lo que hicieron?. Por supuesto que s\u00ed, pero tambi\u00e9n necesitan entender qu\u00e9 programaci\u00f3n inconsciente les llev\u00f3 a actuar as\u00ed.\u00a0<\/p>\n<p><strong>Emilio, espero que seas consciente de que es un tema delicado actualmente y que este nuevo enfoque pueda generar dudas. Para ayudarnos a entenderlo mejor, \u00bfnos podr\u00edas poner un ejemplo concreto sin decir nombres?<\/strong><\/p>\n<p>Claro que s\u00ed, tengo docenas de ejemplos. Recuerdo, por ejemplo, a una mujer que vivi\u00f3 casi 20 a\u00f1os de continuados maltratos porque en su inconsciente ten\u00eda grabada una necesidad muy alta de seguridad y reconocimiento y no quer\u00eda \u201cdefraudar\u201d a sus padres y que todo el mundo se enterase de su situaci\u00f3n. Vivi\u00f3 el primer momento de maltrato. De una manera muy t\u00edmida fue a hablar con su familia, estos desde su ignorancia le dijeron que eso eran cosas que se solucionaban dentro del matrimonio, y ella se sinti\u00f3 sola y abandonada. Prefiri\u00f3 callar.\u00a0\u00a0<\/p>\n<p>Cuando empezamos a trabajar tuvo que hacer un trabajo para que su inconsciente culpara a sus padres por no haberla protegido, segundo perdonarles y comprenderles. Despu\u00e9s, trabaj\u00f3 para interiorizar que ella pod\u00eda haber elegido salir de all\u00ed, incluso sin el apoyo de los padres, solo por ella, y que si no lo hizo era porque estaba secuestrada por esas emociones inconscientes. Y desde ah\u00ed se hizo responsable, tom\u00f3 el control. Denunci\u00f3 a su pareja, pero sin sentir odio hacia \u00e9l, desde su fortaleza y desde un lugar de empoderamiento precioso, la pude ver crear una vida nueva. Es muy gratificante vivir estos procesos.<\/p>\n<p>En conclusi\u00f3n, las personas que deseen conocer m\u00e1s sobre este profesional pueden entrar a su p\u00e1gina web o seguirle en su cuenta de Instagram <a href=\"https:\/\/www.instagram.com\/emiliocalvocoaching\/\" rel=\"noreferrer\">@emiliocalvocoaching<\/a>.<\/p>\n<p>The post <a rel=\"nofollow\" href=\"https:\/\/tecnobitt.com\/los-casos-de-violencia-de-genero-siguen-creciendo-se-necesita-otro-enfoque\/\">Los casos de violencia de g\u00e9nero siguen creciendo, \u00bfse necesita otro enfoque?<\/a> appeared first on <a rel=\"nofollow\" href=\"https:\/\/tecnobitt.com\/\">TecnoBitt :- Un bit de tecnolog\u00eda diaria<\/a>.<\/p>\n<\/div>\n<p><img decoding=\"async\" class=\"wpe_imgrss\" src=\"https:\/\/tecnobitt.com\/wp-content\/uploads\/2023\/04\/img_c_6446a7054ac7f.jpg\"><\/p>\n<p><img decoding=\"async\" class=\"wpe_imgrss\" src=\"https:\/\/diarioemprendedor.com\/wp-content\/uploads\/2023\/04\/img_c_6446a7054ac7f.jpg\"><\/p>\n","protected":false},"excerpt":{"rendered":"Los casos de violencia de g\u00e9nero siguen creciendo, \u00bfse necesita otro enfoque? Los casos de violencia de g\u00e9nero&hellip;","protected":false},"author":2,"featured_media":39113,"comment_status":"closed","ping_status":"closed","sticky":false,"template":"","format":"standard","meta":{"csco_display_header_overlay":false,"csco_singular_sidebar":"","csco_page_header_type":"","csco_page_load_nextpost":"","csco_post_video_location":[],"csco_post_video_location_hash":"","csco_post_video_url":"","csco_post_video_bg_start_time":0,"csco_post_video_bg_end_time":0,"footnotes":""},"categories":[554,426,762,729,427,763,764,765,466,766],"tags":[114],"class_list":["post-39112","post","type-post","status-publish","format-standard","has-post-thumbnail","category-actualidad","category-destacado","category-ecocistema","category-entrevistas","category-featured","category-inversiones","category-noticia","category-noticias","category-startups","category-venture-capital","tag-destacado","cs-entry","cs-video-wrap"],"_links":{"self":[{"href":"https:\/\/iberopress.es\/index.php\/wp-json\/wp\/v2\/posts\/39112","targetHints":{"allow":["GET"]}}],"collection":[{"href":"https:\/\/iberopress.es\/index.php\/wp-json\/wp\/v2\/posts"}],"about":[{"href":"https:\/\/iberopress.es\/index.php\/wp-json\/wp\/v2\/types\/post"}],"author":[{"embeddable":true,"href":"https:\/\/iberopress.es\/index.php\/wp-json\/wp\/v2\/users\/2"}],"replies":[{"embeddable":true,"href":"https:\/\/iberopress.es\/index.php\/wp-json\/wp\/v2\/comments?post=39112"}],"version-history":[{"count":0,"href":"https:\/\/iberopress.es\/index.php\/wp-json\/wp\/v2\/posts\/39112\/revisions"}],"wp:featuredmedia":[{"embeddable":true,"href":"https:\/\/iberopress.es\/index.php\/wp-json\/wp\/v2\/media\/39113"}],"wp:attachment":[{"href":"https:\/\/iberopress.es\/index.php\/wp-json\/wp\/v2\/media?parent=39112"}],"wp:term":[{"taxonomy":"category","embeddable":true,"href":"https:\/\/iberopress.es\/index.php\/wp-json\/wp\/v2\/categories?post=39112"},{"taxonomy":"post_tag","embeddable":true,"href":"https:\/\/iberopress.es\/index.php\/wp-json\/wp\/v2\/tags?post=39112"}],"curies":[{"name":"wp","href":"https:\/\/api.w.org\/{rel}","templated":true}]}}