{"id":39071,"date":"2023-04-24T06:15:38","date_gmt":"2023-04-24T06:15:38","guid":{"rendered":"https:\/\/iberopress.es\/index.php\/2023\/04\/24\/liderazgo-consciente-la-clave-para-liderar-con-excelencia-y-humanidad-ante-la-incertidumbre\/"},"modified":"2023-04-24T06:15:38","modified_gmt":"2023-04-24T06:15:38","slug":"liderazgo-consciente-la-clave-para-liderar-con-excelencia-y-humanidad-ante-la-incertidumbre","status":"publish","type":"post","link":"https:\/\/iberopress.es\/index.php\/2023\/04\/24\/liderazgo-consciente-la-clave-para-liderar-con-excelencia-y-humanidad-ante-la-incertidumbre\/","title":{"rendered":"Liderazgo consciente, la clave para liderar con excelencia y humanidad ante la incertidumbre"},"content":{"rendered":"<p>Liderazgo consciente, la clave para liderar con excelencia y humanidad ante la incertidumbre<\/p>\n<p>Liderazgo consciente, la clave para liderar con excelencia y humanidad ante la incertidumbre<\/p>\n<div>\n<div><\/div>\n<p>El <a href=\"https:\/\/www.linkedin.com\/in\/jmgascon\/\" rel=\"noreferrer\">liderazgo<\/a> y la gesti\u00f3n son dos factores clave en el \u00e9xito empresarial que se influencian mutuamente y tienen un impacto directo en los resultados econ\u00f3micos.<\/p>\n<p>Distintos y complementarios, ambos son necesarios para crecer en un entorno empresarial cada vez m\u00e1s complejo. Aunque hoy en d\u00eda, gesti\u00f3n y liderazgo se usan de manera intercambiable demasiado a menudo, son radicalmente distintos incluso cuando persiguen objetivos similares. El desaf\u00edo est\u00e1 en combinar un liderazgo fuerte y una gesti\u00f3n s\u00f3lida y, sin descuidar ninguno, usar uno para equilibrar al otro.<\/p>\n<p>En ambos casos la persona est\u00e1 en el centro. La gesti\u00f3n facilita el marco de colaboraci\u00f3n y el liderazgo conduce voluntades, por lo que <strong>los colaboradores dar\u00e1n lo mejor de s\u00ed mismos <\/strong>en funci\u00f3n del equilibrio que se logre entre ambos conceptos. Son muchos los CEOs que est\u00e1n cada vez m\u00e1s convencidos; invertir en liderazgo tiene un impacto positivo para la empresa. En este contexto, las conferencias de <a href=\"https:\/\/www.linkedin.com\/in\/jmgascon\/\" rel=\"noreferrer\">Josep-Maria Gascon<\/a> demuestran c\u00f3mo<strong> la combinaci\u00f3n adecuada de liderazgo individual y organizativo puede impulsar el \u00e9xito empresarial.<\/strong><\/p>\n<h2 id=\"liderazgo-consciente-para-empresas-con-josep-maria-gascon\">Liderazgo consciente para empresas, con Josep-Maria Gascon <\/h2>\n<p>Josep-Maria Gascon es un conferenciante especializado en liderazgo consciente, humanista y transformador. Fundador de Vitaes y <em>chairman<\/em> de CEOs de Vistage, ejerce como <em>sparring partner <\/em>y <em>coach <\/em>de ejecutivos. Su trabajo y metodolog\u00eda se centran en el <strong>desarrollo de la Consciencia personal, el fortalecimiento de las Relaciones, la gesti\u00f3n de las Emociones y la Acci\u00f3n eficiente<\/strong>, tal como refleja en el libro de narrativa empresarial, <strong><em>El Viaje. Los 4 ejes del liderazgo para llegar a la cumbre<\/em><\/strong>, en el que a trav\u00e9s de una serie de vivencias descubre <strong>las claves del liderazgo para transformar un buen grupo de personas en una organizaci\u00f3n extraordinaria.<\/strong> Su trabajo se ha ganado el respeto de muchos en el sector, gracias a su<strong> enfoque innovador y a su capacidad para ayudar a empresarios a transformar y mejorar su liderazgo.<\/strong><\/p>\n<h2 id=\"miembro-destacado-de-la-organizacion-vistage\">Miembro destacado de la organizaci\u00f3n Vistage<\/h2>\n<p>Josep-Maria Gascon forma parte de la organizaci\u00f3n Vistage, donde acompa\u00f1a a CEOs y propietarios de negocios a ser mejores l\u00edderes. Transmite como el liderazgo requiere una multitud de habilidades y como evitar distraerse de lo que es importante para no limitar la capacidad de \u00e9xito. El liderazgo consciente es clave para liderar con excelencia y humanidad ante la incertidumbre, puesto que cultiva la atenci\u00f3n plena y completa, sin perjuicios, y esto se refleja en su presencia. Los que est\u00e1n alrededor de un l\u00edder consciente ven y sienten esa presencia. Esto permite tomar las decisiones que necesita la empresa.<strong> <\/strong>Como <em>Chairman <\/em>en Vistage, Gascon tiene un grupo exclusivo de l\u00edderes empresariales a quienes gu\u00eda y apoya en la mejora de sus habilidades de liderazgo y en su desarrollo personal. En sus reuniones mensuales, los CEOs comparten experiencias y trabajan juntos en la b\u00fasqueda de soluciones a los desaf\u00edos que enfrentan en sus empresas. Desde Vistage, estos Grupos de Asesoramiento entre Iguales, que constan de 10 a 16 CEOs o propietarios, ofrecen un consejo independiente y confidencial para resolver problemas, evaluar ideas e identificar puntos ciegos en la empresa, lo cual conduce a la mejora del liderazgo de sus miembros. Como especialista en liderazgo transformacional, Gascon aporta su experiencia y conocimiento a los miembros del grupo, facilitando el mejor entorno para la toma de decisiones. En ese marco, Josep-Maria <strong>se enfoca en asistir a CEOs de pymes<\/strong><em> <\/em>que buscan impulsar su liderazgo y el crecimiento del negocio. Su experiencia permite identificar \u00e1reas de oportunidad en la empresa y en el equipo directivo para as\u00ed implementar estrategias efectivas que aceleren el \u00e9xito empresarial.\u00a0<\/p>\n<p>The post <a rel=\"nofollow\" href=\"https:\/\/tecnobitt.com\/liderazgo-consciente-la-clave-para-liderar-con-excelencia-y-humanidad-ante-la-incertidumbre\/\">Liderazgo consciente, la clave para liderar con excelencia y humanidad ante la incertidumbre<\/a> appeared first on <a rel=\"nofollow\" href=\"https:\/\/tecnobitt.com\/\">TecnoBitt :- Un bit de tecnolog\u00eda diaria<\/a>.<\/p>\n<\/div>\n<p><img decoding=\"async\" class=\"wpe_imgrss\" src=\"https:\/\/tecnobitt.com\/wp-content\/uploads\/2023\/04\/liderazgo-consciente-la-clave-para-liderar-con-excelencia-y-humanidad-ante-la-incertidumbre.jpg\"><\/p>\n<p><img decoding=\"async\" class=\"wpe_imgrss\" src=\"https:\/\/diarioemprendedor.com\/wp-content\/uploads\/2023\/04\/liderazgo-consciente-la-clave-para-liderar-con-excelencia-y-humanidad-ante-la-incertidumbre-768x512.jpg\"><\/p>\n","protected":false},"excerpt":{"rendered":"Liderazgo consciente, la clave para liderar con excelencia y humanidad ante la incertidumbre Liderazgo consciente, la clave para&hellip;","protected":false},"author":2,"featured_media":39072,"comment_status":"closed","ping_status":"closed","sticky":false,"template":"","format":"standard","meta":{"csco_display_header_overlay":false,"csco_singular_sidebar":"","csco_page_header_type":"","csco_page_load_nextpost":"","csco_post_video_location":[],"csco_post_video_location_hash":"","csco_post_video_url":"","csco_post_video_bg_start_time":0,"csco_post_video_bg_end_time":0,"footnotes":""},"categories":[554,426,762,729,427,75,763,764,765,428,466,766],"tags":[114],"class_list":["post-39071","post","type-post","status-publish","format-standard","has-post-thumbnail","category-actualidad","category-destacado","category-ecocistema","category-entrevistas","category-featured","category-internet","category-inversiones","category-noticia","category-noticias","category-prensa","category-startups","category-venture-capital","tag-destacado","cs-entry","cs-video-wrap"],"_links":{"self":[{"href":"https:\/\/iberopress.es\/index.php\/wp-json\/wp\/v2\/posts\/39071","targetHints":{"allow":["GET"]}}],"collection":[{"href":"https:\/\/iberopress.es\/index.php\/wp-json\/wp\/v2\/posts"}],"about":[{"href":"https:\/\/iberopress.es\/index.php\/wp-json\/wp\/v2\/types\/post"}],"author":[{"embeddable":true,"href":"https:\/\/iberopress.es\/index.php\/wp-json\/wp\/v2\/users\/2"}],"replies":[{"embeddable":true,"href":"https:\/\/iberopress.es\/index.php\/wp-json\/wp\/v2\/comments?post=39071"}],"version-history":[{"count":0,"href":"https:\/\/iberopress.es\/index.php\/wp-json\/wp\/v2\/posts\/39071\/revisions"}],"wp:featuredmedia":[{"embeddable":true,"href":"https:\/\/iberopress.es\/index.php\/wp-json\/wp\/v2\/media\/39072"}],"wp:attachment":[{"href":"https:\/\/iberopress.es\/index.php\/wp-json\/wp\/v2\/media?parent=39071"}],"wp:term":[{"taxonomy":"category","embeddable":true,"href":"https:\/\/iberopress.es\/index.php\/wp-json\/wp\/v2\/categories?post=39071"},{"taxonomy":"post_tag","embeddable":true,"href":"https:\/\/iberopress.es\/index.php\/wp-json\/wp\/v2\/tags?post=39071"}],"curies":[{"name":"wp","href":"https:\/\/api.w.org\/{rel}","templated":true}]}}