{"id":39057,"date":"2023-04-24T06:15:08","date_gmt":"2023-04-24T06:15:08","guid":{"rendered":"https:\/\/iberopress.es\/index.php\/2023\/04\/24\/microinjerto-capilar-para-hombres-en-verano-en-capilar-innovation-clinic\/"},"modified":"2023-04-24T06:15:08","modified_gmt":"2023-04-24T06:15:08","slug":"microinjerto-capilar-para-hombres-en-verano-en-capilar-innovation-clinic","status":"publish","type":"post","link":"https:\/\/iberopress.es\/index.php\/2023\/04\/24\/microinjerto-capilar-para-hombres-en-verano-en-capilar-innovation-clinic\/","title":{"rendered":"Microinjerto capilar para hombres en verano, en Capilar Innovation Clinic"},"content":{"rendered":"<p>Microinjerto capilar para hombres en verano, en Capilar Innovation Clinic<\/p>\n<p>Microinjerto capilar para hombres en verano, en Capilar Innovation Clinic<\/p>\n<div>\n<div><\/div>\n<p>Aquellas personas que padecen<strong> alopecia<\/strong> normalmente no encuentran el momento id\u00f3neo para llevar adelante un tratamiento adecuado.<\/p>\n<p>El <a href=\"https:\/\/capilarinnovationclinic.com\/tratamientos\/injerto-capilar\/\" rel=\"noreferrer\">microinjerto capilar<\/a>, t\u00e9cnica novedosa y efectiva, es una de las metodolog\u00edas m\u00e1s eficientes para resolver esta afecci\u00f3n, y el mejor momento del a\u00f1o para efectuarla son las vacaciones de verano.<\/p>\n<p>El centro especializado <a href=\"https:\/\/capilarinnovationclinic.com\/\" rel=\"noreferrer\">Capilar Innovation Clinic<\/a> se dedica a implementar esta t\u00e9cnica con profesionalismo y dedicaci\u00f3n. Sus expertos recomiendan hacer esta intervenci\u00f3n en verano, y explican los motivos que conducen a esta decisi\u00f3n.<\/p>\n<h2 id=\"injerto-capilar-un-proceso-rapido-y-efectivo\">Injerto capilar: un proceso r\u00e1pido y efectivo<\/h2>\n<p>Los implantes capilares actualmente disponibles representan una medida eficiente y segura de contrarrestar la p\u00e9rdida del cabello. Cl\u00ednicas a la vanguardia de los \u00faltimos adelantos m\u00e9dicos y cient\u00edficos, como los que ofrece en Madrid el centro Capilar Innovation Clinic, disponen de las<strong> t\u00e9cnicas m\u00e1s avanzadas en esta especialidad: FUE-Zafiro HD y DHI<\/strong>. Se trata de dos modalidades de intervenciones quir\u00fargicas llevadas adelante por un equipo profesional con m\u00e1s de 7 a\u00f1os de experiencia.<\/p>\n<p>Mediante alguna de estas t\u00e9cnicas, se consigue un <strong>aspecto muy natural y est\u00e9tico<\/strong>, que se adapta a las caracter\u00edsticas de cada paciente y al tipo de alopecia que el mismo padezca.\u00a0<\/p>\n<h2 id=\"cuando-es-el-mejor-momento-del-ano-para-efectuarlo\">Cu\u00e1ndo es el mejor momento del a\u00f1o para efectuarlo<\/h2>\n<p>Los especialistas de Capilar Innovation Clinic coinciden en recomendar <strong>el verano<\/strong> para realizar este tipo de intervenciones.<\/p>\n<p>La regeneraci\u00f3n durante esta \u00e9poca del a\u00f1o es m\u00e1s activa, por varios motivos: el paciente utiliza menos ropa, por lo cual se siente m\u00e1s c\u00f3modo.<\/p>\n<p>El clima es propenso a generar buen humor, algo importante en la etapa de recuperaci\u00f3n. <strong>El tiempo de reposo es m\u00e1s ameno, a la vez que la rutina en el verano suele ser m\u00e1s relajada<\/strong>, lo que tambi\u00e9n favorece positivamente la recuperaci\u00f3n.<\/p>\n<p>Las cirug\u00edas est\u00e9ticas, entre las cuales se incluye el injerto capilar, no est\u00e1n contempladas en las solicitudes de baja m\u00e9dica. Por tal motivo, en caso de realizarlas en otro momento del a\u00f1o, el paciente debe trabajar igual, algo que en verano puede evitarse si el procedimiento coincide con las vacaciones.<\/p>\n<p><strong>El estado de \u00e1nimo es muy importante para la recuperaci\u00f3n posoperatoria.<\/strong> La tranquilidad y el buen \u00e1nimo son importantes, sobre todo en la fase de <em>Shock Loss<\/em>, que es cuando se pierde tanto el pelo nativo como el injertado.<\/p>\n<p>El tratamiento que la cl\u00ednica ofrece incluye, en el mismo precio, el tratamiento regenerativo. El mismo ayuda a asegurar la vida de los fol\u00edculos en un promedio del 97 %. Para cualquier duda o consulta, se recomienda visitar su p\u00e1gina web, donde los profesionales responder\u00e1n en mayor detalle.<\/p>\n<p>The post <a rel=\"nofollow\" href=\"https:\/\/tecnobitt.com\/microinjerto-capilar-para-hombres-en-verano-en-capilar-innovation-clinic\/\">Microinjerto capilar para hombres en verano, en Capilar Innovation Clinic<\/a> appeared first on <a rel=\"nofollow\" href=\"https:\/\/tecnobitt.com\/\">TecnoBitt :- Un bit de tecnolog\u00eda diaria<\/a>.<\/p>\n<\/div>\n<p><img decoding=\"async\" class=\"wpe_imgrss\" src=\"https:\/\/tecnobitt.com\/wp-content\/uploads\/2023\/04\/microinjerto-capilar-para-hombres-en-verano-en-capilar-innovation-clinic.jpg\"><\/p>\n<p><img decoding=\"async\" class=\"wpe_imgrss\" src=\"https:\/\/diarioemprendedor.com\/wp-content\/uploads\/2023\/04\/microinjerto-capilar-para-hombres-en-verano-en-capilar-innovation-clinic-768x512.jpg\"><\/p>\n","protected":false},"excerpt":{"rendered":"Microinjerto capilar para hombres en verano, en Capilar Innovation Clinic Microinjerto capilar para hombres en verano, en Capilar&hellip;","protected":false},"author":2,"featured_media":39058,"comment_status":"closed","ping_status":"closed","sticky":false,"template":"","format":"standard","meta":{"csco_display_header_overlay":false,"csco_singular_sidebar":"","csco_page_header_type":"","csco_page_load_nextpost":"","csco_post_video_location":[],"csco_post_video_location_hash":"","csco_post_video_url":"","csco_post_video_bg_start_time":0,"csco_post_video_bg_end_time":0,"footnotes":""},"categories":[554,426,762,729,427,75,763,764,765,428,466,766],"tags":[114],"class_list":["post-39057","post","type-post","status-publish","format-standard","has-post-thumbnail","category-actualidad","category-destacado","category-ecocistema","category-entrevistas","category-featured","category-internet","category-inversiones","category-noticia","category-noticias","category-prensa","category-startups","category-venture-capital","tag-destacado","cs-entry","cs-video-wrap"],"_links":{"self":[{"href":"https:\/\/iberopress.es\/index.php\/wp-json\/wp\/v2\/posts\/39057","targetHints":{"allow":["GET"]}}],"collection":[{"href":"https:\/\/iberopress.es\/index.php\/wp-json\/wp\/v2\/posts"}],"about":[{"href":"https:\/\/iberopress.es\/index.php\/wp-json\/wp\/v2\/types\/post"}],"author":[{"embeddable":true,"href":"https:\/\/iberopress.es\/index.php\/wp-json\/wp\/v2\/users\/2"}],"replies":[{"embeddable":true,"href":"https:\/\/iberopress.es\/index.php\/wp-json\/wp\/v2\/comments?post=39057"}],"version-history":[{"count":0,"href":"https:\/\/iberopress.es\/index.php\/wp-json\/wp\/v2\/posts\/39057\/revisions"}],"wp:featuredmedia":[{"embeddable":true,"href":"https:\/\/iberopress.es\/index.php\/wp-json\/wp\/v2\/media\/39058"}],"wp:attachment":[{"href":"https:\/\/iberopress.es\/index.php\/wp-json\/wp\/v2\/media?parent=39057"}],"wp:term":[{"taxonomy":"category","embeddable":true,"href":"https:\/\/iberopress.es\/index.php\/wp-json\/wp\/v2\/categories?post=39057"},{"taxonomy":"post_tag","embeddable":true,"href":"https:\/\/iberopress.es\/index.php\/wp-json\/wp\/v2\/tags?post=39057"}],"curies":[{"name":"wp","href":"https:\/\/api.w.org\/{rel}","templated":true}]}}