{"id":39051,"date":"2023-04-23T09:25:01","date_gmt":"2023-04-23T09:25:01","guid":{"rendered":"https:\/\/iberopress.es\/index.php\/2023\/04\/23\/amafi-caravaning-abre-una-nueva-sede-de-alquiler-de-autocaravanas-en-alicante\/"},"modified":"2023-04-23T09:25:01","modified_gmt":"2023-04-23T09:25:01","slug":"amafi-caravaning-abre-una-nueva-sede-de-alquiler-de-autocaravanas-en-alicante","status":"publish","type":"post","link":"https:\/\/iberopress.es\/index.php\/2023\/04\/23\/amafi-caravaning-abre-una-nueva-sede-de-alquiler-de-autocaravanas-en-alicante\/","title":{"rendered":"Amafi Caravaning abre una nueva sede de alquiler de autocaravanas en Alicante"},"content":{"rendered":"<p>Amafi Caravaning abre una nueva sede de alquiler de autocaravanas en Alicante<\/p>\n<p>Amafi Caravaning abre una nueva sede de alquiler de autocaravanas en Alicante<\/p>\n<div>\n<p>El mercado de las autocaravanas no para de crecer, y la tendencia indica que continuar\u00e1 as\u00ed durante los pr\u00f3ximos a\u00f1os, al menos en el continente europeo. Seg\u00fan las previsiones, la tasa de crecimiento anual ser\u00e1 superior al 7 % para el per\u00edodo comprendido entre 2020 y 2025.<\/p>\n<p>Cabe destacar que en el mercado existen dos segmentos bien definidos: quienes compran los veh\u00edculos y quienes los alquilan. En este \u00faltimo sector se especializa <a href=\"https:\/\/www.amafi.es\/\" rel=\"noreferrer\">Amafi Caravaning<\/a>, una firma que ampl\u00eda su negocio abriendo una nueva sede para el <a href=\"https:\/\/www.amafi.es\/elnagh-baron-22\" rel=\"noreferrer\">alquiler autocaravanas Alicante<\/a>.<\/p>\n<h2 id=\"caravanas-de-lujo-y-confortables\">Caravanas de lujo y confortables<\/h2>\n<p>En un mercado cada vez m\u00e1s competitivo, resulta importante ofrecer la mejor calidad a los clientes, con el objetivo de fidelizarlos y obtener una alta rentabilidad. En esa l\u00ednea, Amafi Caravaning ha decidido expandirse desde Barcelona hasta Alicante, ciudad de la nueva sede. Adem\u00e1s, la firma mantiene su servicio de entrega y devoluci\u00f3n en toda Europa, ofreciendo un servicio de todo incluido.<\/p>\n<p>Una de las opciones m\u00e1s llamativas que ofrece el alquiler de autocaravanas en Alicante es el modelo<strong> Elnagh Baron 581<\/strong>. Este veh\u00edculo cuenta con una <em>suite <\/em>trasera con cama de matrimonio en isla, ba\u00f1o y ducha separada, garantizando as\u00ed altos niveles de confort durante los viajes.<\/p>\n<p>Adem\u00e1s, dicha alternativa cuenta con capacidad para cinco personas, c\u00e1mara trasera para aparcar, equipo de m\u00fasica, GPS con mapas de todo el continente europeo y alerta de radares, manos libres, <em>bluetooth <\/em>y USB para reproducir m\u00fasica y v\u00eddeos de distinto tipo. Tambi\u00e9n cuenta con un sistema de calefacci\u00f3n integral, cocina completa y servicio de wifi gratis para conectar hasta diez dispositivos.<\/p>\n<p>Por otra parte, la empresa cuenta con la opci\u00f3n de alquilar la autocaravana <strong>Elnagh Baron 22<\/strong>. Esta cuenta con siete plazas y destaca por su gran equipamiento tecnol\u00f3gico, multimedia Android, wifi gratis en toda Europa y calefacci\u00f3n y agua caliente por gasoil.<\/p>\n<h2 id=\"una-firma-de-confianza-amafi-caravaning\">Una firma de confianza, Amafi Caravaning<\/h2>\n<p>Esta empresa sigue la premisa de que es mejor disfrutar de la libertad de viajar con el alquiler de autocaravanas, que incorporan servicios de lujo, similares a los de cualquier hotel, pero con mayor flexibilidad. En esa l\u00ednea, el objetivo de Amafi Caravaning es <strong>garantizar confort, tecnolog\u00eda y seguridad<\/strong> a sus clientes, para que puedan disfrutar de un viaje sumamente placentero.<\/p>\n<p>Con relaci\u00f3n al \u00faltimo punto, la propuesta abarca asistencia en carretera las veinticuatro horas en toda Europa, trabas de seguridad en todas las puertas y asistencia telef\u00f3nica permanente, entre otras cuestiones.<\/p>\n<p>Con una gran flota, equipamiento <em>premium <\/em>y precios muy competitivos, Amafi Caravaning es una empresa destacada en el sector del alquiler de autocaravanas en Alicante y Barcelona.<\/p>\n<p>The post <a rel=\"nofollow\" href=\"https:\/\/tecnobitt.com\/amafi-caravaning-abre-una-nueva-sede-de-alquiler-de-autocaravanas-en-alicante\/\">Amafi Caravaning abre una nueva sede de alquiler de autocaravanas en Alicante<\/a> appeared first on <a rel=\"nofollow\" href=\"https:\/\/tecnobitt.com\/\">TecnoBitt :- Un bit de tecnolog\u00eda diaria<\/a>.<\/p>\n<\/div>\n<p><img decoding=\"async\" class=\"wpe_imgrss\" src=\"https:\/\/tecnobitt.com\/wp-content\/uploads\/2023\/04\/img_c_643ba1567b1ba.jpg\"><\/p>\n<p><img decoding=\"async\" class=\"wpe_imgrss\" src=\"https:\/\/diarioemprendedor.com\/wp-content\/uploads\/2023\/04\/img_c_643ba1567b1ba.jpg\"><\/p>\n","protected":false},"excerpt":{"rendered":"Amafi Caravaning abre una nueva sede de alquiler de autocaravanas en Alicante Amafi Caravaning abre una nueva sede&hellip;","protected":false},"author":2,"featured_media":39052,"comment_status":"closed","ping_status":"closed","sticky":false,"template":"","format":"standard","meta":{"csco_display_header_overlay":false,"csco_singular_sidebar":"","csco_page_header_type":"","csco_page_load_nextpost":"","csco_post_video_location":[],"csco_post_video_location_hash":"","csco_post_video_url":"","csco_post_video_bg_start_time":0,"csco_post_video_bg_end_time":0,"footnotes":""},"categories":[554,426,762,729,427,763,764,765,466,766],"tags":[114],"class_list":["post-39051","post","type-post","status-publish","format-standard","has-post-thumbnail","category-actualidad","category-destacado","category-ecocistema","category-entrevistas","category-featured","category-inversiones","category-noticia","category-noticias","category-startups","category-venture-capital","tag-destacado","cs-entry","cs-video-wrap"],"_links":{"self":[{"href":"https:\/\/iberopress.es\/index.php\/wp-json\/wp\/v2\/posts\/39051","targetHints":{"allow":["GET"]}}],"collection":[{"href":"https:\/\/iberopress.es\/index.php\/wp-json\/wp\/v2\/posts"}],"about":[{"href":"https:\/\/iberopress.es\/index.php\/wp-json\/wp\/v2\/types\/post"}],"author":[{"embeddable":true,"href":"https:\/\/iberopress.es\/index.php\/wp-json\/wp\/v2\/users\/2"}],"replies":[{"embeddable":true,"href":"https:\/\/iberopress.es\/index.php\/wp-json\/wp\/v2\/comments?post=39051"}],"version-history":[{"count":0,"href":"https:\/\/iberopress.es\/index.php\/wp-json\/wp\/v2\/posts\/39051\/revisions"}],"wp:featuredmedia":[{"embeddable":true,"href":"https:\/\/iberopress.es\/index.php\/wp-json\/wp\/v2\/media\/39052"}],"wp:attachment":[{"href":"https:\/\/iberopress.es\/index.php\/wp-json\/wp\/v2\/media?parent=39051"}],"wp:term":[{"taxonomy":"category","embeddable":true,"href":"https:\/\/iberopress.es\/index.php\/wp-json\/wp\/v2\/categories?post=39051"},{"taxonomy":"post_tag","embeddable":true,"href":"https:\/\/iberopress.es\/index.php\/wp-json\/wp\/v2\/tags?post=39051"}],"curies":[{"name":"wp","href":"https:\/\/api.w.org\/{rel}","templated":true}]}}