{"id":39047,"date":"2023-04-23T09:15:02","date_gmt":"2023-04-23T09:15:02","guid":{"rendered":"https:\/\/iberopress.es\/index.php\/2023\/04\/23\/recomendaciones-para-saber-como-gestionar-el-estres-laboral-con-talent-match\/"},"modified":"2023-04-23T09:15:02","modified_gmt":"2023-04-23T09:15:02","slug":"recomendaciones-para-saber-como-gestionar-el-estres-laboral-con-talent-match","status":"publish","type":"post","link":"https:\/\/iberopress.es\/index.php\/2023\/04\/23\/recomendaciones-para-saber-como-gestionar-el-estres-laboral-con-talent-match\/","title":{"rendered":"Recomendaciones para saber c\u00f3mo gestionar el estr\u00e9s laboral, con Talent Match"},"content":{"rendered":"<p>Recomendaciones para saber c\u00f3mo gestionar el estr\u00e9s laboral, con Talent Match<\/p>\n<p>Recomendaciones para saber c\u00f3mo gestionar el estr\u00e9s laboral, con Talent Match<\/p>\n<div>\n<p>El estr\u00e9s laboral es un problema cada vez m\u00e1s com\u00fan en la sociedad moderna. Los salarios, el desajuste de la econom\u00eda, unido a los plazos ajustados y la sobrecarga de trabajo, <strong>generan una gran cantidad de estr\u00e9s en los trabajadores.<\/strong><\/p>\n<p>Es por esta raz\u00f3n que existen t\u00e9cnicas y estrategias que pueden ayudar a <a href=\"https:\/\/talent-match.es\/contacto\/\" rel=\"noreferrer\">gestionar el estr\u00e9s laboral<\/a> de manera efectiva. En este sentido, <a href=\"https:\/\/talent-match.es\/\" rel=\"noreferrer\">Talent Match<\/a> es una empresa dedicada a la implantaci\u00f3n de herramientas para la gesti\u00f3n de talentos por medio de sistemas inteligentes. Con base en sus a\u00f1os de experiencia, especifica las<strong> t\u00e9cnicas que se pueden implementar para disminuir los niveles de estr\u00e9s y mejorar el bienestar en el trabajo.<\/strong><\/p>\n<h2 id=\"reducir-el-estres-en-la-jornada-laboral-con-tecnicas-infalibles\">Reducir el estr\u00e9s en la jornada laboral con t\u00e9cnicas infalibles<\/h2>\n<p>Es una realidad que el estr\u00e9s ocasionado por el trabajo es perjudicial para la salud y el rendimiento del trabajador. Por esta raz\u00f3n, es importante conocer algunos m\u00e9todos eficientes para reducir la tensi\u00f3n durante la jornada laboral.<\/p>\n<p>Entre estas estrategias, se pueden incluir <strong>pr\u00e1cticas de meditaci\u00f3n, incluyendo la respiraci\u00f3n profunda y el ejercicio f\u00edsico regular.<\/strong> Al crear una rutina diaria con estos factores, se logra reducir la tensi\u00f3n acumulada en el cuerpo y la mente.<\/p>\n<p>A esto se le puede agregar, la <strong>organizaci\u00f3n eficiente del tiempo y tomar descansos peri\u00f3dicos <\/strong>en la jornada para despejar la mente. De esta manera, se crea un ambiente \u00f3ptimo dentro del mismo trabajo.<\/p>\n<p>Antes de implementar estas t\u00e9cnicas, es importante reconocer las fases del estr\u00e9s laboral. Comenzando con la alarma,<strong> el cuerpo experimenta el aumento de la adrenalina y cortisol<\/strong>, lo que hace que el coraz\u00f3n lata m\u00e1s r\u00e1pido, la respiraci\u00f3n se acelere y los m\u00fasculos se tensen.\u00a0<\/p>\n<p>Hay quienes creen que esto es positivo, ya que aumenta la atenci\u00f3n y la concentraci\u00f3n. Sin embargo, si se prolonga demasiado, pasa a la siguiente fase que es la de resistencia.<\/p>\n<h2 id=\"talent-match-explica-como-identificar-el-estres-en-tres-fases\">Talent Match explica c\u00f3mo identificar el estr\u00e9s en tres fases<\/h2>\n<p>Como el estr\u00e9s contin\u00faa, el cuerpo sigue produciendo neurotransmisores, por lo que se mantiene el estado de alerta. <strong>Esta etapa puede durar semanas o meses<\/strong>, pero los verdaderos problemas comienzan cuando se comienza a sentir fatiga, dolores de cabeza y otros s\u00edntomas.<\/p>\n<p>La tercera y \u00faltima es la de agotamiento.<strong> Esta se da cuando el cuerpo agota sus recursos y la respuesta del sistema es menos eficaz<\/strong>. Quien llega a este punto de estr\u00e9s, experimenta cansancio extremo, depresi\u00f3n, ansiedad, as\u00ed como problemas de salud mental y f\u00edsica.<\/p>\n<p>En Espa\u00f1a, muchos de los casos de estr\u00e9s est\u00e1n asociados con las pr\u00e1cticas laborales extenuantes, es por ello que<strong> Talent Match siempre recomienda a las organizaciones<\/strong>, generar espacios de trabajo con espacios para el despeje de los empleados.<\/p>\n<p>The post <a rel=\"nofollow\" href=\"https:\/\/tecnobitt.com\/recomendaciones-para-saber-como-gestionar-el-estres-laboral-con-talent-match\/\">Recomendaciones para saber c\u00f3mo gestionar el estr\u00e9s laboral, con Talent Match<\/a> appeared first on <a rel=\"nofollow\" href=\"https:\/\/tecnobitt.com\/\">TecnoBitt :- Un bit de tecnolog\u00eda diaria<\/a>.<\/p>\n<\/div>\n<p><img decoding=\"async\" class=\"wpe_imgrss\" src=\"https:\/\/tecnobitt.com\/wp-content\/uploads\/2023\/04\/img_1b9c000cc896c8500407a97586af4940.jpg\"><\/p>\n<p><img decoding=\"async\" class=\"wpe_imgrss\" src=\"https:\/\/diarioemprendedor.com\/wp-content\/uploads\/2023\/04\/img_1b9c000cc896c8500407a97586af4940.jpg\"><\/p>\n","protected":false},"excerpt":{"rendered":"Recomendaciones para saber c\u00f3mo gestionar el estr\u00e9s laboral, con Talent Match Recomendaciones para saber c\u00f3mo gestionar el estr\u00e9s&hellip;","protected":false},"author":2,"featured_media":39048,"comment_status":"closed","ping_status":"closed","sticky":false,"template":"","format":"standard","meta":{"csco_display_header_overlay":false,"csco_singular_sidebar":"","csco_page_header_type":"","csco_page_load_nextpost":"","csco_post_video_location":[],"csco_post_video_location_hash":"","csco_post_video_url":"","csco_post_video_bg_start_time":0,"csco_post_video_bg_end_time":0,"footnotes":""},"categories":[554,426,762,729,427,763,764,765,466,766],"tags":[114],"class_list":["post-39047","post","type-post","status-publish","format-standard","has-post-thumbnail","category-actualidad","category-destacado","category-ecocistema","category-entrevistas","category-featured","category-inversiones","category-noticia","category-noticias","category-startups","category-venture-capital","tag-destacado","cs-entry","cs-video-wrap"],"_links":{"self":[{"href":"https:\/\/iberopress.es\/index.php\/wp-json\/wp\/v2\/posts\/39047","targetHints":{"allow":["GET"]}}],"collection":[{"href":"https:\/\/iberopress.es\/index.php\/wp-json\/wp\/v2\/posts"}],"about":[{"href":"https:\/\/iberopress.es\/index.php\/wp-json\/wp\/v2\/types\/post"}],"author":[{"embeddable":true,"href":"https:\/\/iberopress.es\/index.php\/wp-json\/wp\/v2\/users\/2"}],"replies":[{"embeddable":true,"href":"https:\/\/iberopress.es\/index.php\/wp-json\/wp\/v2\/comments?post=39047"}],"version-history":[{"count":0,"href":"https:\/\/iberopress.es\/index.php\/wp-json\/wp\/v2\/posts\/39047\/revisions"}],"wp:featuredmedia":[{"embeddable":true,"href":"https:\/\/iberopress.es\/index.php\/wp-json\/wp\/v2\/media\/39048"}],"wp:attachment":[{"href":"https:\/\/iberopress.es\/index.php\/wp-json\/wp\/v2\/media?parent=39047"}],"wp:term":[{"taxonomy":"category","embeddable":true,"href":"https:\/\/iberopress.es\/index.php\/wp-json\/wp\/v2\/categories?post=39047"},{"taxonomy":"post_tag","embeddable":true,"href":"https:\/\/iberopress.es\/index.php\/wp-json\/wp\/v2\/tags?post=39047"}],"curies":[{"name":"wp","href":"https:\/\/api.w.org\/{rel}","templated":true}]}}