{"id":39041,"date":"2023-04-23T02:14:59","date_gmt":"2023-04-23T02:14:59","guid":{"rendered":"https:\/\/iberopress.es\/index.php\/2023\/04\/23\/ansiedad-y-depresion-fuentes-de-mala-salud-por-clinica-de-la-ansiedad\/"},"modified":"2023-04-23T02:14:59","modified_gmt":"2023-04-23T02:14:59","slug":"ansiedad-y-depresion-fuentes-de-mala-salud-por-clinica-de-la-ansiedad","status":"publish","type":"post","link":"https:\/\/iberopress.es\/index.php\/2023\/04\/23\/ansiedad-y-depresion-fuentes-de-mala-salud-por-clinica-de-la-ansiedad\/","title":{"rendered":"Ansiedad y depresi\u00f3n, fuentes de mala salud, por Cl\u00ednica de la Ansiedad"},"content":{"rendered":"<p>Ansiedad y depresi\u00f3n, fuentes de mala salud, por Cl\u00ednica de la Ansiedad<\/p>\n<p>Ansiedad y depresi\u00f3n, fuentes de mala salud, por Cl\u00ednica de la Ansiedad<\/p>\n<div>\n<div><\/div>\n<p>Ansiedad y depresi\u00f3n son dos trastornos emocionales complejos que afectan al pensamiento, la conducta y la fisiolog\u00eda. Alrededor de <strong>un tercio de las consultas a los centros de asistencia primaria lo son por molestias psicosom\u00e1ticas com\u00fanmente relacionadas con la ansiedad y la depresi\u00f3n<\/strong>. Se ha de tener tambi\u00e9n en consideraci\u00f3n que los\u00a0procesos de adaptaci\u00f3n al estr\u00e9s suelen cursar con dichas manifestaciones emocionales. En el momento actual, alrededor de un 7% de la poblaci\u00f3n espa\u00f1ola estar\u00eda sufriendo problemas de ansiedad y un porcentaje similar problemas de depresi\u00f3n.<\/p>\n<p>Las\u00a0<a href=\"https:\/\/clinicadeansiedad.com\/problemas\/ansiedad-y-otros\/ansiedad-y-depresion\/\" rel=\"noreferrer\">relaciones entre ansiedad y depresi\u00f3n<\/a>\u00a0son muy estrechas. Un 70% de los trastornos depresivos manifiestan ansiedad de diferentes tipos y grados. Del mismo modo, un porcentaje mayor de personas que sufren trastornos de ansiedad terminan presentando s\u00edntomas depresivos.<\/p>\n<h2 id=\"relaciones-y-diferencias-entre-la-ansiedad-y-la-depresion\">Relaciones y diferencias entre la ansiedad y la depresi\u00f3n<\/h2>\n<p>La ansiedad es un sistema de alerta que se activa ante situaciones consideradas amenazantes para los intereses o estatus de las personas. Su cualidad emocional se corresponde con sentimientos de miedo, inseguridad, agobio, irritabilidad, desconfianza, recelo. Tiene como funci\u00f3n movilizar conductas\u00a0de afrontamiento frente a la amenaza.\u00a0La ansiedad, por tanto, est\u00e1 orientada fundamentalmente hacia el futuro, para que no se produzcan ciertas consecuencias desagradables que se presuponen.<\/p>\n<p>El \u00e1nimo es una emoci\u00f3n relacionada con el sistema de conservaci\u00f3n\/regulaci\u00f3n de la energ\u00eda y la motivaci\u00f3n.\u00a0El estado de \u00e1nimo deprimido, o depresi\u00f3n, se activa ante eventos pasados que implican p\u00e9rdida, degradaci\u00f3n,\u00a0fallo o fracaso, produci\u00e9ndose quietud, disminuci\u00f3n o lentificaci\u00f3n de los movimientos, y\u00a0tristeza.\u00a0Si no es excesiva sirve para\u00a0curar las heridas, facilitar la reflexi\u00f3n y la resoluci\u00f3n de los problemas, recibir apoyo social y recargar la energ\u00eda. Pero, si persiste en exceso, puede ser se produzca aislamiento social, p\u00e9rdida del sentido de la existencia, mayor abatimiento, p\u00e9rdida de la capacidad de disfrute, desesperanza.<\/p>\n<h2 id=\"tratamiento-especifico\">Tratamiento espec\u00edfico<\/h2>\n<p>En ocasiones, las situaciones implican\u00a0amenaza y p\u00e9rdida a la vez, por lo que llevan a la activaci\u00f3n de los dos sistemas, ansiedad y depresi\u00f3n, con diferentes posibilidades de combinaci\u00f3n.<\/p>\n<p>Los trastornos de ansiedad, si generan mucho sufrimiento y son incapacitantes, terminan por propiciar la depresi\u00f3n, por verse los planes y prop\u00f3sitos afectados muy negativamente. Asimismo la baja autoestima y la baja energ\u00eda que acompa\u00f1an a la depresi\u00f3n propician el incremento de la ansiedad por experimentarse\u00a0menos capacidad y peores condiciones para afrontar los problemas.\u00a0<\/p>\n<p>Algunos\u00a0s\u00edntomas aparecen tanto en la ansiedad y como en depresi\u00f3n, por ejemplo, la atenci\u00f3n centrada en uno mismo, el sentimiento de inseguridad y vulnerabilidad, las dificultades de rendimiento intelectual, el insomnio, y las molestias digestivas.<\/p>\n<p>La\u00a0<a href=\"https:\/\/clinicadeansiedad.com\/\" rel=\"noreferrer\">Cl\u00ednica de la Ansiedad<\/a>, con m\u00e1s de 25 a\u00f1os de labor asistencial, ofrece tratamiento psicol\u00f3gico para problemas\u00a0de ansiedad y relacionados, entre ellos, la depresi\u00f3n. Brinda asistencia presencial en Barcelona y Madrid, y\u00a0<em>online\u00a0<\/em>en todo el territorio nacional. Cl\u00ednica de la Ansiedad<strong>\u00a0cuenta con una\u00a0<em>app<\/em>\u00a0destinada al p\u00fablico en general<\/strong>, pero especialmente a personas que sufren problemas de ansiedad y a su entorno.<\/p>\n<p>The post <a rel=\"nofollow\" href=\"https:\/\/tecnobitt.com\/ansiedad-y-depresion-fuentes-de-mala-salud-por-clinica-de-la-ansiedad\/\">Ansiedad y depresi\u00f3n, fuentes de mala salud, por Cl\u00ednica de la Ansiedad<\/a> appeared first on <a rel=\"nofollow\" href=\"https:\/\/tecnobitt.com\/\">TecnoBitt :- Un bit de tecnolog\u00eda diaria<\/a>.<\/p>\n<\/div>\n<p><img decoding=\"async\" class=\"wpe_imgrss\" src=\"https:\/\/tecnobitt.com\/wp-content\/uploads\/2023\/04\/ansiedad-y-depresion-fuentes-de-mala-salud-por-clinica-de-la-ansiedad.jpg\"><\/p>\n<p><img decoding=\"async\" class=\"wpe_imgrss\" src=\"https:\/\/diarioemprendedor.com\/wp-content\/uploads\/2023\/04\/ansiedad-y-depresion-fuentes-de-mala-salud-por-clinica-de-la-ansiedad-768x501.jpg\"><\/p>\n","protected":false},"excerpt":{"rendered":"Ansiedad y depresi\u00f3n, fuentes de mala salud, por Cl\u00ednica de la Ansiedad Ansiedad y depresi\u00f3n, fuentes de mala&hellip;","protected":false},"author":2,"featured_media":39042,"comment_status":"closed","ping_status":"closed","sticky":false,"template":"","format":"standard","meta":{"csco_display_header_overlay":false,"csco_singular_sidebar":"","csco_page_header_type":"","csco_page_load_nextpost":"","csco_post_video_location":[],"csco_post_video_location_hash":"","csco_post_video_url":"","csco_post_video_bg_start_time":0,"csco_post_video_bg_end_time":0,"footnotes":""},"categories":[554,426,762,729,427,75,763,764,765,428,466,766],"tags":[114],"class_list":["post-39041","post","type-post","status-publish","format-standard","has-post-thumbnail","category-actualidad","category-destacado","category-ecocistema","category-entrevistas","category-featured","category-internet","category-inversiones","category-noticia","category-noticias","category-prensa","category-startups","category-venture-capital","tag-destacado","cs-entry","cs-video-wrap"],"_links":{"self":[{"href":"https:\/\/iberopress.es\/index.php\/wp-json\/wp\/v2\/posts\/39041","targetHints":{"allow":["GET"]}}],"collection":[{"href":"https:\/\/iberopress.es\/index.php\/wp-json\/wp\/v2\/posts"}],"about":[{"href":"https:\/\/iberopress.es\/index.php\/wp-json\/wp\/v2\/types\/post"}],"author":[{"embeddable":true,"href":"https:\/\/iberopress.es\/index.php\/wp-json\/wp\/v2\/users\/2"}],"replies":[{"embeddable":true,"href":"https:\/\/iberopress.es\/index.php\/wp-json\/wp\/v2\/comments?post=39041"}],"version-history":[{"count":0,"href":"https:\/\/iberopress.es\/index.php\/wp-json\/wp\/v2\/posts\/39041\/revisions"}],"wp:featuredmedia":[{"embeddable":true,"href":"https:\/\/iberopress.es\/index.php\/wp-json\/wp\/v2\/media\/39042"}],"wp:attachment":[{"href":"https:\/\/iberopress.es\/index.php\/wp-json\/wp\/v2\/media?parent=39041"}],"wp:term":[{"taxonomy":"category","embeddable":true,"href":"https:\/\/iberopress.es\/index.php\/wp-json\/wp\/v2\/categories?post=39041"},{"taxonomy":"post_tag","embeddable":true,"href":"https:\/\/iberopress.es\/index.php\/wp-json\/wp\/v2\/tags?post=39041"}],"curies":[{"name":"wp","href":"https:\/\/api.w.org\/{rel}","templated":true}]}}