{"id":38967,"date":"2023-04-21T17:51:44","date_gmt":"2023-04-21T17:51:44","guid":{"rendered":"https:\/\/iberopress.es\/index.php\/2023\/04\/21\/como-puede-ayudar-la-neuromodulacion-mediante-emt-en-la-rehabilitacion-de-las-secuelas-del-ictus\/"},"modified":"2023-04-21T17:51:44","modified_gmt":"2023-04-21T17:51:44","slug":"como-puede-ayudar-la-neuromodulacion-mediante-emt-en-la-rehabilitacion-de-las-secuelas-del-ictus","status":"publish","type":"post","link":"https:\/\/iberopress.es\/index.php\/2023\/04\/21\/como-puede-ayudar-la-neuromodulacion-mediante-emt-en-la-rehabilitacion-de-las-secuelas-del-ictus\/","title":{"rendered":"\u00bfC\u00f3mo puede ayudar la neuromodulaci\u00f3n mediante EMT en la rehabilitaci\u00f3n de las secuelas del ictus?"},"content":{"rendered":"<p>\u00bfC\u00f3mo puede ayudar la neuromodulaci\u00f3n mediante EMT en la rehabilitaci\u00f3n de las secuelas del ictus?<\/p>\n<p>\u00bfC\u00f3mo puede ayudar la neuromodulaci\u00f3n mediante EMT en la rehabilitaci\u00f3n de las secuelas del ictus?<\/p>\n<div>\n<p>El ictus es una de las principales causas de discapacidad en todo el mundo y, en muchas ocasiones, deja secuelas f\u00edsicas y cognitivas en los pacientes que lo sufren. Entre las m\u00e1s comunes se encuentran la p\u00e9rdida de fuerza, problemas de coordinaci\u00f3n, dificultades de lenguaje, dificultades para tragar, alteraciones en el estado de \u00e1nimo y problemas cognitivos.<\/p>\n<p>Afortunadamente, la<strong> <\/strong><a href=\"https:\/\/institutoincia.es\/nuestras-areas\/emt-neuromodulacion\/\" rel=\"noreferrer\"><strong>neuromodulaci\u00f3n<\/strong><\/a><strong> con estimulaci\u00f3n magn\u00e9tica transcraneal repetitiva (EMTr) <\/strong>ha demostrado ser una t\u00e9cnica efectiva para rehabilitar y mejorar la calidad de vida de los pacientes. En este sentido, el <a href=\"https:\/\/institutoincia.es\/\" rel=\"noreferrer\">Instituto Neurocognitivo INCIA<\/a> es uno de los centros especializados en neuromodulaci\u00f3n. Este centro ofrece diferentes alternativas terap\u00e9uticas para pacientes que requieran tratamiento despu\u00e9s de sufrir alguna patolog\u00eda neurol\u00f3gica.<\/p>\n<h2 id=\"beneficios-de-la-emt-en-la-rehabilitacion-tras-sufrir-un-ictus\">Beneficios de la EMT en la rehabilitaci\u00f3n tras sufrir un ictus<\/h2>\n<p>La EMTr es una t\u00e9cnica neurofisiol\u00f3gica de <strong>estimulaci\u00f3n cerebral no invasiva,<\/strong> segura e indolora, que modifica la actividad cerebral en la regi\u00f3n cortical estimulada. Se utiliza en el tratamiento de una amplia variedad de enfermedades, desde trastornos psiqui\u00e1tricos hasta enfermedades neurol\u00f3gicas y patolog\u00edas del dolor. En el Instituto Neurocognitivo INCIA se ofrece tratamiento mediante EMTr a pacientes que han sufrido un ictus. Esta t\u00e9cnica ha demostrado ser eficaz en la mejora de los trastornos motores, afasia y disartria. Tambi\u00e9n para la disfagia orofar\u00edngea, depresi\u00f3n y las dificultades perceptivas y cognitivas que aparecen en los pacientes con ictus. Adem\u00e1s, la EMTr mejora la neuroplasticidad, lo que ayuda al cerebro en su capacidad para readaptar circuitos neuronales. De esta manera, se pueden restaurar y adquirir nuevas habilidades compensatorias. Es importante destacar que el tratamiento mediante este tipo de terapia debe realizarse de forma individual, junto con otras t\u00e9cnicas de rehabilitaci\u00f3n f\u00edsica y neurocognitiva.<\/p>\n<h2 id=\"el-instituto-neurocognitivo-incia-ofrece-diferentes-unidades-de-tratamiento\">El Instituto Neurocognitivo INCIA ofrece diferentes unidades de tratamiento<\/h2>\n<p>El Instituto Neurocognitivo INCIA es un centro especializado en el diagn\u00f3stico y tratamiento de diversos trastornos neurol\u00f3gicos, cognitivos y del sue\u00f1o. Fue fundado hace m\u00e1s de 20 a\u00f1os y cuenta con diferentes unidades, como la unidad de sue\u00f1o, neurofisiolog\u00eda cl\u00ednica y estimulaci\u00f3n cerebral no invasiva. Cada una ofrece abordajes multidisciplinarios para el diagn\u00f3stico y tratamiento de diversas enfermedades neurol\u00f3gicas, cognitivas y al dolor cr\u00f3nico resistente a los tratamientos convencionales.<\/p>\n<p>INCIA tambi\u00e9n cuenta con tecnolog\u00eda de \u00faltima generaci\u00f3n y un equipo altamente cualificado de profesionales de distintas especialidades. Todo ello le permite ofrecer un alto nivel de especializaci\u00f3n en atenci\u00f3n m\u00e9dica, docencia e investigaci\u00f3n.<\/p>\n<p>El centro m\u00e9dico ofrece dos modalidades para agendar citas con sus especialistas. La persona interesada puede ingresar directamente a la p\u00e1gina web para leer la descripci\u00f3n de cada servicio e informaci\u00f3n de sus m\u00e9dicos. Tambi\u00e9n podr\u00e1 llamar al n\u00famero de atenci\u00f3n telef\u00f3nica disponible y reservar la fecha en la que desee acudir.<\/p>\n<p>The post <a rel=\"nofollow\" href=\"https:\/\/tecnobitt.com\/como-puede-ayudar-la-neuromodulacion-mediante-emt-en-la-rehabilitacion-de-las-secuelas-del-ictus\/\">\u00bfC\u00f3mo puede ayudar la neuromodulaci\u00f3n mediante EMT en la rehabilitaci\u00f3n de las secuelas del ictus?<\/a> appeared first on <a rel=\"nofollow\" href=\"https:\/\/tecnobitt.com\/\">TecnoBitt :- Un bit de tecnolog\u00eda diaria<\/a>.<\/p>\n<\/div>\n<p><img decoding=\"async\" class=\"wpe_imgrss\" src=\"https:\/\/tecnobitt.com\/wp-content\/uploads\/2023\/04\/img_e2d7341df840f9ea0c3149c288a84469-1.jpg\"><\/p>\n<p><img decoding=\"async\" class=\"wpe_imgrss\" src=\"https:\/\/diarioemprendedor.com\/wp-content\/uploads\/2023\/04\/img_e2d7341df840f9ea0c3149c288a84469-1.jpg\"><\/p>\n","protected":false},"excerpt":{"rendered":"\u00bfC\u00f3mo puede ayudar la neuromodulaci\u00f3n mediante EMT en la rehabilitaci\u00f3n de las secuelas del ictus? \u00bfC\u00f3mo puede ayudar&hellip;","protected":false},"author":2,"featured_media":38968,"comment_status":"closed","ping_status":"closed","sticky":false,"template":"","format":"standard","meta":{"csco_display_header_overlay":false,"csco_singular_sidebar":"","csco_page_header_type":"","csco_page_load_nextpost":"","csco_post_video_location":[],"csco_post_video_location_hash":"","csco_post_video_url":"","csco_post_video_bg_start_time":0,"csco_post_video_bg_end_time":0,"footnotes":""},"categories":[554,426,762,729,427,763,764,765,466,766],"tags":[114],"class_list":["post-38967","post","type-post","status-publish","format-standard","has-post-thumbnail","category-actualidad","category-destacado","category-ecocistema","category-entrevistas","category-featured","category-inversiones","category-noticia","category-noticias","category-startups","category-venture-capital","tag-destacado","cs-entry","cs-video-wrap"],"_links":{"self":[{"href":"https:\/\/iberopress.es\/index.php\/wp-json\/wp\/v2\/posts\/38967","targetHints":{"allow":["GET"]}}],"collection":[{"href":"https:\/\/iberopress.es\/index.php\/wp-json\/wp\/v2\/posts"}],"about":[{"href":"https:\/\/iberopress.es\/index.php\/wp-json\/wp\/v2\/types\/post"}],"author":[{"embeddable":true,"href":"https:\/\/iberopress.es\/index.php\/wp-json\/wp\/v2\/users\/2"}],"replies":[{"embeddable":true,"href":"https:\/\/iberopress.es\/index.php\/wp-json\/wp\/v2\/comments?post=38967"}],"version-history":[{"count":0,"href":"https:\/\/iberopress.es\/index.php\/wp-json\/wp\/v2\/posts\/38967\/revisions"}],"wp:featuredmedia":[{"embeddable":true,"href":"https:\/\/iberopress.es\/index.php\/wp-json\/wp\/v2\/media\/38968"}],"wp:attachment":[{"href":"https:\/\/iberopress.es\/index.php\/wp-json\/wp\/v2\/media?parent=38967"}],"wp:term":[{"taxonomy":"category","embeddable":true,"href":"https:\/\/iberopress.es\/index.php\/wp-json\/wp\/v2\/categories?post=38967"},{"taxonomy":"post_tag","embeddable":true,"href":"https:\/\/iberopress.es\/index.php\/wp-json\/wp\/v2\/tags?post=38967"}],"curies":[{"name":"wp","href":"https:\/\/api.w.org\/{rel}","templated":true}]}}