{"id":38961,"date":"2023-04-21T13:26:40","date_gmt":"2023-04-21T13:26:40","guid":{"rendered":"https:\/\/iberopress.es\/index.php\/2023\/04\/21\/jakala-une-sus-fuerzas-con-ffw-en-la-mayor-adquisicion-de-servicios-digitales-de-europa-en-2023\/"},"modified":"2023-04-21T13:26:40","modified_gmt":"2023-04-21T13:26:40","slug":"jakala-une-sus-fuerzas-con-ffw-en-la-mayor-adquisicion-de-servicios-digitales-de-europa-en-2023","status":"publish","type":"post","link":"https:\/\/iberopress.es\/index.php\/2023\/04\/21\/jakala-une-sus-fuerzas-con-ffw-en-la-mayor-adquisicion-de-servicios-digitales-de-europa-en-2023\/","title":{"rendered":"Jakala une sus fuerzas con FFW en la mayor adquisici\u00f3n de servicios digitales de Europa en 2023"},"content":{"rendered":"<p>Jakala une sus fuerzas con FFW en la mayor adquisici\u00f3n de servicios digitales de Europa en 2023<\/p>\n<p>Jakala une sus fuerzas con FFW en la mayor adquisici\u00f3n de servicios digitales de Europa en 2023<\/p>\n<div>\n<p>\/COMUNICAE\/ <\/p>\n<p><a href=\"https:\/\/static.comunicae.com\/photos\/notas\/1245193\/IMG_JAKALA_FFW1.jpg\" target=\"_blank\" class=\"fotonota\" rel=\"noopener\"> <img decoding=\"async\" src=\"https:\/\/static.comunicae.com\/photos\/notas\/1245193\/IMG_JAKALA_FFW1.jpg\" border=\"0\" class=\"postImage\" alt=\"\"><\/a><\/p>\n<p>Jakala, firma l\u00edder de MarTech y sociedad de cartera de Ardian Buyout, adquiere FFW, un actor clave en el mercado que desarrolla soluciones de experiencia del cliente para grandes empresas y corporaciones<\/p>\n<p>Jakala, empresa de tecnolog\u00eda de marketing o <em>MarTech<\/em> l\u00edder a nivel mundial, que impulsa la transformaci\u00f3n de sus clientes aunando datos, tecnolog\u00eda y competencias multidisciplinares, potencia su trayectoria de crecimiento al formalizar un acuerdo vinculante para la mayor transacci\u00f3n no p\u00fablica de servicios digitales de Europa hasta la fecha en 2023, mediante la compra de FFW, una empresa internacional con sede en Dinamarca y oficinas en Alemania, EE. UU., Reino Unido y Francia que presta servicios de transformaci\u00f3n digital.<\/p>\n<p>FFW es una agencia con una plataforma global que combina informaci\u00f3n de datos, estrategia, dise\u00f1o y desarrollo para crear experiencias digitales atractivas que potencien el \u00e9xito de organizaciones l\u00edderes en el \u00e1mbito internacional.<\/p>\n<p>Con la adquisici\u00f3n de FFW, Jakala refuerza su presencia en todo el mundo, con oficinas en m\u00e1s de 20 pa\u00edses, aumentando su plantilla de los aproximadamente 2.000 profesionales actuales a casi 3.000, con una facturaci\u00f3n total superior a 500 millones de euros. A lo largo de los \u00faltimos cinco a\u00f1os, Jakala ha avanzado en su senda de crecimiento, manteniendo un ritmo de crecimiento medio de m\u00e1s del 20 % sobre su facturaci\u00f3n.<\/p>\n<p>Esta adquisici\u00f3n estrat\u00e9gica tambi\u00e9n constituir\u00e1 una ventaja competitiva para los clientes de ambas firmas, quienes se beneficiar\u00e1n de una oferta mejorada.<\/p>\n<p>El cierre de la operaci\u00f3n est\u00e1 sujeto a las autorizaciones reglamentarias habituales. \u00abEsta \u00faltima adquisici\u00f3n potencia la posici\u00f3n de Jakala en el mercado y representa un paso crucial en nuestra trayectoria de crecimiento internacional. Con FFW, reforzamos y expandimos nuestra oferta digital y acercamos nuestra facturaci\u00f3n extranjera a casi el 50% del total\u00bb, afirm\u00f3 <strong>Stefano Pedron, CEO de Jakala.<\/strong><\/p>\n<p>\u00a0\u00abJakala y FFW tienen mucho en com\u00fan: tanto su historia como su ADN est\u00e1n comprometidos con la innovaci\u00f3n y el crecimiento\u00bb, a\u00f1adi\u00f3 <strong>Matteo de Brabant, fundador y presidente de Jakala<\/strong>\u00a0\u00abEstamos embarcados en un viaje apasionante que es testigo de c\u00f3mo Jakala est\u00e1 cada vez m\u00e1s cerca de su objetivo de convertirse en una de las mayores empresas digitales de todo el mundo\u00bb.\u00a0<\/p>\n<p>\u00abEn FFW, estamos totalmente encantados de pasar a formar parte de Jakala. Esta colaboraci\u00f3n marca el siguiente paso perfecto en nuestro empe\u00f1o de ofrecer la experiencia del cliente definitiva. Nuestro equipo sigue siendo el alma de nuestras operaciones y este desarrollo emocionante promete unas oportunidades de crecimiento profesional todav\u00eda m\u00e1s incre\u00edbles. Stefano y Matteo han creado una empresa con unas capacidades extraordinarias, esforz\u00e1ndose por alcanzar una posici\u00f3n l\u00edder en nuestro sector a nivel mundial. No podr\u00edamos estar m\u00e1s orgullos de contribuir a esta ambiciosa visi\u00f3n\u00bb, agreg\u00f3 <strong>Michael Koefoed Steensborg Drejer, CEO de FFW.<\/strong><\/p>\n<p>Para <strong>Luis Ferr\u00e1ndiz, presidente de Jakala Iberia<\/strong>, \u00abla adquisici\u00f3n de FFW es una magn\u00edfica noticia que supone un salto cualitativo en la expansi\u00f3n de la compa\u00f1\u00eda a nivel mundial que tendr\u00e1 su reflejo, l\u00f3gicamente, en Espa\u00f1a y Portugal. Y lo m\u00e1s importante: supone un enorme impulso que mejorar\u00e1 la oferta y la posici\u00f3n competitiva de nuestros clientes presentes y futuros\u00bb.<\/p>\n<p class=\"mediakit\"> Fuente <a href=\"https:\/\/www.comunicae.es\/notas-de-prensa\/jakala-une-sus-fuerzas-con-ffw-en-la-mayor\/\">Comunicae<\/a><\/p>\n<p><img decoding=\"async\" loading=\"lazy\" class=\"mediakit\" src=\"https:\/\/www.comunicae.es\/notificaLectura.php?tipoCanalId=75&amp;notaId=1245193\" width=\"1px\" height=\"1px\"><\/p>\n<p>The post <a rel=\"nofollow\" href=\"https:\/\/tecnobitt.com\/jakala-une-sus-fuerzas-con-ffw-en-la-mayor-adquisicion-de-servicios-digitales-de-europa-en-2023\/\">Jakala une sus fuerzas con FFW en la mayor adquisici\u00f3n de servicios digitales de Europa en 2023<\/a> appeared first on <a rel=\"nofollow\" href=\"https:\/\/tecnobitt.com\/\">TecnoBitt :- Un bit de tecnolog\u00eda diaria<\/a>.<\/p>\n<\/div>\n<p><img decoding=\"async\" class=\"wpe_imgrss\" src=\"https:\/\/tecnobitt.com\/wp-content\/uploads\/2023\/04\/jakala-une-sus-fuerzas-con-ffw-en-la-mayor-adquisicion-de-servicios-digitales-de-europa-en-2023-1024x683.jpg\"><\/p>\n<p><img decoding=\"async\" class=\"wpe_imgrss\" src=\"https:\/\/diarioemprendedor.com\/wp-content\/uploads\/2023\/04\/jakala-une-sus-fuerzas-con-ffw-en-la-mayor-adquisicion-de-servicios-digitales-de-europa-en-2023-1024x683-1-768x512.jpg\"><\/p>\n","protected":false},"excerpt":{"rendered":"Jakala une sus fuerzas con FFW en la mayor adquisici\u00f3n de servicios digitales de Europa en 2023 Jakala&hellip;","protected":false},"author":2,"featured_media":38962,"comment_status":"closed","ping_status":"closed","sticky":false,"template":"","format":"standard","meta":{"csco_display_header_overlay":false,"csco_singular_sidebar":"","csco_page_header_type":"","csco_page_load_nextpost":"","csco_post_video_location":[],"csco_post_video_location_hash":"","csco_post_video_url":"","csco_post_video_bg_start_time":0,"csco_post_video_bg_end_time":0,"footnotes":""},"categories":[554,426,762,729,427,763,764,765,81,466,766],"tags":[114],"class_list":["post-38961","post","type-post","status-publish","format-standard","has-post-thumbnail","category-actualidad","category-destacado","category-ecocistema","category-entrevistas","category-featured","category-inversiones","category-noticia","category-noticias","category-software","category-startups","category-venture-capital","tag-destacado","cs-entry","cs-video-wrap"],"_links":{"self":[{"href":"https:\/\/iberopress.es\/index.php\/wp-json\/wp\/v2\/posts\/38961","targetHints":{"allow":["GET"]}}],"collection":[{"href":"https:\/\/iberopress.es\/index.php\/wp-json\/wp\/v2\/posts"}],"about":[{"href":"https:\/\/iberopress.es\/index.php\/wp-json\/wp\/v2\/types\/post"}],"author":[{"embeddable":true,"href":"https:\/\/iberopress.es\/index.php\/wp-json\/wp\/v2\/users\/2"}],"replies":[{"embeddable":true,"href":"https:\/\/iberopress.es\/index.php\/wp-json\/wp\/v2\/comments?post=38961"}],"version-history":[{"count":0,"href":"https:\/\/iberopress.es\/index.php\/wp-json\/wp\/v2\/posts\/38961\/revisions"}],"wp:featuredmedia":[{"embeddable":true,"href":"https:\/\/iberopress.es\/index.php\/wp-json\/wp\/v2\/media\/38962"}],"wp:attachment":[{"href":"https:\/\/iberopress.es\/index.php\/wp-json\/wp\/v2\/media?parent=38961"}],"wp:term":[{"taxonomy":"category","embeddable":true,"href":"https:\/\/iberopress.es\/index.php\/wp-json\/wp\/v2\/categories?post=38961"},{"taxonomy":"post_tag","embeddable":true,"href":"https:\/\/iberopress.es\/index.php\/wp-json\/wp\/v2\/tags?post=38961"}],"curies":[{"name":"wp","href":"https:\/\/api.w.org\/{rel}","templated":true}]}}