{"id":38908,"date":"2023-04-20T12:45:19","date_gmt":"2023-04-20T12:45:19","guid":{"rendered":"https:\/\/iberopress.es\/index.php\/2023\/04\/20\/la-perdida-de-datos-y-la-reputacion-las-principales-preocupaciones-de-los-cisos\/"},"modified":"2023-04-20T12:45:19","modified_gmt":"2023-04-20T12:45:19","slug":"la-perdida-de-datos-y-la-reputacion-las-principales-preocupaciones-de-los-cisos","status":"publish","type":"post","link":"https:\/\/iberopress.es\/index.php\/2023\/04\/20\/la-perdida-de-datos-y-la-reputacion-las-principales-preocupaciones-de-los-cisos\/","title":{"rendered":"La p\u00e9rdida de datos y la reputaci\u00f3n, las principales preocupaciones de los CISOs"},"content":{"rendered":"<p>La p\u00e9rdida de datos y la reputaci\u00f3n, las principales preocupaciones de los CISOs<\/p>\n<p>La p\u00e9rdida de datos y la reputaci\u00f3n, las principales preocupaciones de los CISOs<\/p>\n<div>\n<p>\/COMUNICAE\/ <\/p>\n<p><a href=\"https:\/\/static.comunicae.com\/photos\/notas\/1245105\/Cabecera_evento.PNG\" target=\"_blank\" class=\"fotonota\" rel=\"noopener\"> <img decoding=\"async\" src=\"https:\/\/static.comunicae.com\/photos\/notas\/1245105\/Cabecera_evento.PNG\" border=\"0\" class=\"postImage\" alt=\"\"><\/a><\/p>\n<p>Nationale Nederlanden, EVO Banco o Indra son algunas de las organizaciones que participar\u00e1n en #CyberSummit23 el pr\u00f3ximo 26 de abril<\/p>\n<p>Los titulares sobre ciberseguridad han puesto en alerta a las empresas, cada vez m\u00e1s conscientes de los riesgos actuales a los que se enfrentan. Aunque, seg\u00fan el informe <a href=\"https:\/\/www.proofpoint.com\/sites\/default\/files\/white-papers\/pfpt-es-wp-voice-of-the-CISO-report.pdf\" rel=\"nofollow\">2022 Voice of the CISO<\/a>, la mayor\u00eda de ellos se sienten m\u00e1s preparados que antes para desempe\u00f1ar su trabajo, todav\u00eda existe mucho camino que recorrer, especialmente, en lo referente a sensibilizaci\u00f3n, preparaci\u00f3n y prevenci\u00f3n y, sobre todo, cuando se hablan de sectores como el asegurador y la banca.<\/p>\n<p>El auge del comercio electr\u00f3nico y la aparici\u00f3n de nuevos medios de pago han tra\u00eddo como consecuencia un incremento de las amenazas en el entorno digital, que exigen mecanismos innovadores y \u00e1giles para reforzar la protecci\u00f3n y seguridad de los usuarios, pero \u00bfc\u00f3mo est\u00e1n trabajando las organizaciones frente a estas amenazas? Es en este punto donde el papel del CIO resulta clave a la hora de generar confianza y evitar riesgos reputacionales. <strong>Rub\u00e9n Andr\u00e9s Priego, CIO en EVO BANCO<\/strong>, ser\u00e1 el responsable de abordar esta problem\u00e1tica e inaugurar la tem\u00e1tica principal <strong>\u00abEl cliente digital y la ciberseguridad\u00bb <\/strong>en la Sala Abast del IV Cibersecurity Innovation Summit.<\/p>\n<p>Por otro lado, los asistentes podr\u00e1n presenciar <strong>dos paneles de expertos<\/strong> en los que se debatir\u00e1 sobre los <strong>riesgos TI en el sector asegurador espa\u00f1ol<\/strong>, con la participaci\u00f3n de Daniel Damas, Head of IT Security de Nationale Nederlanden; Patricio Ilyef, Head of Organization and IT en DAS Seguros; Miguel Abreu, CEO de B-FY; y Germ\u00e1n Delgado, COO de INTELEQUIA. Panel que moderar\u00e1 la periodista especializada en ciberseguridad y tecnolog\u00eda y, directora de Bit Life Media, M\u00f3nica Valle.<\/p>\n<p>El segundo panel <strong>\u00ab\u00bfQu\u00e9 asuntos de ciberseguridad son importantes para los CISOs en 2023?\u00bb<\/strong>, tambi\u00e9n moderado por M\u00f3nica Valle, abordar\u00e1 los retos que definir\u00e1n la agenda en ciberseguridad, atendiendo a diferentes sectores del mercado. Para ello, qu\u00e9 mejor oportunidad para contar con reconocidos CISOs como Dami\u00e1n Ruiz Soriano, CISO en\u00a0Singular Bank\u00a0y Presidente de\u00a0Cl\u00faster Cyber Madrid; Iv\u00e1n S\u00e1nchez L\u00f3pez, CISO en BUPA; Adolfo Hern\u00e1ndez, CISO en\u00a0SABIS <em>y Security Operations Director<\/em> en\u00a0Banco Sabadell; y, Elena Garc\u00eda D\u00edez, CISO, Direcci\u00f3n de Seguridad de la Informaci\u00f3n en INDRA.<\/p>\n<p>Adem\u00e1s, el<strong> <\/strong>Secretario General de PESI (Plataforma Tecnol\u00f3gica Espa\u00f1ola de Seguridad Industrial), Javier Larra\u00f1eta, hablar\u00e1 sobre c\u00f3mo la resiliencia de las organizaciones viene asociada a un nuevo modelo de Gobernanza y gesti\u00f3n integral de los riesgos, donde la ciberseguridad se convierte en una pieza clave; M\u00f3nica Maganto, especialista del \u00e1rea de Ciberseguridad en ABAST abordar\u00e1 temas de ciberinteligencia y ciberobservabilidad; Luis Gonz\u00e1lez Rabanal, <em>Senior Manager Banca<\/em> de VASS; Santiago Cordero, Director de Innovaci\u00f3n y Desarrollo de Negocio de la misma compa\u00f1\u00eda y Jaime Castro, CISO en Evo Banco ser\u00e1n los responsables de debatir sobre identidad digital adaptativa; la ponencia \u00abTu red, tus normas. Un sistema operativo de red que se adapta a tu infraestructura\u00bb ir\u00e1 a cargo de Santiago Blanquet, Director Comercial de VYOS; y de Fernando Maidana, <em>Pre-Sales Engineer\/System Engineer<\/em> de la misma organizaci\u00f3n. Por \u00faltimo, Antonio Soto, Director de VERNE TECH, hablar\u00e1 a los asistentes de IA aplicada a la ciberseguridad.<\/p>\n<p>Al igual que suceder\u00e1 en la Sala Urban donde tambi\u00e9n se desarrolla este IV Cibersecurity Innovation Summit, se celebrar\u00e1 un taller interactivo<strong>, \u00abAtaque ciber reputacional\u00bb, <\/strong>donde Selva Orej\u00f3n, CEO de onBRANDING<strong> <\/strong>aprovechar\u00e1 la ocasi\u00f3n para concienciar de c\u00f3mo la reputaci\u00f3n de una empresa puede verse da\u00f1ada, independientemente de que la noticia sobre que ha sido ciberatacada sea verdadera o falsa.<\/p>\n<p>Una jornada de innovaci\u00f3n donde los asistentes conocer\u00e1n las tendencias a trav\u00e9s de casos de \u00e9xito, paneles de expertos, talleres interactivos y otras actividades. Dos salas de conferencia, Sala Abast y Sala Urban, y la zona expositiva que tienen como objetivo potenciar el <em>networking <\/em>y fortalecer el desarrollo de una industria clave como es la ciberseguridad. Organizado por <strong>Urban Event Marketing Agency<\/strong>, <strong>IV Cibersecurity Innovation Summit<\/strong> tendr\u00e1 lugar <strong>el pr\u00f3ximo 26 de abril<\/strong> en Truss Madrid, en el WiZink <strong>Center <\/strong>gracias a <strong>AREXDATA, B-FY, VYOS, \u00a0THREATMARK, VERNE TECH, VASS, BIDAIDEA, INTELEQUIA, MICROMOUSE, ACTIVE, NUUBB, ABAST y CIBERSO.<\/strong><\/p>\n<p>Adem\u00e1s, tambi\u00e9n contar\u00e1 con la colaboraci\u00f3n y apoyo de medios y asociaciones tales como Asociaci\u00f3n de Directivos de Seguridad Integral (ADSI), Campus Internacional de Seguridad (ETIC), Centro de Ciberseguridad Industrial, Fundaci\u00f3n Big Data, Evidentia University, IMF Smart Education, Plataforma Tecnol\u00f3gica Espa\u00f1ola de Seguridad Industrial (PESI), Asociaci\u00f3n de la comunidad contra el fraude (ICPF), World Compliance Association, Asociaci\u00f3n Espa\u00f1ola de Empresas de Seguridad (AES), Cibersecurity News, AEI Ciberseguridad, Cibersecurity Innovation Hub, Big Data Magazine, Cl\u00faster Big Data Madrid, Fundaci\u00f3n Espa\u00f1a Digital, Bit Life Media, Atana, Control Publicidad, Revista Transformaci\u00f3n Digital, Interactive, Marketing Insider Review, BeInCrypto, Peri\u00f3dico Publicidad, Latina Valley, E-commerce News, The Standard CIO, Digital Innovation News, News ClickCiber, Cyber Madrid, onBRANDING, Cambio16, Territorio Fintech, Seguros News, Grupo UBT L&amp;C y Comunicaciones Interempresas, entre otros.<\/p>\n<p>Para conocer la agenda completa del evento y las ponencias que tendr\u00e1n lugar en la Sala Urban o ampliar la informaci\u00f3n sobre los ponentes, se puede\u00a0acceder a la <a href=\"https:\/\/urbaneventmarketing.com\/iv-cybersecurity-innovation-summit-2023\/\" rel=\"nofollow\">web oficial del encuentro<\/a> o registrarse para asistir como invitado <a href=\"https:\/\/www.eventbrite.es\/e\/entradas-iv-cybersecurity-innovation-summit-2023-526538469737\" rel=\"nofollow\">aqu\u00ed<\/a>.<\/p>\n<p class=\"mediakit\"> Fuente <a href=\"https:\/\/www.comunicae.es\/notas-de-prensa\/la-perdida-de-datos-y-la-reputacion-las_1\/\">Comunicae<\/a><\/p>\n<p><img decoding=\"async\" loading=\"lazy\" class=\"mediakit\" src=\"https:\/\/www.comunicae.es\/notificaLectura.php?tipoCanalId=75&amp;notaId=1245105\" width=\"1px\" height=\"1px\"><\/p>\n<p>The post <a rel=\"nofollow\" href=\"https:\/\/tecnobitt.com\/la-perdida-de-datos-y-la-reputacion-las-principales-preocupaciones-de-los-cisos\/\">La p\u00e9rdida de datos y la reputaci\u00f3n, las principales preocupaciones de los CISOs<\/a> appeared first on <a rel=\"nofollow\" href=\"https:\/\/tecnobitt.com\/\">TecnoBitt :- Un bit de tecnolog\u00eda diaria<\/a>.<\/p>\n<\/div>\n<p><img decoding=\"async\" class=\"wpe_imgrss\" src=\"https:\/\/tecnobitt.com\/wp-content\/uploads\/2023\/04\/la-perdida-de-datos-y-la-reputacion-las-principales-preocupaciones-de-los-cisos.png\"><\/p>\n<p><img decoding=\"async\" class=\"wpe_imgrss\" src=\"https:\/\/diarioemprendedor.com\/wp-content\/uploads\/2023\/04\/la-perdida-de-datos-y-la-reputacion-las-principales-preocupaciones-de-los-cisos-768x431.png\"><\/p>\n","protected":false},"excerpt":{"rendered":"La p\u00e9rdida de datos y la reputaci\u00f3n, las principales preocupaciones de los CISOs La p\u00e9rdida de datos y&hellip;","protected":false},"author":2,"featured_media":38909,"comment_status":"closed","ping_status":"closed","sticky":false,"template":"","format":"standard","meta":{"csco_display_header_overlay":false,"csco_singular_sidebar":"","csco_page_header_type":"","csco_page_load_nextpost":"","csco_post_video_location":[],"csco_post_video_location_hash":"","csco_post_video_url":"","csco_post_video_bg_start_time":0,"csco_post_video_bg_end_time":0,"footnotes":""},"categories":[554,426,762,729,116,427,763,28,764,765,466,766],"tags":[114],"class_list":["post-38908","post","type-post","status-publish","format-standard","has-post-thumbnail","category-actualidad","category-destacado","category-ecocistema","category-entrevistas","category-eventos","category-featured","category-inversiones","category-madrid","category-noticia","category-noticias","category-startups","category-venture-capital","tag-destacado","cs-entry","cs-video-wrap"],"_links":{"self":[{"href":"https:\/\/iberopress.es\/index.php\/wp-json\/wp\/v2\/posts\/38908","targetHints":{"allow":["GET"]}}],"collection":[{"href":"https:\/\/iberopress.es\/index.php\/wp-json\/wp\/v2\/posts"}],"about":[{"href":"https:\/\/iberopress.es\/index.php\/wp-json\/wp\/v2\/types\/post"}],"author":[{"embeddable":true,"href":"https:\/\/iberopress.es\/index.php\/wp-json\/wp\/v2\/users\/2"}],"replies":[{"embeddable":true,"href":"https:\/\/iberopress.es\/index.php\/wp-json\/wp\/v2\/comments?post=38908"}],"version-history":[{"count":0,"href":"https:\/\/iberopress.es\/index.php\/wp-json\/wp\/v2\/posts\/38908\/revisions"}],"wp:featuredmedia":[{"embeddable":true,"href":"https:\/\/iberopress.es\/index.php\/wp-json\/wp\/v2\/media\/38909"}],"wp:attachment":[{"href":"https:\/\/iberopress.es\/index.php\/wp-json\/wp\/v2\/media?parent=38908"}],"wp:term":[{"taxonomy":"category","embeddable":true,"href":"https:\/\/iberopress.es\/index.php\/wp-json\/wp\/v2\/categories?post=38908"},{"taxonomy":"post_tag","embeddable":true,"href":"https:\/\/iberopress.es\/index.php\/wp-json\/wp\/v2\/tags?post=38908"}],"curies":[{"name":"wp","href":"https:\/\/api.w.org\/{rel}","templated":true}]}}