{"id":38904,"date":"2023-04-20T10:50:26","date_gmt":"2023-04-20T10:50:26","guid":{"rendered":"https:\/\/iberopress.es\/index.php\/2023\/04\/20\/aulaplaneta-abre-una-convocatoria-de-becas-para-realizar-el-curso-introduccion-a-la-programacion-y-el-pensamiento-computacional-de-code-org\/"},"modified":"2023-04-20T10:50:26","modified_gmt":"2023-04-20T10:50:26","slug":"aulaplaneta-abre-una-convocatoria-de-becas-para-realizar-el-curso-introduccion-a-la-programacion-y-el-pensamiento-computacional-de-code-org","status":"publish","type":"post","link":"https:\/\/iberopress.es\/index.php\/2023\/04\/20\/aulaplaneta-abre-una-convocatoria-de-becas-para-realizar-el-curso-introduccion-a-la-programacion-y-el-pensamiento-computacional-de-code-org\/","title":{"rendered":"Aulaplaneta abre una convocatoria de becas para realizar el curso \u2018introducci\u00f3n a la programaci\u00f3n y el pensamiento computacional\u2019 de Code.org"},"content":{"rendered":"<p>Aulaplaneta abre una convocatoria de becas para realizar el curso \u2018introducci\u00f3n a la programaci\u00f3n y el pensamiento computacional\u2019 de Code.org<\/p>\n<p>Aulaplaneta abre una convocatoria de becas para realizar el curso \u2018introducci\u00f3n a la programaci\u00f3n y el pensamiento computacional\u2019 de Code.org<\/p>\n<div>\n<p>\/COMUNICAE\/ <\/p>\n<p><a href=\"https:\/\/static.comunicae.com\/photos\/notas\/1244982\/code.png\" target=\"_blank\" class=\"fotonota\" rel=\"noopener\"> <img decoding=\"async\" src=\"https:\/\/static.comunicae.com\/photos\/notas\/1244982\/code.png\" border=\"0\" class=\"postImage\" alt=\"\"><\/a><\/p>\n<p>El programa de becas se dirige a docentes de infantil, primaria y secundaria, de centros p\u00fablicos y concertados, interesados en adquirir conocimientos de programaci\u00f3n y de desarrollo del pensamiento computacional<\/p>\n<p>Aulaplaneta ha abierto una convocatoria de becas dirigidas a docentes, de infantil, primaria y secundaria, para que de forma totalmente gratuita puedan realizar el curso \u2018introducci\u00f3n a la programaci\u00f3n y el pensamiento computacional\u2019\u00a0de code.org.<\/p>\n<p>La nueva convocatoria se presenta tras la buena acogida que, entre el profesorado, tuvo esta iniciativa el pasado a\u00f1o, cuando en poco tiempo se agotaron todas las plazas becadas para realizar el curso. La puesta en marcha de este programa de becas ha sido posible gracias a la alianza que Aulaplaneta, junto a la Fundaci\u00f3n Princesa de Girona, ha establecido con Code.org, organizaci\u00f3n sin \u00e1nimo de lucro dedicada al aprendizaje del lenguaje de c\u00f3digo en las aulas, en el que ya han participado profesores y alumnos de todo el mundo.<\/p>\n<p>La iniciativa Code.org nace en Estados Unidos en el a\u00f1o 2013 y consiste en una plataforma de contenido formativo \u2013traducida a m\u00e1s de 70 idiomas\u2013, dirigida a docentes y estudiantes y que hoy ya utilizan m\u00e1s de un mill\u00f3n de profesores y el 40% de los estudiantes norteamericanos.<\/p>\n<p>La organizaci\u00f3n est\u00e1 avalada por numerosos l\u00edderes globales pol\u00edticos, sociales y econ\u00f3micos, entre los que destacan el expresidente de Estados Unidos, Barack Obama, o el actual, Joe Biden; el CEO de Amazon,<\/p>\n<p>Jeff Bezos; el CEO de Facebook, Mark Zuckerberg; los cuatro expresidentes de Espa\u00f1a; o el presidente de Telef\u00f3nica, Jos\u00e9 Mar\u00eda \u00c1lvarez-Pallete, entre muchos otros.<\/p>\n<p>Los profesores y profesoras, de centros p\u00fablicos y concertados, a los que Aulaplaneta asigne una beca podr\u00e1n realizar, sin ning\u00fan tipo de coste, el curso de Code.org \u2018Introducci\u00f3n a la programaci\u00f3n y el pensamiento computacional\u2019\u00a0que, una vez finalizado, les permitir\u00e1 implementar y ense\u00f1ar los fundamentos del lenguaje de programaci\u00f3n a su alumnado. El curso permite la obtenci\u00f3n de 4 cr\u00e9ditos ECTS de la Universidad Aut\u00f3noma de Madrid.<\/p>\n<p>Aulaplaneta asume as\u00ed el reto de ayudar a formar a los docentes, a trav\u00e9s de herramientas innovadoras y pr\u00e1cticas, para extender as\u00ed las ciencias de la computaci\u00f3n a todo el sistema educativo como competencia clave en el futuro.<\/p>\n<p><strong>Formaci\u00f3n para docentes<\/strong><br \/> Los docentes son la clave de la transformaci\u00f3n. Cada profesor y profesora formado impacta en decenas de ni\u00f1os al a\u00f1o. Por ello el objetivo es su capacitaci\u00f3n a trav\u00e9s del desarrollo del curso \u2018Introducci\u00f3n a la programaci\u00f3n y el pensamiento computacional\u2019.<\/p>\n<p>La programaci\u00f3n ser\u00e1 una habilidad clave en el futuro de los ni\u00f1os y ni\u00f1as. Aprender a programar les dar\u00e1 \u2018poderes\u2019: les permitir\u00e1 crear y hacer realidad sus sue\u00f1os y sus ideas.<\/p>\n<p>El curso de \u2018Introducci\u00f3n a la programaci\u00f3n y el pensamiento computacional\u2019\u00a0consta de 28 talleres, m\u00e1s el desarrollo de un proyecto tutorizado, y tiene como objetivo acercar la programaci\u00f3n y el pensamiento computacional a trav\u00e9s de la metodolog\u00eda Code.org. Al finalizar, los participantes estar\u00e1n capacitados para utilizar esta metodolog\u00eda en el aula.<\/p>\n<p>El curso se realiza en modalidad online auto guiada a trav\u00e9s de la plataforma Code.org \u2013 Aulaplaneta, mediante la programaci\u00f3n por bloques, que es una metodolog\u00eda desarrollada para introducir conceptos de programaci\u00f3n a temprana edad.<\/p>\n<p>Los participantes en el curso tendr\u00e1n un tutor que responder\u00e1 a las dudas tanto de forma individual como colectiva, cuando se considere que la respuesta puede ser de utilidad para el resto de formadores.<\/p>\n<p>Para m\u00e1s informaci\u00f3n sobre la convocatoria de becas para realizar el curso \u2018Introducci\u00f3n a la programaci\u00f3n y el pensamiento computacional\u2019\u00a0de Code.org hacer\u00a0<a href=\"https:\/\/informacion.aulaplaneta.com\/programa-becas-code\" target=\"_blank\" rel=\"nofollow noopener\">clic aqu\u00ed<\/a>, o acceder a la p\u00e1gina web\u00a0<a href=\"https:\/\/www.aulaplaneta.com\/\" target=\"_blank\" rel=\"nofollow noopener\">www.aulaplaneta.com<\/a>.<\/p>\n<p class=\"mediakit\"> Fuente <a href=\"https:\/\/www.comunicae.es\/notas-de-prensa\/aulaplaneta-abre-una-convocatoria-de-becas_1\/\">Comunicae<\/a><\/p>\n<p><img decoding=\"async\" loading=\"lazy\" class=\"mediakit\" src=\"https:\/\/www.comunicae.es\/notificaLectura.php?tipoCanalId=75&amp;notaId=1244982\" width=\"1px\" height=\"1px\"><\/p>\n<p>The post <a rel=\"nofollow\" href=\"https:\/\/tecnobitt.com\/aulaplaneta-abre-una-convocatoria-de-becas-para-realizar-el-curso-introduccion-a-la-programacion-y-el-pensamiento-computacional-de-code-org\/\">Aulaplaneta abre una convocatoria de becas para realizar el curso \u2018introducci\u00f3n a la programaci\u00f3n y el pensamiento computacional\u2019 de Code.org<\/a> appeared first on <a rel=\"nofollow\" href=\"https:\/\/tecnobitt.com\/\">TecnoBitt :- Un bit de tecnolog\u00eda diaria<\/a>.<\/p>\n<\/div>\n<p><img decoding=\"async\" class=\"wpe_imgrss\" src=\"https:\/\/tecnobitt.com\/wp-content\/uploads\/2023\/04\/aulaplaneta-abre-una-convocatoria-de-becas-para-realizar-el-curso-introduccion-a-la-programacion-y-el-pensamiento-computacional-de-code-org.png\"><\/p>\n<p><img decoding=\"async\" class=\"wpe_imgrss\" src=\"https:\/\/diarioemprendedor.com\/wp-content\/uploads\/2023\/04\/aulaplaneta-abre-una-convocatoria-de-becas-para-realizar-el-curso-introduccion-a-la-programacion-y-el-pensamiento-computacional-de-code-org.png\"><\/p>\n","protected":false},"excerpt":{"rendered":"Aulaplaneta abre una convocatoria de becas para realizar el curso \u2018introducci\u00f3n a la programaci\u00f3n y el pensamiento computacional\u2019&hellip;","protected":false},"author":2,"featured_media":38905,"comment_status":"closed","ping_status":"closed","sticky":false,"template":"","format":"standard","meta":{"csco_display_header_overlay":false,"csco_singular_sidebar":"","csco_page_header_type":"","csco_page_load_nextpost":"","csco_post_video_location":[],"csco_post_video_location_hash":"","csco_post_video_url":"","csco_post_video_bg_start_time":0,"csco_post_video_bg_end_time":0,"footnotes":""},"categories":[554,426,762,729,427,763,764,765,127,466,766],"tags":[114],"class_list":["post-38904","post","type-post","status-publish","format-standard","has-post-thumbnail","category-actualidad","category-destacado","category-ecocistema","category-entrevistas","category-featured","category-inversiones","category-noticia","category-noticias","category-programacion","category-startups","category-venture-capital","tag-destacado","cs-entry","cs-video-wrap"],"_links":{"self":[{"href":"https:\/\/iberopress.es\/index.php\/wp-json\/wp\/v2\/posts\/38904","targetHints":{"allow":["GET"]}}],"collection":[{"href":"https:\/\/iberopress.es\/index.php\/wp-json\/wp\/v2\/posts"}],"about":[{"href":"https:\/\/iberopress.es\/index.php\/wp-json\/wp\/v2\/types\/post"}],"author":[{"embeddable":true,"href":"https:\/\/iberopress.es\/index.php\/wp-json\/wp\/v2\/users\/2"}],"replies":[{"embeddable":true,"href":"https:\/\/iberopress.es\/index.php\/wp-json\/wp\/v2\/comments?post=38904"}],"version-history":[{"count":0,"href":"https:\/\/iberopress.es\/index.php\/wp-json\/wp\/v2\/posts\/38904\/revisions"}],"wp:featuredmedia":[{"embeddable":true,"href":"https:\/\/iberopress.es\/index.php\/wp-json\/wp\/v2\/media\/38905"}],"wp:attachment":[{"href":"https:\/\/iberopress.es\/index.php\/wp-json\/wp\/v2\/media?parent=38904"}],"wp:term":[{"taxonomy":"category","embeddable":true,"href":"https:\/\/iberopress.es\/index.php\/wp-json\/wp\/v2\/categories?post=38904"},{"taxonomy":"post_tag","embeddable":true,"href":"https:\/\/iberopress.es\/index.php\/wp-json\/wp\/v2\/tags?post=38904"}],"curies":[{"name":"wp","href":"https:\/\/api.w.org\/{rel}","templated":true}]}}