{"id":38900,"date":"2023-04-20T07:45:25","date_gmt":"2023-04-20T07:45:25","guid":{"rendered":"https:\/\/iberopress.es\/index.php\/2023\/04\/20\/lidiar-con-un-trastorno-por-estres-postraumatico-de-la-mano-de-lescoms\/"},"modified":"2023-04-20T07:45:25","modified_gmt":"2023-04-20T07:45:25","slug":"lidiar-con-un-trastorno-por-estres-postraumatico-de-la-mano-de-lescoms","status":"publish","type":"post","link":"https:\/\/iberopress.es\/index.php\/2023\/04\/20\/lidiar-con-un-trastorno-por-estres-postraumatico-de-la-mano-de-lescoms\/","title":{"rendered":"Lidiar con un Trastorno por Estr\u00e9s Postraum\u00e1tico, de la mano de Lescoms"},"content":{"rendered":"<p>Lidiar con un Trastorno por Estr\u00e9s Postraum\u00e1tico, de la mano de Lescoms<\/p>\n<p>Lidiar con un Trastorno por Estr\u00e9s Postraum\u00e1tico, de la mano de Lescoms<\/p>\n<div>\n<p>Vivir o presenciar alg\u00fan acontecimiento impactante, terror\u00edfico o peligroso puede dejar secuelas en forma de s\u00edntomas que se manifiestan poco despu\u00e9s o, incluso, pasados meses o a\u00f1os del incidente. Esto se conoce como <a href=\"https:\/\/lescoms.es\/service\/estres\/\" rel=\"noreferrer\">trastorno por estr\u00e9s postraum\u00e1tico<\/a> y puede afectar la calidad de vida de quien lo padece, por lo que es necesario tratarlo.<\/p>\n<p>Uno de los principales tratamientos para este padecimiento es la terapia psicol\u00f3gica. En <a href=\"http:\/\/lescoms.es\/\" rel=\"noreferrer\">Lescoms<\/a>, un centro de salud mental ubicado en Almer\u00eda, cuentan con un equipo de profesionales especializados. Estos se encargan de realizar un diagn\u00f3stico y buscar el tratamiento adecuado para cada paciente.<\/p>\n<h2 id=\"signos-del-trastorno-por-estres-postraumatico\">Signos del trastorno por estr\u00e9s postraum\u00e1tico<\/h2>\n<p>En ocasiones, las personas que pasan por situaciones traum\u00e1ticas tienen dificultad temporal para adaptarse y afrontarlas, pero con el tiempo mejoran. En cambio, cuando los s\u00edntomas empeoran o se mantienen en el tiempo, afectando sus actividades diarias, es posible que se est\u00e9 ante un trastorno de estr\u00e9s postraum\u00e1tico.<\/p>\n<p>Los s\u00edntomas de este padecimiento pueden agruparse en cuatro categor\u00edas: <strong>recuerdos intrusivos, evasi\u00f3n, alteraciones cognitivas y del estado de \u00e1nimo, y cambios en las reacciones f\u00edsicas y emocionales<\/strong>. Lo m\u00e1s habitual es que los afectados tengan recuerdos frecuentes e indeseados en los que se reproduce el episodio desencadenante. Tambi\u00e9n son frecuentes las pesadillas relacionadas con esta vivencia.<\/p>\n<p>Algunos s\u00edntomas menos comunes son los estados disociativos en vigilia, en los que el paciente siente que se est\u00e1 repitiendo el episodio, llev\u00e1ndolo a reaccionar como si se encontrara en la situaci\u00f3n original.<\/p>\n<p>Por otro lado, el trastorno por estr\u00e9s postraum\u00e1tico cr\u00f3nico puede provocar <strong>depresi\u00f3n, otros trastornos de ansiedad y el abuso de sustancias.<\/strong><\/p>\n<h2 id=\"terapia-psicologica-para-el-tratamiento-del-trastorno-por-estres-postraumatico\">Terapia psicol\u00f3gica para el tratamiento del trastorno por estr\u00e9s postraum\u00e1tico<\/h2>\n<p>Recibiendo un tratamiento personalizado, el paciente puede<strong> sobrellevar esta patolog\u00eda y recuperar el control sobre su vida<\/strong>. Lescoms cuenta con profesionales de la salud mental que aplican tratamientos de psicoterapia centrados en trauma. Con esto, buscan dar a conocer a la persona en qu\u00e9 consisten sus s\u00edntomas y dotarla de las herramientas para identificar los est\u00edmulos que los desencadenan. Asimismo, estos psic\u00f3logos ayudan a desarrollar estrategias para gestionar los s\u00edntomas en el momento en que se presenten.<\/p>\n<p>La atenci\u00f3n psicol\u00f3gica por parte de un profesional es fundamental para cualquier persona que padezca trastorno de estr\u00e9s postraum\u00e1tico. Desde Lescoms ofrecen sus servicios de la mano de terapeutas abiertamente emp\u00e1ticos y comprensivos, que a<strong>yudar\u00e1n a determinar la ra\u00edz del problema y trabajar en el tratamiento de los s\u00edntomas.<\/strong> Es posible contactarlos accediendo a su sitio web en lescoms.es o visitando la cl\u00ednica ubicada en Almer\u00eda.<\/p>\n<p>The post <a rel=\"nofollow\" href=\"https:\/\/tecnobitt.com\/lidiar-con-un-trastorno-por-estres-postraumatico-de-la-mano-de-lescoms\/\">Lidiar con un Trastorno por Estr\u00e9s Postraum\u00e1tico, de la mano de Lescoms<\/a> appeared first on <a rel=\"nofollow\" href=\"https:\/\/tecnobitt.com\/\">TecnoBitt :- Un bit de tecnolog\u00eda diaria<\/a>.<\/p>\n<\/div>\n<p><img decoding=\"async\" class=\"wpe_imgrss\" src=\"https:\/\/tecnobitt.com\/wp-content\/uploads\/2023\/04\/img_52edd954b342473f513ec75f06cc19af.jpg\"><\/p>\n<p><img decoding=\"async\" class=\"wpe_imgrss\" src=\"https:\/\/diarioemprendedor.com\/wp-content\/uploads\/2023\/04\/img_52edd954b342473f513ec75f06cc19af.jpg\"><\/p>\n","protected":false},"excerpt":{"rendered":"Lidiar con un Trastorno por Estr\u00e9s Postraum\u00e1tico, de la mano de Lescoms Lidiar con un Trastorno por Estr\u00e9s&hellip;","protected":false},"author":2,"featured_media":38901,"comment_status":"closed","ping_status":"closed","sticky":false,"template":"","format":"standard","meta":{"csco_display_header_overlay":false,"csco_singular_sidebar":"","csco_page_header_type":"","csco_page_load_nextpost":"","csco_post_video_location":[],"csco_post_video_location_hash":"","csco_post_video_url":"","csco_post_video_bg_start_time":0,"csco_post_video_bg_end_time":0,"footnotes":""},"categories":[554,426,762,729,427,763,764,765,466,766],"tags":[114],"class_list":["post-38900","post","type-post","status-publish","format-standard","has-post-thumbnail","category-actualidad","category-destacado","category-ecocistema","category-entrevistas","category-featured","category-inversiones","category-noticia","category-noticias","category-startups","category-venture-capital","tag-destacado","cs-entry","cs-video-wrap"],"_links":{"self":[{"href":"https:\/\/iberopress.es\/index.php\/wp-json\/wp\/v2\/posts\/38900","targetHints":{"allow":["GET"]}}],"collection":[{"href":"https:\/\/iberopress.es\/index.php\/wp-json\/wp\/v2\/posts"}],"about":[{"href":"https:\/\/iberopress.es\/index.php\/wp-json\/wp\/v2\/types\/post"}],"author":[{"embeddable":true,"href":"https:\/\/iberopress.es\/index.php\/wp-json\/wp\/v2\/users\/2"}],"replies":[{"embeddable":true,"href":"https:\/\/iberopress.es\/index.php\/wp-json\/wp\/v2\/comments?post=38900"}],"version-history":[{"count":0,"href":"https:\/\/iberopress.es\/index.php\/wp-json\/wp\/v2\/posts\/38900\/revisions"}],"wp:featuredmedia":[{"embeddable":true,"href":"https:\/\/iberopress.es\/index.php\/wp-json\/wp\/v2\/media\/38901"}],"wp:attachment":[{"href":"https:\/\/iberopress.es\/index.php\/wp-json\/wp\/v2\/media?parent=38900"}],"wp:term":[{"taxonomy":"category","embeddable":true,"href":"https:\/\/iberopress.es\/index.php\/wp-json\/wp\/v2\/categories?post=38900"},{"taxonomy":"post_tag","embeddable":true,"href":"https:\/\/iberopress.es\/index.php\/wp-json\/wp\/v2\/tags?post=38900"}],"curies":[{"name":"wp","href":"https:\/\/api.w.org\/{rel}","templated":true}]}}