{"id":38892,"date":"2023-04-20T06:46:03","date_gmt":"2023-04-20T06:46:03","guid":{"rendered":"https:\/\/iberopress.es\/index.php\/2023\/04\/20\/sacar-el-maximo-partido-al-proyecto-de-habitat-futuro-con-los-expertos-de-arrenda-santander\/"},"modified":"2023-04-20T06:46:03","modified_gmt":"2023-04-20T06:46:03","slug":"sacar-el-maximo-partido-al-proyecto-de-habitat-futuro-con-los-expertos-de-arrenda-santander","status":"publish","type":"post","link":"https:\/\/iberopress.es\/index.php\/2023\/04\/20\/sacar-el-maximo-partido-al-proyecto-de-habitat-futuro-con-los-expertos-de-arrenda-santander\/","title":{"rendered":"Sacar el m\u00e1ximo partido al proyecto de H\u00e1bitat Futuro con los expertos de Arrenda Santander"},"content":{"rendered":"<p>Sacar el m\u00e1ximo partido al proyecto de H\u00e1bitat Futuro con los expertos de Arrenda Santander<\/p>\n<p>Sacar el m\u00e1ximo partido al proyecto de H\u00e1bitat Futuro con los expertos de Arrenda Santander<\/p>\n<div>\n<div><\/div>\n<p>En los \u00faltimos a\u00f1os, Santander ha experimentado un crecimiento moderado que se espera que se incremente en el futuro pr\u00f3ximo. Parte de su potencial radica en <strong>Santander, H\u00e1bitat Futuro<\/strong>, el proyecto que las autoridades est\u00e1n dise\u00f1ando para incrementar la calidad de vida de sus habitantes.<\/p>\n<p>Seg\u00fan Rub\u00e9n Lopez, director comercial\u00a0de <a href=\"https:\/\/arrenda.es\/alquilar\" rel=\"noreferrer\">Arrenda Santander<\/a>, empresa de referencia en el sector inmobiliario en Cantabria, ser\u00e1 un gran impulso para la ciudad, revitaliz\u00e1ndola generando nuevos espacios, actividades y fuentes de empleo.<\/p>\n<h2 id=\"un-potencial-que-promete-en-el-sector-inmobiliario\">Un potencial que promete en el sector inmobiliario<\/h2>\n<p>En las \u00faltimas d\u00e9cadas, Santander ha sido una de las ciudades intermedias afectadas por dos fen\u00f3menos demogr\u00e1ficos importantes. Por un lado, el envejecimiento de la poblaci\u00f3n, y por el otro, la masiva migraci\u00f3n de los j\u00f3venes a urbes m\u00e1s grandes para trabajar. En <a href=\"https:\/\/arrenda.es\/\" rel=\"noreferrer\">Arrenda<\/a> tienen claro que el proyecto H\u00e1bitat Futuro puede revertir esta tendencia de manera muy favorable.<\/p>\n<p>El proyecto propone para la capital de Cantabria la transformaci\u00f3n de la ciudad a trav\u00e9s del llamado <strong>urbanismo regenerativo<\/strong>. Este tiene dos objetivos espec\u00edficos. El primero es <strong>devolver el equilibrio al territorio urbano<\/strong> y el segundo es <strong>promover la compatibilidad entre la prosperidad econ\u00f3mica y social con la naturaleza.<\/strong><\/p>\n<p>En febrero pasado finaliz\u00f3 la etapa de consultas p\u00fablicas con mesas vecinales y distintas actividades participativas. La propuesta es que Santander en el futuro pueda tener una mejor calidad de vida, siendo una ciudad circular, sostenible, resiliente y pr\u00f3spera. En resumidas cuentas, una urbe con una mejor calidad de vida. Todo esto tendr\u00e1, sin dudas, repercusiones en el sector inmobiliario.<\/p>\n<h2 id=\"lo-que-ofrece-la-oficina-de-arrenda-santander\">Lo que ofrece la oficina de Arrenda Santander<\/h2>\n<p>Rub\u00e9n Lopez, experto en el sector inmobiliario y espec\u00edficamente en el alquiler garantizado, asegura que las repercusiones de este resurgimiento no se har\u00e1n esperar. Los planes que ya se est\u00e1n poniendo en marcha auguran una mayor demanda de inmuebles en alquiler para las nuevas generaciones de habitantes.<\/p>\n<p>Afirma que los trabajos de transformaci\u00f3n abrir\u00e1n nuevas plazas de empleo que atraer\u00e1n mano de obra cualificada, que a su vez demandar\u00e1 viviendas en alquiler. Para ello, Arrenda Santander dispone de su servicio de <strong>gesti\u00f3n integral de alquileres <\/strong>en el que su equipo profesional se encarga de absolutamente todo: desde la promoci\u00f3n del inmueble en distintos canales hasta la redacci\u00f3n del contrato.<\/p>\n<p>A los propietarios, Arrenda Santander ofrece un pago de alquiler seguro y garantizado el d\u00eda 3 de cada mes, independientemente de que el inquilino pague. Trabajan con un departamento propio de asesor\u00eda legal que vela por la integridad de la propiedad y se ocupa de forma personalizada de cada cliente. De esta manera, todos podr\u00e1n aprovechar mejor el esperado resurgimiento de esta ciudad ubicada entre el mar y las monta\u00f1as.<\/p>\n<p>The post <a rel=\"nofollow\" href=\"https:\/\/tecnobitt.com\/sacar-el-maximo-partido-al-proyecto-de-habitat-futuro-con-los-expertos-de-arrenda-santander\/\">Sacar el m\u00e1ximo partido al proyecto de H\u00e1bitat Futuro con los expertos de Arrenda Santander<\/a> appeared first on <a rel=\"nofollow\" href=\"https:\/\/tecnobitt.com\/\">TecnoBitt :- Un bit de tecnolog\u00eda diaria<\/a>.<\/p>\n<\/div>\n<p><img decoding=\"async\" class=\"wpe_imgrss\" src=\"https:\/\/tecnobitt.com\/wp-content\/uploads\/2023\/04\/sacar-el-maximo-partido-al-proyecto-de-habitat-futuro-con-los-expertos-de-arrenda-santander.jpg\"><\/p>\n<p><img decoding=\"async\" class=\"wpe_imgrss\" src=\"https:\/\/diarioemprendedor.com\/wp-content\/uploads\/2023\/04\/sacar-el-maximo-partido-al-proyecto-de-habitat-futuro-con-los-expertos-de-arrenda-santander-768x519.jpg\"><\/p>\n","protected":false},"excerpt":{"rendered":"Sacar el m\u00e1ximo partido al proyecto de H\u00e1bitat Futuro con los expertos de Arrenda Santander Sacar el m\u00e1ximo&hellip;","protected":false},"author":2,"featured_media":38893,"comment_status":"closed","ping_status":"closed","sticky":false,"template":"","format":"standard","meta":{"csco_display_header_overlay":false,"csco_singular_sidebar":"","csco_page_header_type":"","csco_page_load_nextpost":"","csco_post_video_location":[],"csco_post_video_location_hash":"","csco_post_video_url":"","csco_post_video_bg_start_time":0,"csco_post_video_bg_end_time":0,"footnotes":""},"categories":[554,426,762,729,427,75,763,764,765,428,466,766],"tags":[114],"class_list":["post-38892","post","type-post","status-publish","format-standard","has-post-thumbnail","category-actualidad","category-destacado","category-ecocistema","category-entrevistas","category-featured","category-internet","category-inversiones","category-noticia","category-noticias","category-prensa","category-startups","category-venture-capital","tag-destacado","cs-entry","cs-video-wrap"],"_links":{"self":[{"href":"https:\/\/iberopress.es\/index.php\/wp-json\/wp\/v2\/posts\/38892","targetHints":{"allow":["GET"]}}],"collection":[{"href":"https:\/\/iberopress.es\/index.php\/wp-json\/wp\/v2\/posts"}],"about":[{"href":"https:\/\/iberopress.es\/index.php\/wp-json\/wp\/v2\/types\/post"}],"author":[{"embeddable":true,"href":"https:\/\/iberopress.es\/index.php\/wp-json\/wp\/v2\/users\/2"}],"replies":[{"embeddable":true,"href":"https:\/\/iberopress.es\/index.php\/wp-json\/wp\/v2\/comments?post=38892"}],"version-history":[{"count":0,"href":"https:\/\/iberopress.es\/index.php\/wp-json\/wp\/v2\/posts\/38892\/revisions"}],"wp:featuredmedia":[{"embeddable":true,"href":"https:\/\/iberopress.es\/index.php\/wp-json\/wp\/v2\/media\/38893"}],"wp:attachment":[{"href":"https:\/\/iberopress.es\/index.php\/wp-json\/wp\/v2\/media?parent=38892"}],"wp:term":[{"taxonomy":"category","embeddable":true,"href":"https:\/\/iberopress.es\/index.php\/wp-json\/wp\/v2\/categories?post=38892"},{"taxonomy":"post_tag","embeddable":true,"href":"https:\/\/iberopress.es\/index.php\/wp-json\/wp\/v2\/tags?post=38892"}],"curies":[{"name":"wp","href":"https:\/\/api.w.org\/{rel}","templated":true}]}}