{"id":38884,"date":"2023-04-20T06:45:52","date_gmt":"2023-04-20T06:45:52","guid":{"rendered":"https:\/\/iberopress.es\/index.php\/2023\/04\/20\/ansiedad-y-problemas-derivados-del-estres-la-inseguridad-y-el-miedo-de-la-mano-de-centro-medico-bravo\/"},"modified":"2023-04-20T06:45:52","modified_gmt":"2023-04-20T06:45:52","slug":"ansiedad-y-problemas-derivados-del-estres-la-inseguridad-y-el-miedo-de-la-mano-de-centro-medico-bravo","status":"publish","type":"post","link":"https:\/\/iberopress.es\/index.php\/2023\/04\/20\/ansiedad-y-problemas-derivados-del-estres-la-inseguridad-y-el-miedo-de-la-mano-de-centro-medico-bravo\/","title":{"rendered":"Ansiedad y problemas derivados del estr\u00e9s, la inseguridad y el miedo, de la mano de Centro M\u00e9dico Bravo"},"content":{"rendered":"<p>Ansiedad y problemas derivados del estr\u00e9s, la inseguridad y el miedo, de la mano de Centro M\u00e9dico Bravo<\/p>\n<p>Ansiedad y problemas derivados del estr\u00e9s, la inseguridad y el miedo, de la mano de Centro M\u00e9dico Bravo<\/p>\n<div>\n<div><\/div>\n<p>La ansiedad y el estr\u00e9s son enfermedades que anualmente se incrementan y que pueden percibirse de manera diferente como hombres y mujeres, siendo estas \u00faltimas las que experimentan m\u00e1s fuertes s\u00edntomas. Estas condiciones pueden afectar notablemente el bienestar emocional y f\u00edsico de las personas. Por esta raz\u00f3n,\u00a0consultar un especialista que pueda ayudar a identificar la <a href=\"https:\/\/centromedicobravo.com\/especialidades\" rel=\"noreferrer\">ansiedad<\/a> y problemas derivados del estr\u00e9s, la inseguridad y el miedo es lo m\u00e1s recomendable.<\/p>\n<p>Una de las especialidades del <a href=\"https:\/\/centromedicobravo.com\/\" rel=\"noreferrer\">Centro M\u00e9dico Bravo<\/a> es la psicolog\u00eda. Este espacio cuenta con profesionales altamente capacitados para ofrecer diferentes servicios a personas con problemas de ansiedad, depresi\u00f3n, estr\u00e9s y muchas otras afecciones mentales que influyen en el bienestar humano.<\/p>\n<h2 id=\"por-que-el-estres-y-ansiedad-pueden-afectar-la-salud\">\u00bfPor qu\u00e9 el estr\u00e9s y ansiedad pueden afectar la salud?<\/h2>\n<p>Seg\u00fan expertos,<strong> la ansiedad y problemas derivados del estr\u00e9s, la inseguridad y el miedo pueden afectar la salud de un individuo<\/strong>. Los s\u00edntomas de estas condiciones pueden afectar a nivel f\u00edsico, los pensamientos y comportamiento de una persona, ocasionando desde dolores de cabeza, irritabilidad, insomnio e incluir en la productividad personal o laboral.<\/p>\n<p>En general, el estr\u00e9s es un sentimiento de tensi\u00f3n tanto f\u00edsica como emocional. Este puede originarse de cualquier situaci\u00f3n o pensamiento que generen frustraci\u00f3n, nervios o rabia a una persona. De acuerdo a los especialistas, el estr\u00e9s es una reacci\u00f3n del cuerpo a un desaf\u00edo o demanda.<\/p>\n<p>En ocasiones espec\u00edficas, el estr\u00e9s y la ansiedad pueden considerarse positivos, ya que pueden actuar como mecanismos de defensa para ayudar a evitar situaciones de peligro o cumplir una fecha l\u00edmite. Sin embargo, de manera prolongada, estos episodios pueden da\u00f1ar la salud de una persona, hasta el punto de deteriorar progresivamente su condici\u00f3n f\u00edsica y emocional.<\/p>\n<h2 id=\"como-tratar-el-estres-y-la-ansiedad\">C\u00f3mo tratar el estr\u00e9s y la ansiedad<\/h2>\n<p>Enfermedades como insuficiencia card\u00edaca, problemas en la piel y presi\u00f3n arterial alta, son algunas de las consecuencias de estr\u00e9s cr\u00f3nico y ansiedad. Por ello, enfocarse en la b\u00fasqueda de profesionales calificados para disminuir los s\u00edntomas que genera la ansiedad es lo m\u00e1s apropiado para garantizar el bienestar integral de los individuos.<\/p>\n<p>En el Centro M\u00e9dico Bravo es posible encontrar<strong> m\u00faltiples profesionales que ofrecen servicios a personas con problemas de ansiedad, fobias, obsesiones, sexualidad, enuresis, entre muchos otros problemas emocionales que deterioran la salud f\u00edsica de las personas<\/strong>. A trav\u00e9s de una atenci\u00f3n especializada y tratamientos personalizados es posible recibir la atenci\u00f3n necesaria para tratar la ansiedad, el estr\u00e9s y problemas derivados.<\/p>\n<p>La fiabilidad y rapidez en los resultados que ofrece los expertos de este centro se han convertido en las principales cartas de presentaci\u00f3n por las cuales se ha distinguido este centro especializado ubicado en Madrid.\u00a0<\/p>\n<p>The post <a rel=\"nofollow\" href=\"https:\/\/tecnobitt.com\/ansiedad-y-problemas-derivados-del-estres-la-inseguridad-y-el-miedo-de-la-mano-de-centro-medico-bravo\/\">Ansiedad y problemas derivados del estr\u00e9s, la inseguridad y el miedo, de la mano de Centro M\u00e9dico Bravo<\/a> appeared first on <a rel=\"nofollow\" href=\"https:\/\/tecnobitt.com\/\">TecnoBitt :- Un bit de tecnolog\u00eda diaria<\/a>.<\/p>\n<\/div>\n<p><img decoding=\"async\" class=\"wpe_imgrss\" src=\"https:\/\/tecnobitt.com\/wp-content\/uploads\/2023\/04\/ansiedad-y-problemas-derivados-del-estres-la-inseguridad-y-el-miedo-de-la-mano-de-centro-medico-bravo.jpg\"><\/p>\n<p><img decoding=\"async\" class=\"wpe_imgrss\" src=\"https:\/\/diarioemprendedor.com\/wp-content\/uploads\/2023\/04\/ansiedad-y-problemas-derivados-del-estres-la-inseguridad-y-el-miedo-de-la-mano-de-centro-medico-bravo-768x512.jpg\"><\/p>\n","protected":false},"excerpt":{"rendered":"Ansiedad y problemas derivados del estr\u00e9s, la inseguridad y el miedo, de la mano de Centro M\u00e9dico Bravo&hellip;","protected":false},"author":2,"featured_media":38885,"comment_status":"closed","ping_status":"closed","sticky":false,"template":"","format":"standard","meta":{"csco_display_header_overlay":false,"csco_singular_sidebar":"","csco_page_header_type":"","csco_page_load_nextpost":"","csco_post_video_location":[],"csco_post_video_location_hash":"","csco_post_video_url":"","csco_post_video_bg_start_time":0,"csco_post_video_bg_end_time":0,"footnotes":""},"categories":[554,426,762,729,427,75,763,764,765,428,466,766],"tags":[114],"class_list":["post-38884","post","type-post","status-publish","format-standard","has-post-thumbnail","category-actualidad","category-destacado","category-ecocistema","category-entrevistas","category-featured","category-internet","category-inversiones","category-noticia","category-noticias","category-prensa","category-startups","category-venture-capital","tag-destacado","cs-entry","cs-video-wrap"],"_links":{"self":[{"href":"https:\/\/iberopress.es\/index.php\/wp-json\/wp\/v2\/posts\/38884","targetHints":{"allow":["GET"]}}],"collection":[{"href":"https:\/\/iberopress.es\/index.php\/wp-json\/wp\/v2\/posts"}],"about":[{"href":"https:\/\/iberopress.es\/index.php\/wp-json\/wp\/v2\/types\/post"}],"author":[{"embeddable":true,"href":"https:\/\/iberopress.es\/index.php\/wp-json\/wp\/v2\/users\/2"}],"replies":[{"embeddable":true,"href":"https:\/\/iberopress.es\/index.php\/wp-json\/wp\/v2\/comments?post=38884"}],"version-history":[{"count":0,"href":"https:\/\/iberopress.es\/index.php\/wp-json\/wp\/v2\/posts\/38884\/revisions"}],"wp:featuredmedia":[{"embeddable":true,"href":"https:\/\/iberopress.es\/index.php\/wp-json\/wp\/v2\/media\/38885"}],"wp:attachment":[{"href":"https:\/\/iberopress.es\/index.php\/wp-json\/wp\/v2\/media?parent=38884"}],"wp:term":[{"taxonomy":"category","embeddable":true,"href":"https:\/\/iberopress.es\/index.php\/wp-json\/wp\/v2\/categories?post=38884"},{"taxonomy":"post_tag","embeddable":true,"href":"https:\/\/iberopress.es\/index.php\/wp-json\/wp\/v2\/tags?post=38884"}],"curies":[{"name":"wp","href":"https:\/\/api.w.org\/{rel}","templated":true}]}}