{"id":38882,"date":"2023-04-20T06:45:49","date_gmt":"2023-04-20T06:45:49","guid":{"rendered":"https:\/\/iberopress.es\/index.php\/2023\/04\/20\/cuales-son-algunos-de-los-mejores-destinos-para-visitar-en-el-proximo-solsticio-de-verano\/"},"modified":"2023-04-20T06:45:49","modified_gmt":"2023-04-20T06:45:49","slug":"cuales-son-algunos-de-los-mejores-destinos-para-visitar-en-el-proximo-solsticio-de-verano","status":"publish","type":"post","link":"https:\/\/iberopress.es\/index.php\/2023\/04\/20\/cuales-son-algunos-de-los-mejores-destinos-para-visitar-en-el-proximo-solsticio-de-verano\/","title":{"rendered":"\u00bfCu\u00e1les son algunos de los mejores destinos para visitar en el pr\u00f3ximo solsticio de verano?"},"content":{"rendered":"<p>\u00bfCu\u00e1les son algunos de los mejores destinos para visitar en el pr\u00f3ximo solsticio de verano?<\/p>\n<p>\u00bfCu\u00e1les son algunos de los mejores destinos para visitar en el pr\u00f3ximo solsticio de verano?<\/p>\n<div>\n<div><\/div>\n<p>La llegada del <a href=\"https:\/\/alduexperience.com\/viajes-a-medida-a-islandia-viajes-personalizados\" rel=\"noreferrer\">solsticio de verano<\/a> trae consigo el aumento del turismo. Entre los meses de junio y julio, las llegadas internacionales de turistas superan los 200 millones a nivel mundial. Esto se debe a que muchas personas deciden planear sus d\u00edas de vacaciones en esas fechas.<\/p>\n<p><strong>El pr\u00f3ximo solsticio de verano ser\u00e1 el 21 de junio de 2023. <\/strong>Algunos turistas est\u00e1n planificando sus viajes desde ahora para evitar contratiempos y, en este contexto, <strong>una de las ofertas m\u00e1s atractivas para la fecha es el Tour Solsticio de Verano de <\/strong><a href=\"https:\/\/alduexperience.com\/\" rel=\"noreferrer\"><strong>Aldu Experience<\/strong><\/a><strong>, el cual permite conocer Islandia.<\/strong><\/p>\n<h2 id=\"cuales-son-los-destinos-mas-recomendados-en-america-durante-el-solsticio-de-verano\">\u00bfCu\u00e1les son los destinos m\u00e1s recomendados en Am\u00e9rica durante el solsticio de verano?<\/h2>\n<p>En el continente americano, M\u00e9xico es uno de los pa\u00edses en donde se puede vivir una experiencia m\u00e1s especial. La pir\u00e1mide El Castillo, perteneciente a la Zona Arqueol\u00f3gica de Chich\u00e9n Itz\u00e1, fue construida para quedar alineada con la luz solar durante el solsticio de verano.\u00a0<\/p>\n<p>Otro destino americano recomendado para vivir el solsticio de verano es Cuba. Durante los d\u00edas cercanos al solsticio, en la ciudad de Camag\u00fcey, se celebra la fiesta de San Juan de una manera local. Las calles de la urbe se llenan de desfiles y comparsas, como si se tratase de un carnaval. Tambi\u00e9n es com\u00fan que las personas del lugar cocinen ajiaco, un plato tradicional compuesto por carne, ma\u00edz y especias.<\/p>\n<h2 id=\"destinos-para-vivir-el-solsticio-de-verano-en-europa\">Destinos para vivir el solsticio de verano en Europa<\/h2>\n<p>Uno de los lugares m\u00e1s interesantes para visitar es el monumento megal\u00edtico de Stonehenge. Ubicada en Gran Breta\u00f1a, esta estructura de piedras es una de las construcciones m\u00e1s antiguas del mundo. Durante el solsticio de verano, el Sol se levanta justo sobre la \u201cHeel Stone\u201d. Esto hace creer que Stonehenge fue construido para hacer rituales o festivales relacionados con la observaci\u00f3n del Sol.<\/p>\n<p><strong>Otro destino europeo en donde se vive un interesante solsticio es Islandia. En esta isla se puede disfrutar de un espect\u00e1culo astron\u00f3mico denominado Sol de Medianoche. <\/strong>Este fen\u00f3meno solo ocurre en los veranos en la zona del C\u00edrculo Polar \u00c1rtico.<\/p>\n<p>El <em>tour <\/em>por Islandia de Aldu Experience permite disfrutar de este momento \u00fanico. El servicio incluye un recorrido por la Ruta 1, una v\u00eda que rodea toda la isla y que tambi\u00e9n es conocida como Carretera del Anillo (Ring Road) o el C\u00edrculo de Islandia.<\/p>\n<p>En conclusi\u00f3n, el solsticio de verano se ha convertido en un periodo de gran flujo tur\u00edstico. Las personas aprovechan el clima y las promociones de esta \u00e9poca para conocer nuevos lugares, <strong>siendo siempre recomendable hacerlo de la mano de profesionales como los de Aldu Experience.<\/strong><\/p>\n<p>The post <a rel=\"nofollow\" href=\"https:\/\/tecnobitt.com\/cuales-son-algunos-de-los-mejores-destinos-para-visitar-en-el-proximo-solsticio-de-verano\/\">\u00bfCu\u00e1les son algunos de los mejores destinos para visitar en el pr\u00f3ximo solsticio de verano?<\/a> appeared first on <a rel=\"nofollow\" href=\"https:\/\/tecnobitt.com\/\">TecnoBitt :- Un bit de tecnolog\u00eda diaria<\/a>.<\/p>\n<\/div>\n<p><img decoding=\"async\" class=\"wpe_imgrss\" src=\"https:\/\/tecnobitt.com\/wp-content\/uploads\/2023\/04\/cuales-son-algunos-de-los-mejores-destinos-para-visitar-en-el-proximo-solsticio-de-verano.jpg\"><\/p>\n<p><img decoding=\"async\" class=\"wpe_imgrss\" src=\"https:\/\/diarioemprendedor.com\/wp-content\/uploads\/2023\/04\/cuales-son-algunos-de-los-mejores-destinos-para-visitar-en-el-proximo-solsticio-de-verano-768x512.jpg\"><\/p>\n","protected":false},"excerpt":{"rendered":"\u00bfCu\u00e1les son algunos de los mejores destinos para visitar en el pr\u00f3ximo solsticio de verano? \u00bfCu\u00e1les son algunos&hellip;","protected":false},"author":2,"featured_media":38883,"comment_status":"closed","ping_status":"closed","sticky":false,"template":"","format":"standard","meta":{"csco_display_header_overlay":false,"csco_singular_sidebar":"","csco_page_header_type":"","csco_page_load_nextpost":"","csco_post_video_location":[],"csco_post_video_location_hash":"","csco_post_video_url":"","csco_post_video_bg_start_time":0,"csco_post_video_bg_end_time":0,"footnotes":""},"categories":[554,426,762,729,427,75,763,764,765,428,466,766],"tags":[114],"class_list":["post-38882","post","type-post","status-publish","format-standard","has-post-thumbnail","category-actualidad","category-destacado","category-ecocistema","category-entrevistas","category-featured","category-internet","category-inversiones","category-noticia","category-noticias","category-prensa","category-startups","category-venture-capital","tag-destacado","cs-entry","cs-video-wrap"],"_links":{"self":[{"href":"https:\/\/iberopress.es\/index.php\/wp-json\/wp\/v2\/posts\/38882","targetHints":{"allow":["GET"]}}],"collection":[{"href":"https:\/\/iberopress.es\/index.php\/wp-json\/wp\/v2\/posts"}],"about":[{"href":"https:\/\/iberopress.es\/index.php\/wp-json\/wp\/v2\/types\/post"}],"author":[{"embeddable":true,"href":"https:\/\/iberopress.es\/index.php\/wp-json\/wp\/v2\/users\/2"}],"replies":[{"embeddable":true,"href":"https:\/\/iberopress.es\/index.php\/wp-json\/wp\/v2\/comments?post=38882"}],"version-history":[{"count":0,"href":"https:\/\/iberopress.es\/index.php\/wp-json\/wp\/v2\/posts\/38882\/revisions"}],"wp:featuredmedia":[{"embeddable":true,"href":"https:\/\/iberopress.es\/index.php\/wp-json\/wp\/v2\/media\/38883"}],"wp:attachment":[{"href":"https:\/\/iberopress.es\/index.php\/wp-json\/wp\/v2\/media?parent=38882"}],"wp:term":[{"taxonomy":"category","embeddable":true,"href":"https:\/\/iberopress.es\/index.php\/wp-json\/wp\/v2\/categories?post=38882"},{"taxonomy":"post_tag","embeddable":true,"href":"https:\/\/iberopress.es\/index.php\/wp-json\/wp\/v2\/tags?post=38882"}],"curies":[{"name":"wp","href":"https:\/\/api.w.org\/{rel}","templated":true}]}}