{"id":38870,"date":"2023-04-19T16:00:07","date_gmt":"2023-04-19T16:00:07","guid":{"rendered":"https:\/\/iberopress.es\/index.php\/2023\/04\/19\/inauguracion-de-la-celula-de-investigacion-de-etica-e-inteligencia-artificial-en-la-universidad-complutense-de-madrid\/"},"modified":"2023-04-19T16:00:07","modified_gmt":"2023-04-19T16:00:07","slug":"inauguracion-de-la-celula-de-investigacion-de-etica-e-inteligencia-artificial-en-la-universidad-complutense-de-madrid","status":"publish","type":"post","link":"https:\/\/iberopress.es\/index.php\/2023\/04\/19\/inauguracion-de-la-celula-de-investigacion-de-etica-e-inteligencia-artificial-en-la-universidad-complutense-de-madrid\/","title":{"rendered":"Inauguraci\u00f3n de la C\u00e9lula de Investigaci\u00f3n de \u00c9tica e Inteligencia Artificial en la Universidad Complutense de Madrid"},"content":{"rendered":"<p>Inauguraci\u00f3n de la C\u00e9lula de Investigaci\u00f3n de \u00c9tica e Inteligencia Artificial en la Universidad Complutense de Madrid<\/p>\n<p>Inauguraci\u00f3n de la C\u00e9lula de Investigaci\u00f3n de \u00c9tica e Inteligencia Artificial en la Universidad Complutense de Madrid<\/p>\n<div>\n<p>\/COMUNICAE\/ <\/p>\n<p><a href=\"https:\/\/static.comunicae.com\/photos\/notas\/1245114\/9A165EB7-CA3A-464A-9E3F-5113386AC05E.png\" target=\"_blank\" class=\"fotonota\" rel=\"noopener\"> <img decoding=\"async\" src=\"https:\/\/static.comunicae.com\/photos\/notas\/1245114\/9A165EB7-CA3A-464A-9E3F-5113386AC05E.png\" border=\"0\" class=\"postImage\" alt=\"\"><\/a><\/p>\n<p>Innovaci\u00f3n \u00e9tica en la era de la Inteligencia Artificial: Nueva C\u00e9lula de Investigaci\u00f3n Internacional (CIIE) de la Asociaci\u00f3n de Epistemolog\u00eda UCM<\/p>\n<p><a href=\"https:\/\/epistemologiacienciasnaturalesysociales.org\/\" rel=\"nofollow\">La\u00a0Asociaci\u00f3n de Epistemolog\u00eda<\/a>\u00a0de la Universidad Complutense de Madrid se enorgullece de anunciar la inauguraci\u00f3n de su nueva C\u00e9lula de Investigaci\u00f3n de \u00c9tica e Inteligencia Artificial, dirigida por\u00a0Jorge Couceiro Monteagudo.\u00a0<\/p>\n<p>El evento tendr\u00e1 lugar\u00a0el jueves 20 de abril\u00a0a las\u00a012:30h en la sala Ortega y Gasset de la Facultad de Filosof\u00eda de la UCM.<\/p>\n<p>Como parte del programa inaugural, se llevar\u00e1 a cabo la ponencia\u00a0\u00abDesaf\u00edos \u00e9ticos de la inteligencia artificial\u00bb, presentada por los autores\u00a0M\u00f3nica Villas Olmeda,\u00a0Cofundadora \u00a0del Observatorio de Impacto Social y \u00c9tico de Inteligencia Artificial ODISEIA,\u00a0y Javier Camacho Ib\u00e1\u00f1ez,\u00a0creadores del aclamado\u00a0libro \u00abManual de \u00c9tica aplicada a la Inteligencia Artificial\u00bb. Los asistentes tendr\u00e1n la oportunidad de conocer de primera mano las reflexiones y propuestas de estos expertos en el campo de la \u00e9tica y la IA.<\/p>\n<p>La creaci\u00f3n de la C\u00e9lula de Investigaci\u00f3n de \u00c9tica e Inteligencia Artificial responde a la necesidad de abordar los nuevos desaf\u00edos \u00e9ticos y jur\u00eddicos surgidos en el \u00e1mbito de la IA. Con la expansi\u00f3n de aplicaciones y sistemas basados en inteligencia artificial en diversos sectores y actividades, resulta crucial comprender los conceptos fundamentales y las implicaciones \u00e9ticas de estas tecnolog\u00edas.<\/p>\n<p>La iniciativa pretende impulsar una mirada cr\u00edtica y una \u00e9tica responsable en el desarrollo y uso de la IA, fomentando el debate y la investigaci\u00f3n en esta \u00e1rea de creciente importancia.\u00a0<\/p>\n<p>El Presidente de la Asociaci\u00f3n de Epistemolog\u00eda y Director d a Comunidad y Transformaci\u00f3n Digital de \u00a0aRAC\u00a0\/ FRACE,\u00a0Jeremy Mederos,\u00a0indica que\u00a0la C\u00e9lula de Investigaci\u00f3n tambi\u00e9n promover\u00e1 la colaboraci\u00f3n con otras instituciones\u00a0acad\u00e9micas y profesionales, como\u00a0la Fundaci\u00f3n Sic\u00f3moro,\u00a0Amigos de la Real Academia de las Ciencias de Espa\u00f1a, y la Secci\u00f3n de Psicoan\u00e1lisis de la Asociaci\u00f3n Espa\u00f1ola de Neuropsiquiatr\u00eda\u00a0para enriquecer el conocimiento y la pr\u00e1ctica en el campo de la \u00e9tica aplicada a la inteligencia artificial.<\/p>\n<p>Para obtener m\u00e1s informaci\u00f3n sobre el evento inaugural y la C\u00e9lula de Investigaci\u00f3n de \u00c9tica e Inteligencia Artificial, por favor visite el sitio web de la Asociaci\u00f3n de Epistemolog\u00eda.<\/p>\n<p class=\"mediakit\"> Fuente <a href=\"https:\/\/www.comunicae.es\/notas-de-prensa\/inauguracion-de-la-celula-de-investigacion-de\/\">Comunicae<\/a><\/p>\n<p><img decoding=\"async\" loading=\"lazy\" class=\"mediakit\" src=\"https:\/\/www.comunicae.es\/notificaLectura.php?tipoCanalId=75&amp;notaId=1245114\" width=\"1px\" height=\"1px\"><\/p>\n<p>The post <a rel=\"nofollow\" href=\"https:\/\/tecnobitt.com\/inauguracion-de-la-celula-de-investigacion-de-etica-e-inteligencia-artificial-en-la-universidad-complutense-de-madrid\/\">Inauguraci\u00f3n de la C\u00e9lula de Investigaci\u00f3n de \u00c9tica e Inteligencia Artificial en la Universidad Complutense de Madrid<\/a> appeared first on <a rel=\"nofollow\" href=\"https:\/\/tecnobitt.com\/\">TecnoBitt :- Un bit de tecnolog\u00eda diaria<\/a>.<\/p>\n<\/div>\n<p><img decoding=\"async\" class=\"wpe_imgrss\" src=\"https:\/\/tecnobitt.com\/wp-content\/uploads\/2023\/04\/inauguracion-de-la-celula-de-investigacion-de-etica-e-inteligencia-artificial-en-la-universidad-complutense-de-madrid-724x1024.png\"><\/p>\n<p><img decoding=\"async\" class=\"wpe_imgrss\" src=\"https:\/\/diarioemprendedor.com\/wp-content\/uploads\/2023\/04\/inauguracion-de-la-celula-de-investigacion-de-etica-e-inteligencia-artificial-en-la-universidad-complutense-de-madrid-724x1024-1.png\"><\/p>\n","protected":false},"excerpt":{"rendered":"Inauguraci\u00f3n de la C\u00e9lula de Investigaci\u00f3n de \u00c9tica e Inteligencia Artificial en la Universidad Complutense de Madrid Inauguraci\u00f3n&hellip;","protected":false},"author":2,"featured_media":38871,"comment_status":"closed","ping_status":"closed","sticky":false,"template":"","format":"standard","meta":{"csco_display_header_overlay":false,"csco_singular_sidebar":"","csco_page_header_type":"","csco_page_load_nextpost":"","csco_post_video_location":[],"csco_post_video_location_hash":"","csco_post_video_url":"","csco_post_video_bg_start_time":0,"csco_post_video_bg_end_time":0,"footnotes":""},"categories":[554,426,762,729,427,763,28,764,765,466,766],"tags":[114],"class_list":["post-38870","post","type-post","status-publish","format-standard","has-post-thumbnail","category-actualidad","category-destacado","category-ecocistema","category-entrevistas","category-featured","category-inversiones","category-madrid","category-noticia","category-noticias","category-startups","category-venture-capital","tag-destacado","cs-entry","cs-video-wrap"],"_links":{"self":[{"href":"https:\/\/iberopress.es\/index.php\/wp-json\/wp\/v2\/posts\/38870","targetHints":{"allow":["GET"]}}],"collection":[{"href":"https:\/\/iberopress.es\/index.php\/wp-json\/wp\/v2\/posts"}],"about":[{"href":"https:\/\/iberopress.es\/index.php\/wp-json\/wp\/v2\/types\/post"}],"author":[{"embeddable":true,"href":"https:\/\/iberopress.es\/index.php\/wp-json\/wp\/v2\/users\/2"}],"replies":[{"embeddable":true,"href":"https:\/\/iberopress.es\/index.php\/wp-json\/wp\/v2\/comments?post=38870"}],"version-history":[{"count":0,"href":"https:\/\/iberopress.es\/index.php\/wp-json\/wp\/v2\/posts\/38870\/revisions"}],"wp:featuredmedia":[{"embeddable":true,"href":"https:\/\/iberopress.es\/index.php\/wp-json\/wp\/v2\/media\/38871"}],"wp:attachment":[{"href":"https:\/\/iberopress.es\/index.php\/wp-json\/wp\/v2\/media?parent=38870"}],"wp:term":[{"taxonomy":"category","embeddable":true,"href":"https:\/\/iberopress.es\/index.php\/wp-json\/wp\/v2\/categories?post=38870"},{"taxonomy":"post_tag","embeddable":true,"href":"https:\/\/iberopress.es\/index.php\/wp-json\/wp\/v2\/tags?post=38870"}],"curies":[{"name":"wp","href":"https:\/\/api.w.org\/{rel}","templated":true}]}}