{"id":38854,"date":"2023-04-19T11:00:08","date_gmt":"2023-04-19T11:00:08","guid":{"rendered":"https:\/\/iberopress.es\/index.php\/2023\/04\/19\/disfrutar-de-la-experiencia-unica-del-turismo-rural-en-la-vera\/"},"modified":"2023-04-19T11:00:08","modified_gmt":"2023-04-19T11:00:08","slug":"disfrutar-de-la-experiencia-unica-del-turismo-rural-en-la-vera","status":"publish","type":"post","link":"https:\/\/iberopress.es\/index.php\/2023\/04\/19\/disfrutar-de-la-experiencia-unica-del-turismo-rural-en-la-vera\/","title":{"rendered":"Disfrutar de la experiencia \u00fanica del turismo rural en La Vera"},"content":{"rendered":"<p>Disfrutar de la experiencia \u00fanica del turismo rural en La Vera<\/p>\n<p>Disfrutar de la experiencia \u00fanica del turismo rural en La Vera<\/p>\n<div>\n<p>Para quienes busquen un lugar para desconectar de la rutina diaria, disfrutar de la naturaleza y conocer nuevas culturas y tradiciones, <strong>el <\/strong><a href=\"https:\/\/veraguaocio.com\/\" rel=\"noreferrer\"><strong>turismo rural<\/strong><\/a><strong> es una excelente opci\u00f3n<\/strong>. La Vera, una comarca situada en la provincia de C\u00e1ceres, ofrece una experiencia \u00fanica para aquellos que buscan alejarse del ajetreo de la ciudad y conectarse con la naturaleza.<\/p>\n<p>En este art\u00edculo, se detallan algunos de los muchos beneficios del turismo rural y se pone el foco en La Vera y sus posibilidades de hospedaje.<\/p>\n<h2 id=\"beneficios-del-turismo-rural\">Beneficios del turismo rural<\/h2>\n<p>El turismo rural es <strong>una alternativa atractiva para aquellos que buscan desconectar de la rutina y disfrutar de un entorno natural \u00fanico. <\/strong>Esta forma de turismo se basa en la promoci\u00f3n de los recursos naturales, hist\u00f3ricos y culturales de una zona rural, <strong>con el objetivo de ofrecer al visitante una experiencia \u00fanica y aut\u00e9ntica.<\/strong><\/p>\n<p>Entre los beneficios del turismo rural se encuentra la posibilidad de <strong>disfrutar de la naturaleza en su estado m\u00e1s puro<\/strong>. Los entornos rurales suelen ser zonas poco urbanizadas, lo que permite al visitante desconectar del estr\u00e9s y la contaminaci\u00f3n de la ciudad y respirar aire fresco.<\/p>\n<p>El contacto con la naturaleza es beneficioso para la salud, ya que reduce el riesgo de enfermedades cardiovasculares y mejora el estado de \u00e1nimo.<\/p>\n<p>Otro de los beneficios del turismo rural es la posibilidad de conocer nuevas culturas y tradiciones. La vida en el campo es muy diferente a la de la ciudad, y el turismo rural ofrece<strong> la oportunidad de conocer las costumbres, la gastronom\u00eda y las tradiciones de una zona rural.<\/strong> Esto ayuda a fomentar el respeto y la valoraci\u00f3n de la diversidad cultural.<\/p>\n<p>El turismo rural tambi\u00e9n puede tener un impacto positivo en la econom\u00eda local. Al hospedarse en alojamientos rurales, se apoya a los peque\u00f1os empresarios locales que suelen ser los encargados de ofrecer este tipo de servicios.<\/p>\n<p>El turismo rural puede ayudar a fomentar el desarrollo sostenible de la zona, <strong>promoviendo el cuidado del medio ambiente y la conservaci\u00f3n de la biodiversidad.<\/strong><\/p>\n<p>Tambi\u00e9n ofrece una experiencia \u00fanica y aut\u00e9ntica. La mayor\u00eda de los alojamientos rurales se encuentran en edificios hist\u00f3ricos o en zonas rurales pintorescas y tranquilas,<strong> lo que permite al visitante sumergirse en la cultura y el entorno de la zona.<\/strong><\/p>\n<h2 id=\"la-vera-una-zona-natural-unica\">La Vera: una zona natural \u00fanica<\/h2>\n<p>La Vera es una comarca situada al norte de la provincia de C\u00e1ceres, en Extremadura. Esta zona es conocida por <strong>su belleza natural, su clima agradable y su fauna y flora diversa.<\/strong><\/p>\n<p>Al norte, est\u00e1 protegida por la Sierra de Gredos, que se alza imponente en el horizonte y que influye en el clima y en el paisaje de la comarca.<\/p>\n<p>La naturaleza de La Vera es rica y diversa. Se pueden encontrar bosques de robles, casta\u00f1os y cerezos, adem\u00e1s de gargantas y r\u00edos que ofrecen la oportunidad de disfrutar de refrescantes ba\u00f1os en verano. Tambi\u00e9n es posible realizar senderismo y observar la fauna salvaje, como cabras montesas y aves rapaces.<\/p>\n<h2 id=\"apartamentos-turisticos-en-plena-naturaleza\">Apartamentos tur\u00edsticos en plena naturaleza<\/h2>\n<p><a href=\"https:\/\/veraguaocio.com\/\" rel=\"noreferrer\">Veragua Ocio<\/a> es un complejo tur\u00edstico que ofrece diferentes tipos de alojamientos, entre ellos, <strong>apartamentos tur\u00edsticos en plena naturaleza en La Vera<\/strong>. Estos apartamentos tienen un dise\u00f1o moderno y est\u00e1n equipados con todas las comodidades para hacer que la estancia de los hu\u00e9spedes sea lo m\u00e1s agradable posible.<\/p>\n<p>Los apartamentos est\u00e1n situados en plena naturaleza y se mimetizan con ella, lo que permite disfrutar de un entorno natural \u00fanico.<\/p>\n<p>Est\u00e1n concebidos para ofrecer una experiencia \u00fanica a los hu\u00e9spedes. Cada apartamento cuenta con <strong>una terraza privada con vistas a la naturaleza, cocina totalmente equipada, aire acondicionado y calefacci\u00f3n, televisi\u00f3n de pantalla plana y conexi\u00f3n wifi gratuita<\/strong>. Adem\u00e1s, los hu\u00e9spedes pueden disfrutar de las <strong>piscinas al aire libre y de la zona de barbacoa<\/strong>.<\/p>\n<h2 id=\"gastronomia-de-la-vera\">Gastronom\u00eda de La Vera<\/h2>\n<p>La gastronom\u00eda de La Vera es <strong>rica y variada, y est\u00e1 basada en productos locales de alta calidad<\/strong>. Entre los platos t\u00edpicos de la zona, la caldereta de cabrito, las migas extreme\u00f1as, el gazpacho extreme\u00f1o y el bacalao con tomate. Adem\u00e1s,<strong> La Vera es famosa por sus quesos, especialmente por el queso de cabra<\/strong>, <strong>que se elabora de manera artesanal y con m\u00e9todos tradicionales.<\/strong><\/p>\n<p>Tambi\u00e9n destaca la<strong> producci\u00f3n de piment\u00f3n de la Vera<\/strong>, un condimento que se elabora a partir de pimientos rojos secos y que <strong>cuenta con denominaci\u00f3n de origen protegida<\/strong>. El piment\u00f3n de la Vera se utiliza en muchos platos de la gastronom\u00eda local y es reconocido por su sabor ahumado y picante.<\/p>\n<p>En La Vera se celebran numerosas fiestas y ferias gastron\u00f3micas a lo largo del a\u00f1o, donde se pueden degustar los productos locales y conocer m\u00e1s sobre la cultura culinaria de la zona.<\/p>\n<p>Sin duda, la gastronom\u00eda es uno de los atractivos principales del turismo rural en La Vera, y una experiencia que nadie debe perderse.<\/p>\n<p>La Vera es un destino ideal para el turismo rural, gracias a su belleza natural, su clima agradable y su fauna y flora diversa. En este entorno privilegiado, Veragua Ocio ofrece una experiencia \u00fanica de turismo rural en sus apartamentos tur\u00edsticos en plena naturaleza.<\/p>\n<p>En resumen, el turismo rural en La Vera es una oportunidad para descubrir la gastronom\u00eda local, la cultura y las tradiciones de la zona, as\u00ed como para disfrutar de una amplia variedad de actividades al aire libre, como senderismo, observaci\u00f3n de la fauna, visitas a pueblos y monumentos, entre otras.<\/p>\n<p>As\u00ed que,<strong> si lo que se busca es una experiencia diferente y aut\u00e9ntica, todo ello se puede encontrar en una opci\u00f3n como el turismo rural en La Vera.<\/strong><\/p>\n<p>The post <a rel=\"nofollow\" href=\"https:\/\/tecnobitt.com\/disfrutar-de-la-experiencia-unica-del-turismo-rural-en-la-vera\/\">Disfrutar de la experiencia \u00fanica del turismo rural en La Vera<\/a> appeared first on <a rel=\"nofollow\" href=\"https:\/\/tecnobitt.com\/\">TecnoBitt :- Un bit de tecnolog\u00eda diaria<\/a>.<\/p>\n<\/div>\n<p><img decoding=\"async\" class=\"wpe_imgrss\" src=\"https:\/\/tecnobitt.com\/wp-content\/uploads\/2023\/04\/img_35e3d03f68cc45d2199078a0dcba1ed8.jpeg\"><\/p>\n<p><img decoding=\"async\" class=\"wpe_imgrss\" src=\"https:\/\/diarioemprendedor.com\/wp-content\/uploads\/2023\/04\/img_35e3d03f68cc45d2199078a0dcba1ed8.jpeg\"><\/p>\n","protected":false},"excerpt":{"rendered":"Disfrutar de la experiencia \u00fanica del turismo rural en La Vera Disfrutar de la experiencia \u00fanica del turismo&hellip;","protected":false},"author":2,"featured_media":38855,"comment_status":"closed","ping_status":"closed","sticky":false,"template":"","format":"standard","meta":{"csco_display_header_overlay":false,"csco_singular_sidebar":"","csco_page_header_type":"","csco_page_load_nextpost":"","csco_post_video_location":[],"csco_post_video_location_hash":"","csco_post_video_url":"","csco_post_video_bg_start_time":0,"csco_post_video_bg_end_time":0,"footnotes":""},"categories":[554,426,762,729,427,763,764,765,466,766],"tags":[114],"class_list":["post-38854","post","type-post","status-publish","format-standard","has-post-thumbnail","category-actualidad","category-destacado","category-ecocistema","category-entrevistas","category-featured","category-inversiones","category-noticia","category-noticias","category-startups","category-venture-capital","tag-destacado","cs-entry","cs-video-wrap"],"_links":{"self":[{"href":"https:\/\/iberopress.es\/index.php\/wp-json\/wp\/v2\/posts\/38854","targetHints":{"allow":["GET"]}}],"collection":[{"href":"https:\/\/iberopress.es\/index.php\/wp-json\/wp\/v2\/posts"}],"about":[{"href":"https:\/\/iberopress.es\/index.php\/wp-json\/wp\/v2\/types\/post"}],"author":[{"embeddable":true,"href":"https:\/\/iberopress.es\/index.php\/wp-json\/wp\/v2\/users\/2"}],"replies":[{"embeddable":true,"href":"https:\/\/iberopress.es\/index.php\/wp-json\/wp\/v2\/comments?post=38854"}],"version-history":[{"count":0,"href":"https:\/\/iberopress.es\/index.php\/wp-json\/wp\/v2\/posts\/38854\/revisions"}],"wp:featuredmedia":[{"embeddable":true,"href":"https:\/\/iberopress.es\/index.php\/wp-json\/wp\/v2\/media\/38855"}],"wp:attachment":[{"href":"https:\/\/iberopress.es\/index.php\/wp-json\/wp\/v2\/media?parent=38854"}],"wp:term":[{"taxonomy":"category","embeddable":true,"href":"https:\/\/iberopress.es\/index.php\/wp-json\/wp\/v2\/categories?post=38854"},{"taxonomy":"post_tag","embeddable":true,"href":"https:\/\/iberopress.es\/index.php\/wp-json\/wp\/v2\/tags?post=38854"}],"curies":[{"name":"wp","href":"https:\/\/api.w.org\/{rel}","templated":true}]}}