{"id":38818,"date":"2023-04-18T15:31:38","date_gmt":"2023-04-18T15:31:38","guid":{"rendered":"https:\/\/iberopress.es\/index.php\/2023\/04\/18\/montserrat-hernandez-directora-de-tribuna-grupo-de-comunicacion-ganadora-de-la-primera-edicion-del-premio-lider-joven-de-la-sociedad-civil\/"},"modified":"2023-04-18T15:31:38","modified_gmt":"2023-04-18T15:31:38","slug":"montserrat-hernandez-directora-de-tribuna-grupo-de-comunicacion-ganadora-de-la-primera-edicion-del-premio-lider-joven-de-la-sociedad-civil","status":"publish","type":"post","link":"https:\/\/iberopress.es\/index.php\/2023\/04\/18\/montserrat-hernandez-directora-de-tribuna-grupo-de-comunicacion-ganadora-de-la-primera-edicion-del-premio-lider-joven-de-la-sociedad-civil\/","title":{"rendered":"Montserrat Hern\u00e1ndez, directora de Tribuna Grupo de Comunicaci\u00f3n, ganadora de la primera edici\u00f3n del premio \u2018L\u00edder Joven de la Sociedad Civil\u2019"},"content":{"rendered":"<p>Montserrat Hern\u00e1ndez, directora de Tribuna Grupo de Comunicaci\u00f3n, ganadora de la primera edici\u00f3n del premio \u2018L\u00edder Joven de la Sociedad Civil\u2019<\/p>\n<p>Montserrat Hern\u00e1ndez, directora de Tribuna Grupo de Comunicaci\u00f3n, ganadora de la primera edici\u00f3n del premio \u2018L\u00edder Joven de la Sociedad Civil\u2019<\/p>\n<div>\n<p><strong>Montserrat Hern\u00e1ndez Hern\u00e1ndez, directora de Tribuna Grupo de Comunicaci\u00f3n, es la\u00a0 ganadora de la primera edici\u00f3n del premio \u2018L\u00edder Joven de la Sociedad Civil\u2019 que otorga la\u00a0 <\/strong><strong>Asociaci\u00f3n Nacional Sociedad Civil Ahora (SOCIA). <\/strong><strong>El galard\u00f3n se entregar\u00e1 durante la\u00a0 clausura del III Congreso de la Sociedad Civil que, bajo el lema \u2018Regenerar Espa\u00f1a\u2019, se\u00a0 celebrar\u00e1 el pr\u00f3ximo 27 de abril en Madrid.\u00a0<\/strong><\/p>\n<p>Las instituciones promotoras de este galard\u00f3n quieren reconocer con este premio a personas j\u00f3venes\u00a0 comprometidas con la sociedad civil de forma altruista en cualquiera de sus manifestaciones \u2013 fundaciones, federaciones, ONG, labora social-, que tengan \u00e9xito en el \u00e1mbito profesional que les\u00a0 corresponda y que hayan contribuido a generar valor econ\u00f3mico y social en la sociedad espa\u00f1ola,\u00a0 as\u00ed como a personas que tengan valores y principios \u00e9ticos y est\u00e9n implicados en su defensa.\u00a0<\/p>\n<p>En esta primera edici\u00f3n del premio \u2018L\u00edder Joven de la Sociedad Civil\u2019, el jurado ha destacado que <strong>Montserrat Hern\u00e1ndez <\/strong>\u201ces el mejor exponente joven de la Sociedad Civil por su compromiso\u00a0 individual en defensa de valores y principios \u00e9ticos, por el altruismo en su desempe\u00f1o y por su\u00a0 eficacia probada en la creaci\u00f3n de valor social y econ\u00f3mico\u201d.\u00a0\u00a0<\/p>\n<p>Montserrat Hern\u00e1ndez, licenciada en Derecho por la Universidad Nacional de Educaci\u00f3n a Distancia\u00a0 (UNED), es la directora de Tribuna Grupo de Comunicaci\u00f3n, una empresa l\u00edder de informaci\u00f3n\u00a0 pol\u00edtica y econ\u00f3mica en las Islas Canarias (Tribuna de Canarias) y Andaluc\u00eda (Tribuna de Andaluc\u00eda),\u00a0 que tambi\u00e9n cuenta con una empresa de foros especializados por sectores que opera en el\u00a0 archipi\u00e9lago y la pen\u00ednsula (Tribuna Forum).\u00a0<\/p>\n<p>El premio, que cuenta con la colaboraci\u00f3n principal de la Fundaci\u00f3n Independiente, as\u00ed como de las\u00a0 asociaciones de Madrid Foro Empresarial, la Federaci\u00f3n Espa\u00f1ola de Mujeres Directivas, Ejecutivas,\u00a0 Profesionales y Empresarias (FEDEPE); la Fundaci\u00f3n Woman Forward, la Confederaci\u00f3n Espa\u00f1ola\u00a0 de Asociaciones de J\u00f3venes Empresarios (CEAJE), Fundaci\u00f3n Lo que de verdad importa, y Criterio\u00a0 Joven; ser\u00e1 entregado durante la sesi\u00f3n de clausura del III Congreso de la Sociedad Civil que\u00a0 organiza por la Asociaci\u00f3n Sociedad Civil Ahora (SOCIA) y se celebrar\u00e1 en el Wizink Center de\u00a0 Madrid (C\/Jorge Juan, 99) el pr\u00f3ximo 27 de abril con el lema \u2018Regenerar Espa\u00f1a\u2019. El conocido jurista\u00a0 Antonio Garrigues har\u00e1 la laudatio de la premiada, as\u00ed como una intervenci\u00f3n sobre \u201cel valor de\u00a0 premiar y la recompensa\u201d.\u00a0<\/p>\n<p>El congreso se articula en nueve mesas de debate integradas en tres sesiones generales en las que\u00a0 se abordar\u00e1n cuestiones muy relevantes y de plena actualidad: \u2018Elecciones pol\u00edticas en Espa\u00f1a y\u00a0 Sociedad Civil\u2019, \u2018Espa\u00f1a en Europa: \u00bfliderazgo o dependencia?, y \u2018Un mundo en convulsi\u00f3n:\u00a0 Latinoam\u00e9rica en la encrucijada. La relaci\u00f3n transatl\u00e1ntica con EE UU y UK, la emergencia del poder\u00a0<\/p>\n<p>asi\u00e1tico, y el futuro de \u00c1frica\u2019. Habr\u00e1 adem\u00e1s una sesi\u00f3n inaugural plenaria: \u2018La Espa\u00f1a que nos une\u2019,\u00a0 y otra plenaria de clausura: \u2018La Europa que nos une\u2019.\u00a0<\/p>\n<p>Entre las cerca de 70 destacadas personalidades del \u00e1mbito pol\u00edtico, judicial, acad\u00e9mico, empresarial\u00a0 y diplom\u00e1tico, as\u00ed como de otras disciplinas referentes de la sociedad civil, que ya han confirmado su\u00a0 asistencia se encuentran ex vicepresidentes del Gobierno y presidentes de las Cortes, exministros,\u00a0 directivos empresariales, diplom\u00e1ticos y representantes del mundo acad\u00e9mico y asociativo, as\u00ed como\u00a0 de otras disciplinas referentes de la sociedad civil. Al igual que en la edici\u00f3n anterior, SM el Rey de\u00a0 Espa\u00f1a Felipe VI ha aceptado la presidencia de honor del congreso.\u00a0<\/p>\n<p>La inauguraci\u00f3n correr\u00e1 a cargo de <strong>Aldo Olcese<\/strong>, presidente de Asociaci\u00f3n Nacional Sociedad Civil\u00a0 Ahora y presidente del Comit\u00e9 Organizador del III Congreso Nacional de la Sociedad Civil, de <strong>Silvia\u00a0 Iranzo<\/strong>, directora del III Congreso Nacional de la Sociedad Civil, y <strong>Antonio Garamendi<\/strong>, presidente\u00a0 de la CEOE.\u00a0<\/p>\n<p>Encontrar\u00e1s m\u00e1s informaci\u00f3n sobre el Congreso, el programa y los ponentes en la p\u00e1gina web del III Congreso Nacional de la Sociedad Civil \u2018Regenerar Espa\u00f1a\u2019\u00a0<\/p>\n<p>La Asociaci\u00f3n Sociedad Civil Ahora es una entidad constituida en 2018, que integra a un amplio\u00a0 conjunto de organizaciones e instituciones de reflexi\u00f3n, pensamiento y acci\u00f3n de la sociedad civil en\u00a0 torno a un proyecto com\u00fan de mejora y renovaci\u00f3n de Espa\u00f1a. Su misi\u00f3n es la de colaborar de\u00a0 manera leal, comprometida y responsable con los poderes p\u00fablicos, las principales fuerzas pol\u00edticas\u00a0 y el conjunto de la ciudadan\u00eda en el an\u00e1lisis, valoraci\u00f3n y propuesta sobre cuestiones que afectan al\u00a0 bien com\u00fan y al inter\u00e9s general de Espa\u00f1a, con esp\u00edritu integrador y faros largos para una visi\u00f3n\u00a0 estrat\u00e9gica a largo plazo.\u00a0<\/p>\n<p>The post <a rel=\"nofollow\" href=\"https:\/\/tecnobitt.com\/montserrat-hernandez-directora-de-tribuna-grupo-de-comunicacion-ganadora-de-la-primera-edicion-del-premio-lider-joven-de-la-sociedad-civil\/\">Montserrat Hern\u00e1ndez, directora de Tribuna Grupo de Comunicaci\u00f3n, ganadora de la primera edici\u00f3n del premio \u2018L\u00edder Joven de la Sociedad Civil\u2019<\/a> appeared first on <a rel=\"nofollow\" href=\"https:\/\/tecnobitt.com\/\">TecnoBitt :- Un bit de tecnolog\u00eda diaria<\/a>.<\/p>\n<\/div>\n<p><img decoding=\"async\" class=\"wpe_imgrss\" src=\"https:\/\/tecnobitt.com\/wp-content\/uploads\/2023\/04\/Montserrat-Hernandez-ganadora-del-premio-Lider-Joven-de-la-Sociedad-Civil_1704-819x1024.jpg\"><\/p>\n<p><img decoding=\"async\" class=\"wpe_imgrss\" src=\"https:\/\/diarioemprendedor.com\/wp-content\/uploads\/2023\/04\/Montserrat-Hernandez-ganadora-del-premio-Lider-Joven-de-la-Sociedad-Civil_1704-819x1024-1-768x960.jpg\"><\/p>\n","protected":false},"excerpt":{"rendered":"Montserrat Hern\u00e1ndez, directora de Tribuna Grupo de Comunicaci\u00f3n, ganadora de la primera edici\u00f3n del premio \u2018L\u00edder Joven de&hellip;","protected":false},"author":2,"featured_media":38819,"comment_status":"closed","ping_status":"closed","sticky":false,"template":"","format":"standard","meta":{"csco_display_header_overlay":false,"csco_singular_sidebar":"","csco_page_header_type":"","csco_page_load_nextpost":"","csco_post_video_location":[],"csco_post_video_location_hash":"","csco_post_video_url":"","csco_post_video_bg_start_time":0,"csco_post_video_bg_end_time":0,"footnotes":""},"categories":[554,426,762,729,427,763,764,765,466,766],"tags":[114],"class_list":["post-38818","post","type-post","status-publish","format-standard","has-post-thumbnail","category-actualidad","category-destacado","category-ecocistema","category-entrevistas","category-featured","category-inversiones","category-noticia","category-noticias","category-startups","category-venture-capital","tag-destacado","cs-entry","cs-video-wrap"],"_links":{"self":[{"href":"https:\/\/iberopress.es\/index.php\/wp-json\/wp\/v2\/posts\/38818","targetHints":{"allow":["GET"]}}],"collection":[{"href":"https:\/\/iberopress.es\/index.php\/wp-json\/wp\/v2\/posts"}],"about":[{"href":"https:\/\/iberopress.es\/index.php\/wp-json\/wp\/v2\/types\/post"}],"author":[{"embeddable":true,"href":"https:\/\/iberopress.es\/index.php\/wp-json\/wp\/v2\/users\/2"}],"replies":[{"embeddable":true,"href":"https:\/\/iberopress.es\/index.php\/wp-json\/wp\/v2\/comments?post=38818"}],"version-history":[{"count":0,"href":"https:\/\/iberopress.es\/index.php\/wp-json\/wp\/v2\/posts\/38818\/revisions"}],"wp:featuredmedia":[{"embeddable":true,"href":"https:\/\/iberopress.es\/index.php\/wp-json\/wp\/v2\/media\/38819"}],"wp:attachment":[{"href":"https:\/\/iberopress.es\/index.php\/wp-json\/wp\/v2\/media?parent=38818"}],"wp:term":[{"taxonomy":"category","embeddable":true,"href":"https:\/\/iberopress.es\/index.php\/wp-json\/wp\/v2\/categories?post=38818"},{"taxonomy":"post_tag","embeddable":true,"href":"https:\/\/iberopress.es\/index.php\/wp-json\/wp\/v2\/tags?post=38818"}],"curies":[{"name":"wp","href":"https:\/\/api.w.org\/{rel}","templated":true}]}}