{"id":38815,"date":"2023-04-18T14:57:49","date_gmt":"2023-04-18T14:57:49","guid":{"rendered":"https:\/\/iberopress.es\/index.php\/2023\/04\/18\/veridas-anuncia-ampliacion-de-capital-de-15-millones-de-euros-para-impulsar-su-expansion-mundial-como-empresa-de-identidad\/"},"modified":"2023-04-18T14:57:49","modified_gmt":"2023-04-18T14:57:49","slug":"veridas-anuncia-ampliacion-de-capital-de-15-millones-de-euros-para-impulsar-su-expansion-mundial-como-empresa-de-identidad","status":"publish","type":"post","link":"https:\/\/iberopress.es\/index.php\/2023\/04\/18\/veridas-anuncia-ampliacion-de-capital-de-15-millones-de-euros-para-impulsar-su-expansion-mundial-como-empresa-de-identidad\/","title":{"rendered":"Veridas anuncia ampliaci\u00f3n de capital de 15 millones de euros para impulsar su expansi\u00f3n mundial como empresa de identidad"},"content":{"rendered":"<p>Veridas anuncia ampliaci\u00f3n de capital de 15 millones de euros para impulsar su expansi\u00f3n mundial como empresa de identidad<\/p>\n<p>Veridas anuncia ampliaci\u00f3n de capital de 15 millones de euros para impulsar su expansi\u00f3n mundial como empresa de identidad<\/p>\n<div>\n<p><strong>Pamplona, 17 de abril de 2023.-<\/strong> <a href=\"https:\/\/veridas.com\/?utm_term=veridas&amp;utm_campaign=1.%20ES%20Branding&amp;utm_source=adwords&amp;utm_medium=ppc&amp;hsa_acc=8515429180&amp;hsa_cam=13907082120&amp;hsa_grp=124461935963&amp;hsa_ad=596079970966&amp;hsa_src=g&amp;hsa_tgt=kwd-378207355397&amp;hsa_kw=veridas&amp;hsa_mt=e&amp;hsa_net=adwords&amp;hsa_ver=3&amp;gclid=CjwKCAjwzuqgBhAcEiwAdj5dRkEYRlcIGfjTmMA8tGw4lX0JB2wEDWuaJnz2aj6LTbat0LSL0rAtTRoC_hUQAvD_BwE\"><u>Veridas<\/u><\/a>, empresa espa\u00f1ola especializada en identidad digital y biometr\u00eda, ha anunciado una ampliaci\u00f3n de capital de 15 millones de euros de sus propios socios y un nuevo posicionamiento como empresa global de identidad, ofreciendo soluciones para la gesti\u00f3n de la identidad en espacios digitales y f\u00edsicos. Adem\u00e1s, ha integrado dasGate en su plataforma para la gesti\u00f3n de la identidad en todo el ciclo de vida del cliente. Veridas ha experimentado un crecimiento del 133% respecto a 2021 y espera crecer otro 100% m\u00e1s en 2023, con una facturaci\u00f3n anual estimada de 26,3 millones de euros y una plantilla prevista de 278 empleados.<\/p>\n<p>Veridas es una compa\u00f1\u00eda global de origen navarro que comenz\u00f3 su andadura en 2017 como una joint venture con BBVA. En estos a\u00f1os, la compa\u00f1\u00eda ha conquistado la confianza de m\u00e1s de 250 clientes en 25 pa\u00edses, en sectores tan exigentes como la banca, los seguros, las telecomunicaciones o administraciones p\u00fablicas, entre otros.<\/p>\n<p>\u201c<em>La Identidad Real de las personas, garantizada por las soluciones de Veridas, es la pieza clave para la transformaci\u00f3n digital segura, a la vez que podemos mejorar su experiencia de usuario sin contrase\u00f1as y sin llaves. Somos una compa\u00f1\u00eda global, con presencia en Espa\u00f1a, M\u00e9xico, Estados Unidos, Reino Unido e Italia, y seguimos expandi\u00e9ndonos de la mano de nuestros clientes, gracias a una propuesta de valor diferencial en el sector de la identidad. Gracias a las tecnolog\u00edas de Veridas (calificadas entre las mejores del mundo por entidades como el NIST en USA) podemos acreditar la identidad de las personas en el espacio digital y f\u00edsico: Lo estamos haciendo ya haciendo clientes con un selfie en banca, tramitando pensiones o servicios con nuestra voz, o accediendo a estadios o paso de fronteras con nuestra cara, garantizando siempre los derechos fundamentales de las personas., <\/em>,, afirma Eduardo Azanza, CEO de Veridas.<\/p>\n<p>\u201c<em>Veridas naci\u00f3 con el prop\u00f3sito de garantizar el derecho al uso de la identidad real de las personas en el mundo digital y f\u00edsico. Por eso, tenemos la visi\u00f3n de un futuro sin contrase\u00f1as y sin llaves en el que las personas sean reconocidas, de forma privada, segura y voluntaria, por ser quienes son\u201d<\/em>, a\u00f1ade.<\/p>\n<p><strong>dasGate ahora es Veridas<\/strong><\/p>\n<p>Junto con la ampliaci\u00f3n de capital, Veridas anunci\u00f3 la incorporaci\u00f3n de dasGate, que hasta la fecha hab\u00eda operado como una compa\u00f1\u00eda independiente centrada en la gesti\u00f3n de accesos con biometr\u00eda facial.<\/p>\n<p>dasGate ha alcanzado grandes hitos en los \u00faltimos a\u00f1os: ser el primer sistema de acceso por reconocimiento facial para estadios de f\u00fatbol en Espa\u00f1a; y convertirse en la soluci\u00f3n preferida en nuestro pa\u00eds para prevenir el acceso de menores a Salones de Juego. Su soluci\u00f3n emplea el reconocimiento facial, informado y voluntario, que est\u00e1 cambiando la manera de acceder a espacios f\u00edsicos: establecimientos, eventos deportivos o conciertos. Su tecnolog\u00eda representa una manera r\u00e1pida de acceder sin necesidad de portar credenciales de cualquier tipo y m\u00e1s segura para organizadores y propietarios que no s\u00f3lo saben cu\u00e1ntas personas entran en sus espacios, sino qui\u00e9nes son.<\/p>\n<p>Veridas est\u00e1 comprometida con liderar el uso de la tecnolog\u00eda biom\u00e9trica para cumplir con las regulaciones de protecci\u00f3n de datos. La empresa cree en el derecho de los ciudadanos a acreditar, si lo desean, su identidad en el \u00e1mbito digital y f\u00edsico utilizando la biometr\u00eda. Sin embargo, esto no constituye una obligaci\u00f3n.<\/p>\n<p>Desde esa perspectiva, Veridas ofrece sus soluciones en distintos casos de uso ampar\u00e1ndose en una regulaci\u00f3n existente desde hace varios a\u00f1os y que contin\u00faa creciendo en varios sectores (financiero; del juego; y de los prestadores de servicios electr\u00f3nicos de confianza) y en el acceso a los estadios de f\u00fatbol.<\/p>\n<p>Mediante sus soluciones modulares, 100% automatizadas y adaptables, Veridas permite que sus clientes puedan resolver cualquier escenario de identificaci\u00f3n con un \u00fanico proveedor. Esto es posible gracias a sus tecnolog\u00edas propias de autenticaci\u00f3n de usuarios como la biometr\u00eda facial, de voz y verificaci\u00f3n de documentos de identidad.<\/p>\n<p>\u201c<em>Todo lo que hemos hecho hasta ahora ha sido una preparaci\u00f3n para este momento hist\u00f3rico de nuestra compa\u00f1\u00eda. Estamos aqu\u00ed para convertir a Veridas en una de las 3 compa\u00f1\u00edas m\u00e1s importantes del mundo en \u00e1mbito de la identidad, y hacerlo en los pr\u00f3ximos 5 a\u00f1os. Dos palancas lo har\u00e1n posible: un equipo humano excepcional, que no para de crecer, y un producto tecnol\u00f3gico que demuestra a diario un rendimiento y potencial entre los mejores<\/em>\u201d, sostiene Azanza.<\/p>\n<p>Acerca de Veridas<\/p>\n<p>Veridas es una empresa que comenz\u00f3 su andadura en 2017 como una joint venture entre das-Nano y BBVA. En base a los pilares de tecnolog\u00eda, talento y trabajo, se ha convertido en una de las compa\u00f1\u00edas referentes en la industria de la identidad a nivel mundial con m\u00e1s de 200 clientes en 25 pa\u00edses, en sectores como la banca, los seguros, las telecomunicaciones o las administraciones p\u00fablicas. Veridas pone el foco en la identidad Phygital y provee soluciones modulares con tecnolog\u00edas propias de biometr\u00eda facial, biometr\u00eda de voz y verificaci\u00f3n de documentos de identidad que se adaptan a cualquier escenario.<\/p>\n<p>The post <a rel=\"nofollow\" href=\"https:\/\/tecnobitt.com\/veridas-anuncia-ampliacion-de-capital-de-15-millones-de-euros-para-impulsar-su-expansion-mundial-como-empresa-de-identidad\/\">Veridas anuncia ampliaci\u00f3n de capital de 15 millones de euros para impulsar su expansi\u00f3n mundial como empresa de identidad<\/a> appeared first on <a rel=\"nofollow\" href=\"https:\/\/tecnobitt.com\/\">TecnoBitt :- Un bit de tecnolog\u00eda diaria<\/a>.<\/p>\n<\/div>\n<p><!-- no image --><\/p>\n<p><!-- no image --><\/p>\n","protected":false},"excerpt":{"rendered":"Veridas anuncia ampliaci\u00f3n de capital de 15 millones de euros para impulsar su expansi\u00f3n mundial como empresa de&hellip;","protected":false},"author":2,"featured_media":0,"comment_status":"closed","ping_status":"closed","sticky":false,"template":"","format":"standard","meta":{"csco_display_header_overlay":false,"csco_singular_sidebar":"","csco_page_header_type":"","csco_page_load_nextpost":"","csco_post_video_location":[],"csco_post_video_location_hash":"","csco_post_video_url":"","csco_post_video_bg_start_time":0,"csco_post_video_bg_end_time":0,"footnotes":""},"categories":[554,426,762,729,427,763,764,765,466,766],"tags":[114],"class_list":["post-38815","post","type-post","status-publish","format-standard","category-actualidad","category-destacado","category-ecocistema","category-entrevistas","category-featured","category-inversiones","category-noticia","category-noticias","category-startups","category-venture-capital","tag-destacado","cs-entry","cs-video-wrap"],"_links":{"self":[{"href":"https:\/\/iberopress.es\/index.php\/wp-json\/wp\/v2\/posts\/38815","targetHints":{"allow":["GET"]}}],"collection":[{"href":"https:\/\/iberopress.es\/index.php\/wp-json\/wp\/v2\/posts"}],"about":[{"href":"https:\/\/iberopress.es\/index.php\/wp-json\/wp\/v2\/types\/post"}],"author":[{"embeddable":true,"href":"https:\/\/iberopress.es\/index.php\/wp-json\/wp\/v2\/users\/2"}],"replies":[{"embeddable":true,"href":"https:\/\/iberopress.es\/index.php\/wp-json\/wp\/v2\/comments?post=38815"}],"version-history":[{"count":0,"href":"https:\/\/iberopress.es\/index.php\/wp-json\/wp\/v2\/posts\/38815\/revisions"}],"wp:attachment":[{"href":"https:\/\/iberopress.es\/index.php\/wp-json\/wp\/v2\/media?parent=38815"}],"wp:term":[{"taxonomy":"category","embeddable":true,"href":"https:\/\/iberopress.es\/index.php\/wp-json\/wp\/v2\/categories?post=38815"},{"taxonomy":"post_tag","embeddable":true,"href":"https:\/\/iberopress.es\/index.php\/wp-json\/wp\/v2\/tags?post=38815"}],"curies":[{"name":"wp","href":"https:\/\/api.w.org\/{rel}","templated":true}]}}