{"id":38810,"date":"2023-04-18T14:38:38","date_gmt":"2023-04-18T14:38:38","guid":{"rendered":"https:\/\/iberopress.es\/index.php\/2023\/04\/18\/la-fundacion-personio-incorpora-nuevas-ongs-enfocadas-en-la-educacion-y-la-a\/"},"modified":"2023-04-18T14:38:38","modified_gmt":"2023-04-18T14:38:38","slug":"la-fundacion-personio-incorpora-nuevas-ongs-enfocadas-en-la-educacion-y-la-a","status":"publish","type":"post","link":"https:\/\/iberopress.es\/index.php\/2023\/04\/18\/la-fundacion-personio-incorpora-nuevas-ongs-enfocadas-en-la-educacion-y-la-a\/","title":{"rendered":"La Fundaci\u00f3n Personio incorpora nuevas ONGs enfocadas en la educaci\u00f3n y la a"},"content":{"rendered":"<p>La Fundaci\u00f3n Personio incorpora nuevas ONGs enfocadas en la educaci\u00f3n y la a<\/p>\n<p>La Fundaci\u00f3n Personio incorpora nuevas ONGs enfocadas en la educaci\u00f3n y la a<\/p>\n<div>\n<p><strong>Madrid, 13 de abril de 2023. <\/strong>La<a href=\"https:\/\/www.personio.foundation\/\"> <\/a><a href=\"https:\/\/www.personio.foundation\/\"><u>Fundaci\u00f3n Personio<\/u><\/a> incorpora <strong>siete nuevas organizaciones<\/strong> a su portfolio de ONGs que apoyan iniciativas relacionadas con la <strong>acci\u00f3n clim\u00e1tica y la educaci\u00f3n<\/strong>, a las que proporciona financiaci\u00f3n y apoyo estrat\u00e9gico. Estas organizaciones han sido seleccionadas entre m\u00e1s de mil solicitudes a nivel mundial mediante un exhaustivo proceso compuesto por tres fases.<\/p>\n<p>Las nuevas organizaciones son:<a href=\"https:\/\/fundibots.org\/\"> <\/a><a href=\"https:\/\/fundibots.org\/\"><u>Fundi Bots<\/u><\/a> (Uganda),<a href=\"https:\/\/www.maliasili.org\/\"> <\/a><a href=\"https:\/\/www.maliasili.org\/\"><u>Maliasili<\/u><\/a> (Kenia),<a href=\"http:\/\/www.pemimpingsl.org\/\"> <\/a><a href=\"http:\/\/www.pemimpingsl.org\/\"><u>Pemimpin<\/u><\/a> (Malasia),<a href=\"https:\/\/www.projectsoar.org\/\"> <\/a><a href=\"https:\/\/www.projectsoar.org\/\"><u>Project Soar<\/u><\/a> (Marruecos),<a href=\"https:\/\/stepscommunity.com\/\"> <\/a><a href=\"https:\/\/stepscommunity.com\/\"><u>Steps<\/u><\/a> (Tailandia),<a href=\"https:\/\/chancerylaneproject.org\/\"> <\/a><a href=\"https:\/\/chancerylaneproject.org\/\"><u>Chancery Lane Project<\/u><\/a> (Reino Unido) y<a href=\"https:\/\/climatepolicyradar.org\/\"> <\/a><a href=\"https:\/\/climatepolicyradar.org\/\"><u>Climate Policy Radar<\/u><\/a> (Reino Unido). Todas ellas proponen soluciones innovadoras y escalables adem\u00e1s de contar con un liderazgo s\u00f3lido y la ambici\u00f3n de multiplicar el impacto de su trabajo en el futuro. Estas nuevas ONGs elevan el n\u00famero total a 15, con lo que la Fundaci\u00f3n Personio ya puede mostrar su solidez gracias a estas organizaciones excepcionales e innovadoras.<\/p>\n<p><strong>Maryam Montague, directora ejecutiva y fundadora del<a href=\"https:\/\/www.projectsoar.org\/\"> <\/a><\/strong><a href=\"https:\/\/www.projectsoar.org\/\"><u><strong>Proyecto Soar<\/strong><\/u><\/a>, una organizaci\u00f3n y movimiento de empoderamiento de chicas adolescentes en Marruecos, <strong>resume la importancia del apoyo de la Fundaci\u00f3n Personio a su trabajo<\/strong>: <em>\u00abEl apoyo de la Fundaci\u00f3n Personio ha sido fundamental para poder invertir en nuestro personal, impulsar los recursos humanos, formar a nuestros equipos, organizar un team building y una reuni\u00f3n con todo el equipo para poner en com\u00fan todos nuestros aprendizajes. Sin duda el compromiso de Personio con la igualdad de g\u00e9nero y la diversidad es total y estamos orgullosos de formar parte de su cartera de impacto social.\u00bb<\/em><\/p>\n<p><a href=\"https:\/\/www.personio.com\/about-personio\/press\/personio-launches-foundation-to-back-frontline-organisations-tackling-climate-action-and-education\/\"><u>Desde su lanzamiento en 2021<\/u><\/a>, la Fundaci\u00f3n Personio ya ha apoyado a ocho ONGs a trav\u00e9s de su<a href=\"https:\/\/www.personio.foundation\/impact-portfolio\/\"> <\/a><a href=\"https:\/\/www.personio.foundation\/impact-portfolio\/\"><u>Cartera de Impacto<\/u><\/a> a trav\u00e9s de varias<strong> ayudas al a\u00f1o <\/strong>que refuerzan la estructura y las operaciones de las organizaciones y apoyan una v\u00eda de crecimiento sostenible.<\/p>\n<p><strong>Philipp Richter, nombrado director general de la Fundaci\u00f3n Personio en febrero, explica<\/strong>: <em>\u00abEl prop\u00f3sito de la Fundaci\u00f3n Personio es maximizar las oportunidades para aquellos que crean soluciones innovadoras y escalables para dar respuesta a los retos actuales. En la Fundaci\u00f3n Personio, creemos en la creaci\u00f3n de grandes organizaciones y por ello ofrecemos subvenciones plurianuales sin restricciones a todas las organizaciones de nuestra cartera, permiti\u00e9ndoles aprovechar el apoyo donde m\u00e1s lo necesitan. Estamos encantados de asociarnos con otras siete organizaciones que abordan algunos de los problemas m\u00e1s acuciantes de la acci\u00f3n contra el cambio clim\u00e1tico y la educaci\u00f3n a nivel mundial.\u00bb<\/em><\/p>\n<p>\u201d<em>El apoyo de la subvenci\u00f3n sin restricciones de la Fundaci\u00f3n Personio ha sido incre\u00edblemente valiosa para la conservaci\u00f3n de cada manglar del mundo. Hemos podido contratar nuevo personal, profesionalizar nuestro software y herramientas de RR. HH. para mejorar nuestra eficiencia, hemos empezado a colaborar activamente con organizaciones de manglares para ampliar nuestra oferta de servicios y estamos en proceso de desarrollar un producto de consumo que esperamos revolucione el acceso a la financiaci\u00f3n de las comunidades costeras\u00bb, <\/em>explica<strong>Simon Schillebeeckx, cofundador y director de<a href=\"https:\/\/globalmangrove.org\/\"> <\/a><\/strong><a href=\"https:\/\/globalmangrove.org\/\"><u><strong>Global Mangrove Trust<\/strong><\/u><\/a><strong>, que forma parte de la cartera desde 2022.<\/strong><\/p>\n<p><strong>Sobre Fundaci\u00f3n Personio:<\/strong><\/p>\n<p>La Fundaci\u00f3n Personio fue creada en 2021 por Personio, la empresa europea l\u00edder en software de RR. HH. para peque\u00f1as y medianas empresas. Su compromiso se basa en destinar el 1 % del capital social de la empresa a buenas causas. En la actualidad, esta participaci\u00f3n tiene un valor de 85 millones de d\u00f3lares.<\/p>\n<p>Desde su lanzamiento, la Fundaci\u00f3n Personio ha apoyado a ONGs a trav\u00e9s de su Cartera de Impacto mediante subvenciones plurianuales sin restricciones, mientras que su acelerador de RR. HH. ofrecer\u00e1 apoyo estrat\u00e9gico para ayudar a las organizaciones sin \u00e1nimo de lucro a mejorar sus procesos de personal, incluyendo estrategias para el cambio cultural y organizativo, la mejora de la captaci\u00f3n y retenci\u00f3n de talento y operaciones eficientes y escalables.<\/p>\n<p>The post <a rel=\"nofollow\" href=\"https:\/\/tecnobitt.com\/la-fundacion-personio-incorpora-nuevas-ongs-enfocadas-en-la-educacion-y-la-a\/\">&lt;strong&gt;La Fundaci\u00f3n Personio incorpora nuevas ONGs enfocadas en la educaci\u00f3n y la a&lt;\/strong&gt;<\/a> appeared first on <a rel=\"nofollow\" href=\"https:\/\/tecnobitt.com\/\">TecnoBitt :- Un bit de tecnolog\u00eda diaria<\/a>.<\/p>\n<\/div>\n<p><img decoding=\"async\" class=\"wpe_imgrss\" src=\"https:\/\/tecnobitt.com\/wp-content\/uploads\/2023\/04\/shaking-hands-g89e1a07f9_1280-1-1024x520.jpg\"><\/p>\n<p><img decoding=\"async\" class=\"wpe_imgrss\" src=\"https:\/\/diarioemprendedor.com\/wp-content\/uploads\/2023\/04\/shaking-hands-g89e1a07f9_1280-1-1024x520-1-768x390.jpg\"><\/p>\n","protected":false},"excerpt":{"rendered":"La Fundaci\u00f3n Personio incorpora nuevas ONGs enfocadas en la educaci\u00f3n y la a La Fundaci\u00f3n Personio incorpora nuevas&hellip;","protected":false},"author":2,"featured_media":38811,"comment_status":"closed","ping_status":"closed","sticky":false,"template":"","format":"standard","meta":{"csco_display_header_overlay":false,"csco_singular_sidebar":"","csco_page_header_type":"","csco_page_load_nextpost":"","csco_post_video_location":[],"csco_post_video_location_hash":"","csco_post_video_url":"","csco_post_video_bg_start_time":0,"csco_post_video_bg_end_time":0,"footnotes":""},"categories":[554,426,762,729,427,763,764,765,466,766],"tags":[114],"class_list":["post-38810","post","type-post","status-publish","format-standard","has-post-thumbnail","category-actualidad","category-destacado","category-ecocistema","category-entrevistas","category-featured","category-inversiones","category-noticia","category-noticias","category-startups","category-venture-capital","tag-destacado","cs-entry","cs-video-wrap"],"_links":{"self":[{"href":"https:\/\/iberopress.es\/index.php\/wp-json\/wp\/v2\/posts\/38810","targetHints":{"allow":["GET"]}}],"collection":[{"href":"https:\/\/iberopress.es\/index.php\/wp-json\/wp\/v2\/posts"}],"about":[{"href":"https:\/\/iberopress.es\/index.php\/wp-json\/wp\/v2\/types\/post"}],"author":[{"embeddable":true,"href":"https:\/\/iberopress.es\/index.php\/wp-json\/wp\/v2\/users\/2"}],"replies":[{"embeddable":true,"href":"https:\/\/iberopress.es\/index.php\/wp-json\/wp\/v2\/comments?post=38810"}],"version-history":[{"count":0,"href":"https:\/\/iberopress.es\/index.php\/wp-json\/wp\/v2\/posts\/38810\/revisions"}],"wp:featuredmedia":[{"embeddable":true,"href":"https:\/\/iberopress.es\/index.php\/wp-json\/wp\/v2\/media\/38811"}],"wp:attachment":[{"href":"https:\/\/iberopress.es\/index.php\/wp-json\/wp\/v2\/media?parent=38810"}],"wp:term":[{"taxonomy":"category","embeddable":true,"href":"https:\/\/iberopress.es\/index.php\/wp-json\/wp\/v2\/categories?post=38810"},{"taxonomy":"post_tag","embeddable":true,"href":"https:\/\/iberopress.es\/index.php\/wp-json\/wp\/v2\/tags?post=38810"}],"curies":[{"name":"wp","href":"https:\/\/api.w.org\/{rel}","templated":true}]}}