{"id":38801,"date":"2023-04-18T12:35:21","date_gmt":"2023-04-18T12:35:21","guid":{"rendered":"https:\/\/iberopress.es\/index.php\/2023\/04\/18\/avanza-fibra-coloca-pictogramas-en-todas-sus-tiendas-para-ayudar-a-personas-con-tea-trastorno-del-espectro-autista\/"},"modified":"2023-04-18T12:35:21","modified_gmt":"2023-04-18T12:35:21","slug":"avanza-fibra-coloca-pictogramas-en-todas-sus-tiendas-para-ayudar-a-personas-con-tea-trastorno-del-espectro-autista","status":"publish","type":"post","link":"https:\/\/iberopress.es\/index.php\/2023\/04\/18\/avanza-fibra-coloca-pictogramas-en-todas-sus-tiendas-para-ayudar-a-personas-con-tea-trastorno-del-espectro-autista\/","title":{"rendered":"Avanza Fibra coloca pictogramas en todas sus tiendas para ayudar a personas con TEA (Trastorno del Espectro Autista)"},"content":{"rendered":"<p>Avanza Fibra coloca pictogramas en todas sus tiendas para ayudar a personas con TEA (Trastorno del Espectro Autista)<\/p>\n<p>Avanza Fibra coloca pictogramas en todas sus tiendas para ayudar a personas con TEA (Trastorno del Espectro Autista)<\/p>\n<div>\n<p>\/COMUNICAE\/ <\/p>\n<p><a href=\"https:\/\/static.comunicae.com\/photos\/notas\/1245049\/Pictograma_Avanza_Fibra.jpeg\" target=\"_blank\" class=\"fotonota\" rel=\"noopener\"> <img decoding=\"async\" src=\"https:\/\/static.comunicae.com\/photos\/notas\/1245049\/Pictograma_Avanza_Fibra.jpeg\" border=\"0\" class=\"postImage\" alt=\"Avanza Fibra coloca pictogramas en todas sus tiendas para ayudar a personas con TEA (Trastorno del Espectro Autista)\"><\/a><\/p>\n<p>Los pictogramas son una herramienta de apoyo a la comunicaci\u00f3n y orientaci\u00f3n para personas con TEA. Con esta iniciativa solidaria la empresa fomenta la inclusi\u00f3n social y se suma a otros comercios y organismos oficiales<\/p>\n<p><a href=\"http:\/\/www.avanzafibra.com\/\" rel=\"nofollow\">Avanza Fibra<\/a> ha querido que todas sus tiendas dispongan de un pictograma donde se representa la actividad de la empresa, que act\u00faa como soporte visual y realiza las funciones de facilitar la comunicaci\u00f3n aumentativa, trabajar rutinas y anticipaci\u00f3n, adem\u00e1s de mejorar la orientaci\u00f3n temporal y espacial de personas con TEA (Trastorno del Espectro Autista), sobre todo en edades tempranas cuando est\u00e1n aprendiendo habilidades comunicativas.<\/p>\n<p>El pictograma es un s\u00edmbolo gr\u00e1fico que representa a trav\u00e9s de un dibujo, el significado de un objeto real o una actividad, y cada d\u00eda son m\u00e1s los comercios y organismos oficiales que los instalan en espacios p\u00fablicos y privados, como apoyo a la inclusi\u00f3n social de las personas con TEA. Los pictogramas de las tiendas de Avanza Fibra est\u00e1n realizados por ARASAAC, Centro Aragon\u00e9s para la Comunicaci\u00f3n Aumentativa y Alternativa.<\/p>\n<p>\u00abSiempre apostamos por hacer todo lo que est\u00e9 en nuestras manos con el fin de ayudar a los colectivos que as\u00ed lo necesiten, por eso vimos una necesidad social en colocar los pictogramas en nuestras tiendas y colaborar en la mejora de la comunicaci\u00f3n en general\u00bb, afirma Ana Mart\u00edn, directora de Avanza Fibra.<\/p>\n<p>Gracias a esta iniciativa, m\u00e1s de 100 comerciales y casi 60 tiendas de Avanza Fibra, cifra que sigue aumentando durante este a\u00f1o,\u00a0tambi\u00e9n se concienciar\u00e1n sobre este tema y contribuir\u00e1n a que las personas con TEA puedan tener m\u00e1s facilidad a la hora de comunicarse y de percibir el entorno en el que se mueven.<\/p>\n<p>Esta iniciativa solidaria se suma a otras realizadas por la compa\u00f1\u00eda en las \u00faltimas semanas, como la adhesi\u00f3n al Bono Social Digital, la campa\u00f1a \u00abWifi para todos\u00bb donde se ha instalado internet a veinte colectivos y asociaciones dentro de zonas con cobertura Avanza, y la campa\u00f1a \u00abBono Libro\u00bb que en 2022 reparti\u00f3 100 bonos de 100\u20ac entre clientes con hijos en edad escolar apoyando as\u00ed el inicio del curso.<\/p>\n<p>GRUPO AVANZA, operador de internet e ingenier\u00eda de telecomunicaciones especializado en despliegue de Fibra \u00d3ptica, cuenta actualmente con una cobertura de m\u00e1s de 90 redes propias de FTTH en Madrid, Almer\u00eda, Murcia, Alicante, Valencia y Albacete, y 58 tiendas de venta directa con su marca AVANZA FIBRA.<\/p>\n<p class=\"mediakit\"> Fuente <a href=\"https:\/\/www.comunicae.es\/notas-de-prensa\/avanza-fibra-coloca-pictogramas-en-todas-sus\/\">Comunicae<\/a><\/p>\n<p><img decoding=\"async\" loading=\"lazy\" class=\"mediakit\" src=\"https:\/\/www.comunicae.es\/notificaLectura.php?tipoCanalId=75&amp;notaId=1245049\" width=\"1px\" height=\"1px\"><\/p>\n<p>The post <a rel=\"nofollow\" href=\"https:\/\/tecnobitt.com\/avanza-fibra-coloca-pictogramas-en-todas-sus-tiendas-para-ayudar-a-personas-con-tea-trastorno-del-espectro-autista\/\">Avanza Fibra coloca pictogramas en todas sus tiendas para ayudar a personas con TEA (Trastorno del Espectro Autista)<\/a> appeared first on <a rel=\"nofollow\" href=\"https:\/\/tecnobitt.com\/\">TecnoBitt :- Un bit de tecnolog\u00eda diaria<\/a>.<\/p>\n<\/div>\n<p><img decoding=\"async\" class=\"wpe_imgrss\" src=\"https:\/\/tecnobitt.com\/wp-content\/uploads\/2023\/04\/avanza-fibra-coloca-pictogramas-en-todas-sus-tiendas-para-ayudar-a-personas-con-tea-trastorno-del-espectro-autista-1024x768.jpg\"><\/p>\n<p><img decoding=\"async\" class=\"wpe_imgrss\" src=\"https:\/\/diarioemprendedor.com\/wp-content\/uploads\/2023\/04\/avanza-fibra-coloca-pictogramas-en-todas-sus-tiendas-para-ayudar-a-personas-con-tea-trastorno-del-espectro-autista-1024x768-1-768x576.jpg\"><\/p>\n","protected":false},"excerpt":{"rendered":"Avanza Fibra coloca pictogramas en todas sus tiendas para ayudar a personas con TEA (Trastorno del Espectro Autista)&hellip;","protected":false},"author":2,"featured_media":38802,"comment_status":"closed","ping_status":"closed","sticky":false,"template":"","format":"standard","meta":{"csco_display_header_overlay":false,"csco_singular_sidebar":"","csco_page_header_type":"","csco_page_load_nextpost":"","csco_post_video_location":[],"csco_post_video_location_hash":"","csco_post_video_url":"","csco_post_video_bg_start_time":0,"csco_post_video_bg_end_time":0,"footnotes":""},"categories":[554,426,762,729,427,763,764,765,466,766],"tags":[114],"class_list":["post-38801","post","type-post","status-publish","format-standard","has-post-thumbnail","category-actualidad","category-destacado","category-ecocistema","category-entrevistas","category-featured","category-inversiones","category-noticia","category-noticias","category-startups","category-venture-capital","tag-destacado","cs-entry","cs-video-wrap"],"_links":{"self":[{"href":"https:\/\/iberopress.es\/index.php\/wp-json\/wp\/v2\/posts\/38801","targetHints":{"allow":["GET"]}}],"collection":[{"href":"https:\/\/iberopress.es\/index.php\/wp-json\/wp\/v2\/posts"}],"about":[{"href":"https:\/\/iberopress.es\/index.php\/wp-json\/wp\/v2\/types\/post"}],"author":[{"embeddable":true,"href":"https:\/\/iberopress.es\/index.php\/wp-json\/wp\/v2\/users\/2"}],"replies":[{"embeddable":true,"href":"https:\/\/iberopress.es\/index.php\/wp-json\/wp\/v2\/comments?post=38801"}],"version-history":[{"count":0,"href":"https:\/\/iberopress.es\/index.php\/wp-json\/wp\/v2\/posts\/38801\/revisions"}],"wp:featuredmedia":[{"embeddable":true,"href":"https:\/\/iberopress.es\/index.php\/wp-json\/wp\/v2\/media\/38802"}],"wp:attachment":[{"href":"https:\/\/iberopress.es\/index.php\/wp-json\/wp\/v2\/media?parent=38801"}],"wp:term":[{"taxonomy":"category","embeddable":true,"href":"https:\/\/iberopress.es\/index.php\/wp-json\/wp\/v2\/categories?post=38801"},{"taxonomy":"post_tag","embeddable":true,"href":"https:\/\/iberopress.es\/index.php\/wp-json\/wp\/v2\/tags?post=38801"}],"curies":[{"name":"wp","href":"https:\/\/api.w.org\/{rel}","templated":true}]}}