{"id":38785,"date":"2023-04-18T10:45:07","date_gmt":"2023-04-18T10:45:07","guid":{"rendered":"https:\/\/iberopress.es\/index.php\/2023\/04\/18\/schneider-electric-y-greenyellow-unen-fuerzas-para-proporcionar-soluciones-de-microgrids-comerciales-e-industriales-en-toda-europa\/"},"modified":"2023-04-18T10:45:07","modified_gmt":"2023-04-18T10:45:07","slug":"schneider-electric-y-greenyellow-unen-fuerzas-para-proporcionar-soluciones-de-microgrids-comerciales-e-industriales-en-toda-europa","status":"publish","type":"post","link":"https:\/\/iberopress.es\/index.php\/2023\/04\/18\/schneider-electric-y-greenyellow-unen-fuerzas-para-proporcionar-soluciones-de-microgrids-comerciales-e-industriales-en-toda-europa\/","title":{"rendered":"Schneider Electric y GreenYellow unen fuerzas para proporcionar soluciones de microgrids comerciales e industriales en toda Europa"},"content":{"rendered":"<p>Schneider Electric y GreenYellow unen fuerzas para proporcionar soluciones de microgrids comerciales e industriales en toda Europa<\/p>\n<p>Schneider Electric y GreenYellow unen fuerzas para proporcionar soluciones de microgrids comerciales e industriales en toda Europa<\/p>\n<div>\n<p>\/COMUNICAE\/ <\/p>\n<p><a href=\"https:\/\/static.comunicae.com\/photos\/notas\/1245028\/Schneider-Electric-y-GreenYellow-unen-fuerzas-para-proporcionar-soluciones-de-microgrids-comerciales-e-industriales-en-toda-Europa-png.jpg\" target=\"_blank\" class=\"fotonota\" rel=\"noopener\"> <img decoding=\"async\" src=\"https:\/\/static.comunicae.com\/photos\/notas\/1245028\/Schneider-Electric-y-GreenYellow-unen-fuerzas-para-proporcionar-soluciones-de-microgrids-comerciales-e-industriales-en-toda-Europa-png.jpg\" border=\"0\" class=\"postImage\" alt=\"Schneider Electric y GreenYellow unen fuerzas para proporcionar soluciones de microgrids comerciales e industriales en toda Europa\"><\/a><\/p>\n<p>Las soluciones de microgrids no requieren una inversi\u00f3n inicial de capital, reducen los costes energ\u00e9ticos y mejoran la resiliencia y la sostenibilidad<\/p>\n<p>Schneider Electric,\u00a0l\u00edder en la transformaci\u00f3n digital de la gesti\u00f3n de la energ\u00eda y la automatizaci\u00f3n, se ha aliado con\u00a0GreenYellow, experto en soluciones descentralizadas de generaci\u00f3n de energ\u00eda solar y eficiencia energ\u00e9tica, para anunciar una nueva soluci\u00f3n de microgrid de Energy-as-a-Service (EaaS).\u00a0\u00a0<\/p>\n<p>Esta soluci\u00f3n se dirige a peque\u00f1as y medianas empresas de los sectores comercial e industrial (C&amp;I) como el retail, centros log\u00edsticos, edificios comerciales, y tambi\u00e9n f\u00e1bricas, cervecer\u00edas, empresas l\u00e1cteas, etc. Las microgrids permitir\u00e1n a las empresas de toda Europa tomar el control de sus costes energ\u00e9ticos, aumentar su seguridad energ\u00e9tica y acelerar su camino hacia la sostenibilidad. Proporcionada como un servicio, esta soluci\u00f3n ofrecer\u00e1 a las empresas todas las ventajas de una microgrid, ahorr\u00e1ndoles la inversi\u00f3n inicial habitual.\u00a0<\/p>\n<p>La nueva oferta llega en un momento en que los costes de la energ\u00eda se disparan en toda Europa y en previsi\u00f3n de una posible escasez importante durante el invierno de 2023-24, que podr\u00eda provocar un alto riesgo de apagones.\u00a0<\/p>\n<ul>\n<li>En agosto de 2022, el coste de la energ\u00eda francesa alcanz\u00f3 los 900 euros por megavatio-hora, lo que supone m\u00e1s de diez veces el precio en las mismas fechas del a\u00f1o anterior (<a href=\"https:\/\/www.bloomberg.com\/news\/articles\/2022-08-25\/german-french-power-prices-hit-records-as-gas-squeeze-tightens\" target=\"_blank\" rel=\"nofollow noopener\">Bloomberg<\/a>).\u00a0<\/li>\n<li>En Espa\u00f1a, el recibo de la luz alcanz\u00f3 los 158,26 euros en agosto de 2022, lo que supone un incremento interanual del 70% (FACUO).\u00a0<\/li>\n<li>La volatilidad de los precios de la electricidad en Europa en 2022 fue, de media, seis veces superior a la de 2020 y m\u00e1s del doble en comparaci\u00f3n con 2021 (<a href=\"https:\/\/www.ffe.de\/en\/publications\/european-day-ahead-electricity-prices-in-2022\/\" target=\"_blank\" rel=\"nofollow noopener\">Ffe<\/a>).\u00a0<\/li>\n<\/ul>\n<p>No es de extra\u00f1ar, por lo tanto, que un reciente\u00a0<a href=\"https:\/\/www.pwc.com\/gx\/en\/issues\/c-suite-insights\/ceo-survey-2023.html\" target=\"_blank\" rel=\"nofollow noopener\">informe<\/a>\u00a0de PwC concluyera que el 40% de los CEOs mundiales identificaran la transici\u00f3n hacia nuevas fuentes de energ\u00eda como el factor con m\u00e1s probabilidades de afectar a la rentabilidad de la industria en los pr\u00f3ximos diez a\u00f1os.\u00a0<\/p>\n<p>Las microgrids sustituyen la electricidad cara y con altas emisiones de carbono que se compra a la red por una energ\u00eda limpia, autogenerada y respetuosa con el medio ambiente procedente de la energ\u00eda solar fotovoltaica (FV). El almacenamiento en bater\u00edas aumenta a\u00fan m\u00e1s la flexibilidad del uso de la fotovoltaica, lo que disminuye los costes y reduce las emisiones de carbono. Tambi\u00e9n se puede ahorrar aprovechando los controles avanzados del sistema y los algoritmos inteligentes para optimizar las operaciones de las centrales de energ\u00eda locales y determinar si la energ\u00eda debe utilizarse o almacenarse, y en qu\u00e9 momento. Adem\u00e1s, las microgrids mejoran la resiliencia energ\u00e9tica, al ayudar a garantizar que las instalaciones dispongan de un suministro constante de energ\u00eda en caso de apagones o fen\u00f3menos meteorol\u00f3gicos extremos.\u00a0\u00a0<\/p>\n<p>La colaboraci\u00f3n entre Schneider Electric y GreenYellow ofrece un apoyo integral a las empresas que deseen integrar las microgrids en sus operaciones. Schneider Electric y GreenYellow analizar\u00e1n y evaluar\u00e1n los datos de una empresa para optimizar la implementaci\u00f3n de la red, incluidos los perfiles de carga, la demanda de energ\u00eda y la estructura de suministro, as\u00ed como el precio subyacente y la estructura tarifaria, para dise\u00f1ar soluciones de microgrid optimizadas.\u00a0\u00a0<\/p>\n<p>Las empresas suministrar\u00e1n los paneles fotovoltaicos, el sistema de almacenamiento de energ\u00eda en bater\u00edas, la distribuci\u00f3n el\u00e9ctrica y los controles del sistema completo, as\u00ed como el servicio continuo de la microgrid. GreenYellow operar\u00e1 el sistema de microgrid, mientras que Schneider Electric lo optimizar\u00e1 utilizando los datos operacionales. Juntos suministrar\u00e1n una soluci\u00f3n completa que permitir\u00e1 a las empresas acceder m\u00e1s f\u00e1cilmente a las microgrids y beneficiarse totalmente de sus m\u00faltiples ventajas.\u00a0<\/p>\n<p>\u00abLas empresas comerciales e industriales son un motor de la econom\u00eda europea y, sin embargo, luchan por sobrevivir porque no pueden hacer frente al coste de la energ\u00eda\u00bb, ha declarado Philippe Delorme, EVP of European Operations de Schneider Electric. \u00abNuestra nueva oferta de microgrids les permitir\u00e1 recuperar el control y gestionar sus costes de forma eficaz. Las empresas dispondr\u00e1n de un suministro fiable de energ\u00eda limpia y asequible para mantener sus operaciones, al mismo tiempo que cumplen sus objetivos de descarbonizaci\u00f3n\u00bb.\u00a0<\/p>\n<p>\u00abLa generaci\u00f3n fotovoltaica ha crecido significativamente y va camino de superar el objetivo de alcanzar los 430 GW en 2030. Con una cuarta parte de esa energ\u00eda, generada en tejados, aparcamientos y otros activos que pertenecen a las empresas comerciales e industriales, las microgrids son una excelente forma de optimizar el uso de la energ\u00eda. Y sin inversi\u00f3n inicial, la mayor\u00eda de las empresas salen ganando\u00bb, ha declarado Otmane Hajji, CEO de GreenYellow.\u00a0<\/p>\n<p>El servicio estar\u00e1 disponible de inmediato en Francia, Espa\u00f1a, Portugal y Europa del Este, y poco despu\u00e9s en otros pa\u00edses, como Alemania, parte del Benelux y los pa\u00edses n\u00f3rdicos. El anuncio es una ampliaci\u00f3n de la\u00a0colaboraci\u00f3n\u00a0ya existente entre Schneider Electric y GreenYellow en el \u00e1mbito de los contratos de rendimiento energ\u00e9tico.\u00a0<\/p>\n<p class=\"mediakit\"> Fuente <a href=\"https:\/\/www.comunicae.es\/notas-de-prensa\/schneider-electric-y-greenyellow-unen-fuerzas_1\/\">Comunicae<\/a><\/p>\n<p><img decoding=\"async\" loading=\"lazy\" class=\"mediakit\" src=\"https:\/\/www.comunicae.es\/notificaLectura.php?tipoCanalId=75&amp;notaId=1245028\" width=\"1px\" height=\"1px\"><\/p>\n<p>The post <a rel=\"nofollow\" href=\"https:\/\/tecnobitt.com\/schneider-electric-y-greenyellow-unen-fuerzas-para-proporcionar-soluciones-de-microgrids-comerciales-e-industriales-en-toda-europa\/\">Schneider Electric y GreenYellow unen fuerzas para proporcionar soluciones de microgrids comerciales e industriales en toda Europa<\/a> appeared first on <a rel=\"nofollow\" href=\"https:\/\/tecnobitt.com\/\">TecnoBitt :- Un bit de tecnolog\u00eda diaria<\/a>.<\/p>\n<\/div>\n<p><img decoding=\"async\" class=\"wpe_imgrss\" src=\"https:\/\/tecnobitt.com\/wp-content\/uploads\/2023\/04\/schneider-electric-y-greenyellow-unen-fuerzas-para-proporcionar-soluciones-de-microgrids-comerciales-e-industriales-en-toda-europa-1024x538.jpg\"><\/p>\n<p><img decoding=\"async\" class=\"wpe_imgrss\" src=\"https:\/\/diarioemprendedor.com\/wp-content\/uploads\/2023\/04\/schneider-electric-y-greenyellow-unen-fuerzas-para-proporcionar-soluciones-de-microgrids-comerciales-e-industriales-en-toda-europa-1024x538-1-768x404.jpg\"><\/p>\n","protected":false},"excerpt":{"rendered":"Schneider Electric y GreenYellow unen fuerzas para proporcionar soluciones de microgrids comerciales e industriales en toda Europa Schneider&hellip;","protected":false},"author":2,"featured_media":38786,"comment_status":"closed","ping_status":"closed","sticky":false,"template":"","format":"standard","meta":{"csco_display_header_overlay":false,"csco_singular_sidebar":"","csco_page_header_type":"","csco_page_load_nextpost":"","csco_post_video_location":[],"csco_post_video_location_hash":"","csco_post_video_url":"","csco_post_video_bg_start_time":0,"csco_post_video_bg_end_time":0,"footnotes":""},"categories":[554,426,762,729,427,763,764,765,466,766],"tags":[114],"class_list":["post-38785","post","type-post","status-publish","format-standard","has-post-thumbnail","category-actualidad","category-destacado","category-ecocistema","category-entrevistas","category-featured","category-inversiones","category-noticia","category-noticias","category-startups","category-venture-capital","tag-destacado","cs-entry","cs-video-wrap"],"_links":{"self":[{"href":"https:\/\/iberopress.es\/index.php\/wp-json\/wp\/v2\/posts\/38785","targetHints":{"allow":["GET"]}}],"collection":[{"href":"https:\/\/iberopress.es\/index.php\/wp-json\/wp\/v2\/posts"}],"about":[{"href":"https:\/\/iberopress.es\/index.php\/wp-json\/wp\/v2\/types\/post"}],"author":[{"embeddable":true,"href":"https:\/\/iberopress.es\/index.php\/wp-json\/wp\/v2\/users\/2"}],"replies":[{"embeddable":true,"href":"https:\/\/iberopress.es\/index.php\/wp-json\/wp\/v2\/comments?post=38785"}],"version-history":[{"count":0,"href":"https:\/\/iberopress.es\/index.php\/wp-json\/wp\/v2\/posts\/38785\/revisions"}],"wp:featuredmedia":[{"embeddable":true,"href":"https:\/\/iberopress.es\/index.php\/wp-json\/wp\/v2\/media\/38786"}],"wp:attachment":[{"href":"https:\/\/iberopress.es\/index.php\/wp-json\/wp\/v2\/media?parent=38785"}],"wp:term":[{"taxonomy":"category","embeddable":true,"href":"https:\/\/iberopress.es\/index.php\/wp-json\/wp\/v2\/categories?post=38785"},{"taxonomy":"post_tag","embeddable":true,"href":"https:\/\/iberopress.es\/index.php\/wp-json\/wp\/v2\/tags?post=38785"}],"curies":[{"name":"wp","href":"https:\/\/api.w.org\/{rel}","templated":true}]}}