{"id":38771,"date":"2023-04-18T06:15:18","date_gmt":"2023-04-18T06:15:18","guid":{"rendered":"https:\/\/iberopress.es\/index.php\/2023\/04\/18\/nicolas-mollinedo-bastar-empresario-comprometido-con-la-calidad-y-la-satisfaccion-del-cliente\/"},"modified":"2023-04-18T06:15:18","modified_gmt":"2023-04-18T06:15:18","slug":"nicolas-mollinedo-bastar-empresario-comprometido-con-la-calidad-y-la-satisfaccion-del-cliente","status":"publish","type":"post","link":"https:\/\/iberopress.es\/index.php\/2023\/04\/18\/nicolas-mollinedo-bastar-empresario-comprometido-con-la-calidad-y-la-satisfaccion-del-cliente\/","title":{"rendered":"Nicol\u00e1s Mollinedo Bastar, empresario comprometido con la calidad y la satisfacci\u00f3n del cliente"},"content":{"rendered":"<p>Nicol\u00e1s Mollinedo Bastar, empresario comprometido con la calidad y la satisfacci\u00f3n del cliente<\/p>\n<p>Nicol\u00e1s Mollinedo Bastar, empresario comprometido con la calidad y la satisfacci\u00f3n del cliente<\/p>\n<div>\n<div><\/div>\n<h2 id=\"conocer-a-nicolas-mollinedo-bastar\">Conocer a Nicol\u00e1s Mollinedo Bastar<\/h2>\n<p><a href=\"https:\/\/nicolasmollinedo.com\/\" rel=\"noreferrer\">Nicol\u00e1s Mollinedo Bastar<\/a> es el tercer hijo de una familia numerosa de seis hermanos, y desde muy joven, mostr\u00f3 inter\u00e9s por seguir los pasos de su padre, quien era un exitoso comerciante emp\u00edrico. Aunque estudi\u00f3 en las universidades m\u00e1s importantes del pa\u00eds, no pudo completar sus estudios en Administraci\u00f3n de Empresas debido a que tuvo que empezar a trabajar desde temprana edad.<\/p>\n<p>Desde su juventud, Nicol\u00e1s se dedic\u00f3 al comercio de coches, lo que le permiti\u00f3 conocer a muchos comerciantes destacados en la d\u00e9cada de 1980 y adquirir una gran experiencia en este campo. Viaj\u00f3 por varias ciudades importantes del pa\u00eds y desarroll\u00f3 habilidades valiosas en el comercio automotriz.<\/p>\n<p>Cuando alcanz\u00f3 la mayor\u00eda de edad, Nicol\u00e1s se uni\u00f3 al equipo charro de su ciudad natal, lo que le dio la oportunidad de recorrer todo el pa\u00eds y conocer a productores agr\u00edcolas y ganaderos. Esta experiencia lo llev\u00f3 a desarrollar un gran amor por el campo y por el comercio de productos agr\u00edcolas, que ha sido su principal actividad durante muchos a\u00f1os.<\/p>\n<p>Adem\u00e1s de estas actividades, <a href=\"https:\/\/nicolasmollinedo.com\/\" rel=\"noreferrer\">Nicol\u00e1s Mollinedo<\/a> ha trabajado como servidor p\u00fablico durante m\u00e1s de 20 a\u00f1os. Tambi\u00e9n es un apasionado defensor del medio ambiente y fund\u00f3 la \u00abAsociaci\u00f3n Civil de Movimiento Ambientalista Social de M\u00e9xico\u00bb junto con un gran amigo, la cual tiene presencia en todo el pa\u00eds.<\/p>\n<h2 id=\"vida-profesional-de-nicolas-mollinedo-bastar\">Vida profesional de Nicol\u00e1s Mollinedo Bastar<\/h2>\n<p>Nicol\u00e1s Mollinedo Bastar es un empresario comprometido y dedicado en su labor, quien ha logrado construir una exitosa carrera en el mundo de los negocios. Su enfoque principal se ha centrado en ofrecer productos y servicios de alta calidad, siempre manteniendo la satisfacci\u00f3n del cliente como una prioridad.<\/p>\n<p>Desde sus primeros d\u00edas como empresario, Nicol\u00e1s ha entendido la importancia de estar cerca de sus socios comerciales y trabajar juntos para construir un c\u00edrculo comercial s\u00f3lido. \u00c9l sabe que la colaboraci\u00f3n y el trabajo en equipo son fundamentales para el \u00e9xito empresarial a largo plazo, y se ha dedicado a establecer relaciones s\u00f3lidas con sus colegas de la industria.<\/p>\n<p>Adem\u00e1s, Nicol\u00e1s se ha mantenido siempre al d\u00eda con las \u00faltimas tendencias y demandas del consumidor final, conservando un enfoque constante en el crecimiento y la actualizaci\u00f3n de su negocio. \u00c9l se da cuenta de que para sobresalir en la industria, debe ser perseverante en su evoluci\u00f3n y adaptarse a las necesidades cambiantes del mercado.<\/p>\n<p>Nicol\u00e1s dedica el tiempo suficiente a estar pendiente de la calidad de los productos y servicios que su empresa ofrece al p\u00fablico, asegur\u00e1ndose de que cada cliente reciba la mejor experiencia posible. \u00c9l entiende que la calidad es un aspecto crucial del \u00e9xito empresarial a largo plazo, y trabaja diligentemente para asegurarse de que sus productos y servicios superen las expectativas de sus clientes.<\/p>\n<p>The post <a rel=\"nofollow\" href=\"https:\/\/tecnobitt.com\/nicolas-mollinedo-bastar-empresario-comprometido-con-la-calidad-y-la-satisfaccion-del-cliente\/\">Nicol\u00e1s Mollinedo Bastar, empresario comprometido con la calidad y la satisfacci\u00f3n del cliente<\/a> appeared first on <a rel=\"nofollow\" href=\"https:\/\/tecnobitt.com\/\">TecnoBitt :- Un bit de tecnolog\u00eda diaria<\/a>.<\/p>\n<\/div>\n<p><img decoding=\"async\" class=\"wpe_imgrss\" src=\"https:\/\/tecnobitt.com\/wp-content\/uploads\/2023\/04\/nicolas-mollinedo-bastar-empresario-comprometido-con-la-calidad-y-la-satisfaccion-del-cliente.jpg\"><\/p>\n<p><img decoding=\"async\" class=\"wpe_imgrss\" src=\"https:\/\/diarioemprendedor.com\/wp-content\/uploads\/2023\/04\/nicolas-mollinedo-bastar-empresario-comprometido-con-la-calidad-y-la-satisfaccion-del-cliente-768x512.jpg\"><\/p>\n","protected":false},"excerpt":{"rendered":"Nicol\u00e1s Mollinedo Bastar, empresario comprometido con la calidad y la satisfacci\u00f3n del cliente Nicol\u00e1s Mollinedo Bastar, empresario comprometido&hellip;","protected":false},"author":2,"featured_media":38772,"comment_status":"closed","ping_status":"closed","sticky":false,"template":"","format":"standard","meta":{"csco_display_header_overlay":false,"csco_singular_sidebar":"","csco_page_header_type":"","csco_page_load_nextpost":"","csco_post_video_location":[],"csco_post_video_location_hash":"","csco_post_video_url":"","csco_post_video_bg_start_time":0,"csco_post_video_bg_end_time":0,"footnotes":""},"categories":[554,426,762,729,427,75,763,764,765,428,466,766],"tags":[114],"class_list":["post-38771","post","type-post","status-publish","format-standard","has-post-thumbnail","category-actualidad","category-destacado","category-ecocistema","category-entrevistas","category-featured","category-internet","category-inversiones","category-noticia","category-noticias","category-prensa","category-startups","category-venture-capital","tag-destacado","cs-entry","cs-video-wrap"],"_links":{"self":[{"href":"https:\/\/iberopress.es\/index.php\/wp-json\/wp\/v2\/posts\/38771","targetHints":{"allow":["GET"]}}],"collection":[{"href":"https:\/\/iberopress.es\/index.php\/wp-json\/wp\/v2\/posts"}],"about":[{"href":"https:\/\/iberopress.es\/index.php\/wp-json\/wp\/v2\/types\/post"}],"author":[{"embeddable":true,"href":"https:\/\/iberopress.es\/index.php\/wp-json\/wp\/v2\/users\/2"}],"replies":[{"embeddable":true,"href":"https:\/\/iberopress.es\/index.php\/wp-json\/wp\/v2\/comments?post=38771"}],"version-history":[{"count":0,"href":"https:\/\/iberopress.es\/index.php\/wp-json\/wp\/v2\/posts\/38771\/revisions"}],"wp:featuredmedia":[{"embeddable":true,"href":"https:\/\/iberopress.es\/index.php\/wp-json\/wp\/v2\/media\/38772"}],"wp:attachment":[{"href":"https:\/\/iberopress.es\/index.php\/wp-json\/wp\/v2\/media?parent=38771"}],"wp:term":[{"taxonomy":"category","embeddable":true,"href":"https:\/\/iberopress.es\/index.php\/wp-json\/wp\/v2\/categories?post=38771"},{"taxonomy":"post_tag","embeddable":true,"href":"https:\/\/iberopress.es\/index.php\/wp-json\/wp\/v2\/tags?post=38771"}],"curies":[{"name":"wp","href":"https:\/\/api.w.org\/{rel}","templated":true}]}}