{"id":38759,"date":"2023-04-17T18:25:50","date_gmt":"2023-04-17T18:25:50","guid":{"rendered":"https:\/\/iberopress.es\/index.php\/2023\/04\/17\/schneider-electric-ha-sido-un-ano-mas-global-partner-de-rebuild\/"},"modified":"2023-04-17T18:25:50","modified_gmt":"2023-04-17T18:25:50","slug":"schneider-electric-ha-sido-un-ano-mas-global-partner-de-rebuild","status":"publish","type":"post","link":"https:\/\/iberopress.es\/index.php\/2023\/04\/17\/schneider-electric-ha-sido-un-ano-mas-global-partner-de-rebuild\/","title":{"rendered":"Schneider Electric ha sido, un a\u00f1o m\u00e1s, Global Partner de REBUILD"},"content":{"rendered":"<p>Schneider Electric ha sido, un a\u00f1o m\u00e1s, Global Partner de REBUILD<\/p>\n<p>Schneider Electric ha sido, un a\u00f1o m\u00e1s, Global Partner de REBUILD<\/p>\n<div>\n<p>\/COMUNICAE\/ <\/p>\n<p><a href=\"https:\/\/static.comunicae.com\/photos\/notas\/1244524\/Schneider-Electric-ser-un-ao-ms-Global-Partner-de-REBUILD-jpg.jpg\" target=\"_blank\" class=\"fotonota\" rel=\"noopener\"> <img decoding=\"async\" src=\"https:\/\/static.comunicae.com\/photos\/notas\/1244524\/Schneider-Electric-ser-un-ao-ms-Global-Partner-de-REBUILD-jpg.jpg\" border=\"0\" class=\"postImage\" alt=\"\"><\/a><\/p>\n<p>Bajo el lema \u00abBuilding together\u00bb, REBUILD 2023 se celebr\u00f3 del 28 al 30 de marzo en Madrid IFEMA, en una nueva edici\u00f3n centrada en la industrializaci\u00f3n, la digitalizaci\u00f3n, la sostenibilidad y la colaboraci\u00f3n del sector de la edificaci\u00f3n. Schneider Electric, Global Partner de REBUILD 2023, ha mostrado su innovadora propuesta de valor pensada para optimizar el confort, la resiliencia, la hipereficiencia y la sostenibilidad en los sectores residencial y terciario<\/p>\n<p><a href=\"https:\/\/www.se.com\/es\/es\/\" target=\"_blank\" rel=\"nofollow noopener\">Schneider Electric<\/a>, l\u00edder en la transformaci\u00f3n digital de la gesti\u00f3n de la energ\u00eda y la automatizaci\u00f3n, ha sido un a\u00f1o m\u00e1s Global Partner de la sexta edici\u00f3n de\u00a0<strong>REBUILD<\/strong>, la cita de referencia para los profesionales de la construcci\u00f3n, que ha tenido lugar del\u00a0<strong>28 al 30 de marzo en Madrid IFEMA<\/strong>. Schneider Electric ha mostrado sus soluciones para optimizar el confort, la resiliencia, la hipereficiencia y la sostenibilidad de los edificios.\u00a0<\/p>\n<p>La sexta edici\u00f3n de REBUILD 2023, que ha reunido a m\u00e1s de 20.000 profesionales y a m\u00e1s de 400 firmas expositoras, ha abordado temas de gran actualidad en el sector. Bajo el lema \u00abBuilding together\u00bb, el evento ha hecho hincapi\u00e9 en la necesidad de apostar por la industrializaci\u00f3n, las herramientas digitales y los objetivos clim\u00e1ticos del Pacto Verde Europeo para 2050, pero ha destacado especialmente el trabajo colaborativo, tanto en formato p\u00fablico-privado, como entre empresas u otros stakeholders.\u00a0\u00a0\u00a0<\/p>\n<p>En su\u00a0<strong>stand 10E521, Pabell\u00f3n 10<\/strong>, Schneider Electric mostr\u00f3 algunas de sus soluciones m\u00e1s innovadoras para la gesti\u00f3n energ\u00e9tica de edificios, que permiten monitorizar y optimizar el consumo de energ\u00eda de un edificio en tiempo real. En este sentido, cada vez es m\u00e1s la necesidad de gestionar grandes vol\u00famenes de datos en la edificaci\u00f3n, por lo que en el stand de Schneider Electric tambi\u00e9n se mostraron sus soluciones y sistemas disponibles para el sector de centros de datos. \u00a0<\/p>\n<p>Se trata de soluciones de vanguardia, pensadas para optimizar el confort, pero tambi\u00e9n la resiliencia, la hipereficiencia y la sostenibilidad del hogar del futuro, para avanzar hacia un entorno cero emisiones.\u00a0\u00a0<\/p>\n<p>Adem\u00e1s de la presencia en el stand, distintos portavoces de Schneider Electric participaron en varias conferencias y mesas redondas:\u00a0\u00a0<\/p>\n<ul>\n<li>El 28\/03 de 12:15h a 13:00h,\u00a0<strong>Patricia Pimenta,<\/strong>\u00a0<strong>Vicepresidenta Home &amp; Distribution en Iberia\u00a0<\/strong>particip\u00f3\u00a0en\u00a0\u00abFondos Next: m\u00e1s all\u00e1 de la eficiencia energ\u00e9tica en la rehabilitaci\u00f3n\u00bb\u00a0en el Auditorium LIGNUM TECH\u00a0<\/li>\n<li>El 28\/03 a las 17:45h,\u00a0<strong>Ang\u00e9lica Tarrasa<\/strong>, responsable de prescripci\u00f3n de promotoras e inmobiliarias y\u00a0<strong>Javier Portabella<\/strong>, Prescripci\u00f3n especialista en sistemas de control confort y seguridad de edificio,\u00a0<strong>presentaron EcoStruxure Building<\/strong>\u00a0para promociones Build to rent, en el Cementos Molins Theatre (Pabell\u00f3n 10).\u00a0\u00a0<a href=\"https:\/\/www.rebuildexpo.com\/agenda-sessions\/schneider-electric-el-valor-de-los-datos-demo-para-build-to-rent-20230328\/\" rel=\"nofollow\">El valor de los datos<\/a>: Demo para Build to rent \u2013 REBUILD<\/li>\n<li>El 30\/03 de 11:30h a 12:15h,<strong>\u00a0Luis Catal\u00e1n, Channel Manager Home &amp; Distribution<\/strong>, particip\u00f3\u00a0en\u00a0\u00abLos retos de la\u00a0<a href=\"https:\/\/www.rebuildexpo.com\/agenda-sessions\/los-retos-de-la-incorporacion-de-nuevos-sistemas-en-la-promocion-residencial-y-en-altura-20230330\/\" target=\"_blank\" rel=\"nofollow noopener\">incorporaci\u00f3n de nuevos sistemas<\/a> en la promoci\u00f3n residencial\u00a0(y en altura)\u00bb, en el Auditorium AEDAS Homes.\u00a0\u00a0<\/li>\n<\/ul>\n<p>\u00abUn a\u00f1o m\u00e1s, REBUILD abordar\u00e1 un tema fundamental actualmente: el papel que las tecnolog\u00edas digitales pueden desempe\u00f1ar en la construcci\u00f3n y la gesti\u00f3n de edificios inteligentes. En Schneider Electric estamos convencidos de este rol es fundamental y que es urgente su avance y aceleraci\u00f3n\u00bb, asegura\u202f<strong>Patricia Pimenta, <\/strong>Vicepresidenta de Home &amp; Distribution en Schneider Electric Iberia. \u00abMe gustar\u00eda destacar la importancia de eventos como REBUILD para fomentar un ecosistema colaborativo adem\u00e1s del intercambio de conocimientos y experiencias en el sector de la construcci\u00f3n y la rehabilitaci\u00f3n. Desde Schneider Electric, seguiremos trabajando para desarrollar soluciones que ayuden a lograr un futuro m\u00e1s sostenible y eficiente desde el punto de vista energ\u00e9tico\u00bb.\u202f\u00a0<\/p>\n<p class=\"mediakit\"> Fuente <a href=\"https:\/\/www.comunicae.es\/notas-de-prensa\/schneider-electric-ha-sido-un-ano-mas-global\/\">Comunicae<\/a><\/p>\n<p><img decoding=\"async\" loading=\"lazy\" class=\"mediakit\" src=\"https:\/\/www.comunicae.es\/notificaLectura.php?tipoCanalId=75&amp;notaId=1244524\" width=\"1px\" height=\"1px\"><\/p>\n<p>The post <a rel=\"nofollow\" href=\"https:\/\/tecnobitt.com\/schneider-electric-ha-sido-un-ano-mas-global-partner-de-rebuild\/\">Schneider Electric ha sido, un a\u00f1o m\u00e1s, Global Partner de REBUILD<\/a> appeared first on <a rel=\"nofollow\" href=\"https:\/\/tecnobitt.com\/\">TecnoBitt :- Un bit de tecnolog\u00eda diaria<\/a>.<\/p>\n<\/div>\n<p><img decoding=\"async\" class=\"wpe_imgrss\" src=\"https:\/\/tecnobitt.com\/wp-content\/uploads\/2023\/04\/schneider-electric-ha-sido-un-ano-mas-global-partner-de-rebuild-1024x538.jpg\"><\/p>\n<p><img decoding=\"async\" class=\"wpe_imgrss\" src=\"https:\/\/diarioemprendedor.com\/wp-content\/uploads\/2023\/04\/schneider-electric-ha-sido-un-ano-mas-global-partner-de-rebuild-1024x538-1-768x404.jpg\"><\/p>\n","protected":false},"excerpt":{"rendered":"Schneider Electric ha sido, un a\u00f1o m\u00e1s, Global Partner de REBUILD Schneider Electric ha sido, un a\u00f1o m\u00e1s,&hellip;","protected":false},"author":2,"featured_media":38760,"comment_status":"closed","ping_status":"closed","sticky":false,"template":"","format":"standard","meta":{"csco_display_header_overlay":false,"csco_singular_sidebar":"","csco_page_header_type":"","csco_page_load_nextpost":"","csco_post_video_location":[],"csco_post_video_location_hash":"","csco_post_video_url":"","csco_post_video_bg_start_time":0,"csco_post_video_bg_end_time":0,"footnotes":""},"categories":[554,426,762,729,116,427,763,764,765,466,766],"tags":[114],"class_list":["post-38759","post","type-post","status-publish","format-standard","has-post-thumbnail","category-actualidad","category-destacado","category-ecocistema","category-entrevistas","category-eventos","category-featured","category-inversiones","category-noticia","category-noticias","category-startups","category-venture-capital","tag-destacado","cs-entry","cs-video-wrap"],"_links":{"self":[{"href":"https:\/\/iberopress.es\/index.php\/wp-json\/wp\/v2\/posts\/38759","targetHints":{"allow":["GET"]}}],"collection":[{"href":"https:\/\/iberopress.es\/index.php\/wp-json\/wp\/v2\/posts"}],"about":[{"href":"https:\/\/iberopress.es\/index.php\/wp-json\/wp\/v2\/types\/post"}],"author":[{"embeddable":true,"href":"https:\/\/iberopress.es\/index.php\/wp-json\/wp\/v2\/users\/2"}],"replies":[{"embeddable":true,"href":"https:\/\/iberopress.es\/index.php\/wp-json\/wp\/v2\/comments?post=38759"}],"version-history":[{"count":0,"href":"https:\/\/iberopress.es\/index.php\/wp-json\/wp\/v2\/posts\/38759\/revisions"}],"wp:featuredmedia":[{"embeddable":true,"href":"https:\/\/iberopress.es\/index.php\/wp-json\/wp\/v2\/media\/38760"}],"wp:attachment":[{"href":"https:\/\/iberopress.es\/index.php\/wp-json\/wp\/v2\/media?parent=38759"}],"wp:term":[{"taxonomy":"category","embeddable":true,"href":"https:\/\/iberopress.es\/index.php\/wp-json\/wp\/v2\/categories?post=38759"},{"taxonomy":"post_tag","embeddable":true,"href":"https:\/\/iberopress.es\/index.php\/wp-json\/wp\/v2\/tags?post=38759"}],"curies":[{"name":"wp","href":"https:\/\/api.w.org\/{rel}","templated":true}]}}