{"id":38757,"date":"2023-04-17T18:25:48","date_gmt":"2023-04-17T18:25:48","guid":{"rendered":"https:\/\/iberopress.es\/index.php\/2023\/04\/17\/juan-carlos-galindo-inaugurara-el-encuentro-referente-en-ciberseguridad\/"},"modified":"2023-04-17T18:25:48","modified_gmt":"2023-04-17T18:25:48","slug":"juan-carlos-galindo-inaugurara-el-encuentro-referente-en-ciberseguridad","status":"publish","type":"post","link":"https:\/\/iberopress.es\/index.php\/2023\/04\/17\/juan-carlos-galindo-inaugurara-el-encuentro-referente-en-ciberseguridad\/","title":{"rendered":"Juan Carlos Galindo inaugurar\u00e1 el encuentro referente en Ciberseguridad"},"content":{"rendered":"<p>Juan Carlos Galindo inaugurar\u00e1 el encuentro referente en Ciberseguridad<\/p>\n<p>Juan Carlos Galindo inaugurar\u00e1 el encuentro referente en Ciberseguridad<\/p>\n<div>\n<p>\/COMUNICAE\/ <\/p>\n<p><a href=\"https:\/\/static.comunicae.com\/photos\/notas\/1245012\/Cabecera_evento.PNG\" target=\"_blank\" class=\"fotonota\" rel=\"noopener\"> <img decoding=\"async\" src=\"https:\/\/static.comunicae.com\/photos\/notas\/1245012\/Cabecera_evento.PNG\" border=\"0\" class=\"postImage\" alt=\"\"><\/a><\/p>\n<p>El reconocido experto en blanqueo de capitales y financiaci\u00f3n del terrorismo abrir\u00e1 la jornada del pr\u00f3ximo 26 de abril para hablar del lugar que ocupan las v\u00edctimas en los delitos de ciberestafa<\/p>\n<p>Los ciberataques, cada vez m\u00e1s sofisticados, han provocado que organizaciones del sector p\u00fablico y privado presten una mayor atenci\u00f3n a la ciberseguridad. Seg\u00fan datos del ministerio de Interior, \u00abuno de cada cinco delitos se comente en la red\u00bb. De hecho, el pasado a\u00f1o, las Fuerzas y Cuerpos de Seguridad del Estado contabilizaron 375.506 infracciones penales, de la cuales, casi el 90% fueron estafas inform\u00e1ticas.<\/p>\n<p>Aunque los costes empresariales son una de las principales preocupaciones de las organizaciones, no hay que olvidar que las empresas las conforman personas y son ellas las principales v\u00edctimas, utilizadas como vector de ataque. Precisamente \u00ab<strong>La soledad de las v\u00edctimas de ciberestafas<\/strong>. Una traves\u00eda en el desierto\u00bb, ser\u00e1 el tema principal de la ponencia del experto en blanqueo de capitales y financiaci\u00f3n del terrorismo, <strong>Juan Carlos Galindo<\/strong>.<\/p>\n<p>Consciente de la importancia de \u00abalertar y sensibilizar a la ciudadan\u00eda porque la ciberdelincuencia y sus consecuencias no generan todav\u00eda el necesario impacto social\u00bb,<em> <\/em>tal y como asegur\u00f3 hace unos d\u00edas el Ministro del Interior, Fernando Grande-Marlaska, el <strong>gobierno de Espa\u00f1a<\/strong> tambi\u00e9n ha querido estar presente en este encuentro que contar\u00e1 con la presencia\u00a0del Subdirector General de Sistemas de Informaci\u00f3n y Comunicaciones para la Seguridad en el\u00a0 Ministerio del Interior, el Dr. Enrique Belda Esplugues; y, el Responsable de Coordinaci\u00f3n y Calidad de la Estrategia Operacional del Servicio de Gesti\u00f3n-Producci\u00f3n-Operaci\u00f3n del\u00a0Cuerpo Nacional de Polic\u00eda, el Dr. Santiago Gonz\u00e1lez Gonz\u00e1lez.<\/p>\n<p>Junto a la Presidenta de la Fundaci\u00f3n Woman\u00b4s Week y SOS en Red, Carmen M. Garc\u00eda y Antonio Soto Rodr\u00edguez, Director de Verne Tech; Julio C\u00e9sar Miguel P\u00e9rez, vocal en la Junta Directiva de\u00a0AEI Ciberseguridad, Presidente de\u00a0AETICAL\u00a0y CEO de\u00a0Grupo CFI, ser\u00e1 el responsable de moderar el panel de expertos \u00ab<strong>la ciberseguridad, una prioridad corporativa <\/strong>y un asunto de Estado en 2023. \u00bfCu\u00e1l es el panorama de la Ciberseguridad en Espa\u00f1a?\u00bb, donde los asistentes podr\u00e1n conocer si existe o no ciberseguridad en los servicios p\u00fablicos y cu\u00e1les son las tecnolog\u00edas por las que se apuesta.<\/p>\n<p>Por otro lado, H\u00e9ctor S\u00e1nchez Montenegro, National Technology Officer de Google Cloud Iberia, hablar\u00e1 sobre soberan\u00eda, un concepto que los proveedores de tecnolog\u00eda deben comprender para ser capaces de ofrecer la soluci\u00f3n m\u00e1s ajustada a las expectativas de cada organizaci\u00f3n; de la importancia de adoptar medidas preventivas para minimizar el impacto de estos ataques se encargar\u00e1 Jos\u00e9 Antonio Mart\u00ednez Guillen,\u00a0BDM de\u00a0AREXDATA; \u00d3scar L\u00f3pez Rodr\u00edguez, Responsable del Comit\u00e9 de Ciberseguridad de la\u00a0WCA y CEO en\u00a0UBT Legal &amp; Compliance y Laworatory ser\u00e1 el responsable de abordar c\u00f3mo la formaci\u00f3n en cultura de ciberseguridad \u2013 tanto para empresas como para la sociedad en general \u2013 es una prioridad ineludible; las claves legales que deben ser tenidas en cuenta ante un ciberataque ser\u00e1 el tema del que hable Jos\u00e9 Mar\u00eda Ba\u00f1os, Socio Director del Departamento de Negocio Digital de\u00a0LETSLAW by RSM y de modelos Zero Trust tratar\u00e1 Javier Arjona S\u00e1nchez, Security Technical Sales,\u00a0IBM\u00a0Technology Sales, Spain, Portugal, Greece and Israel. Tambi\u00e9n se abordar\u00e1 c\u00f3mo sacar el m\u00e1ximo potencial a herramientas como OpenAI (de la mano de David J. Rodr\u00edguez Hern\u00e1ndez, CTO en\u00a0INTELEQUIA) o ChatGPT (a cargo de Pablo Vera Arango, Director<em> \u2013 <\/em>Security, Compliance and Identity Solutions Sales de\u00a0MICROSOFT).<\/p>\n<p>Adem\u00e1s de las diferentes ponencias y del panel de expertos, se llevar\u00e1n a cabo dos talleres interactivos: \u00ab<strong>El clickbait como herramienta de ingenier\u00eda social <\/strong>para hacer hacking\u00bb, de la mano de Selva Orej\u00f3n, CEO de onBRANDING, cuyo objetivo es tomar conciencia de esta nueva tendencia como delito cibern\u00e9tico; y \u00ab<strong>Behavioral Cybersecurity<\/strong>. Un acercamiento a la seguridad basado en la conducta\u00bb,<strong> <\/strong>un taller, a cargo del Dr. Rafael Manuel L\u00f3pez P\u00e9rez, Rector de Evidentia University of Behavioral and Forensic Science (Florida, EE.UU), \u00a0donde se analizar\u00e1n los procesos psicol\u00f3gicos y conductas an\u00f3malas que pueden determinar el \u00e9xito de una compa\u00f1\u00eda.<\/p>\n<p>Una jornada de innovaci\u00f3n que abordar\u00e1 tem\u00e1ticas de m\u00e1xima actualidad, donde los asistentes podr\u00e1n conocer de primera mano los principales riesgos en materia de ciberseguridad y las soluciones m\u00e1s adecuadas para proteger sus negocios. Dos salas de conferencias, Abast y Urban, adem\u00e1s de una zona expositiva donde las empresas mostrar\u00e1n sus productos, servicios y proyectos transformadores, que permite a los asistentes a este encuentro establecer reuniones de trabajo, con el objetivo de potenciar el <em>networking <\/em>y fortalecer el desarrollo de una industria clave como es la ciberseguridad. Organizado por <strong>Urban Event Marketing Agency<\/strong>, <strong>IV Cibersecurity Innovation Summit<\/strong> tendr\u00e1 lugar <strong>el pr\u00f3ximo 26 de abril en Truss Madrid<\/strong>, en el WiZink Center<strong> <\/strong>gracias a<strong> <\/strong>\u00a0AREXDATA, B-FY, VYOS, \u00a0THREATMARK, VERNE TECH, VASS, BIDAIDEA, INTELEQUIA, MICROMOUSE<a href=\"https:\/\/www.micromouse.com\/\" rel=\"nofollow\">,<\/a> ACTIVE, NUUBB, ABAST y CIBERSO.<\/p>\n<p>Adem\u00e1s, tambi\u00e9n contar\u00e1 con la colaboraci\u00f3n y apoyo de medios y asociaciones tales como Asociaci\u00f3n de Directivos de Seguridad Integral (ADSI), Campus Internacional de Seguridad (ETIC), Centro de Ciberseguridad Industrial, Fundaci\u00f3n Big Data, Evidentia University, IMF Smart Education, Plataforma Tecnol\u00f3gica Espa\u00f1ola de Seguridad Industrial (PESI), ICPF, World Compliance Association, Asociaci\u00f3n Espa\u00f1ola de Empresas de Seguridad (AES), Cibersecurity News, AEI Ciberseguridad, Cibersecurity Innovation Hub, Big Data Magazine, Cl\u00faster Big Data Madrid, Fundaci\u00f3n Espa\u00f1a Digital, Bit Life Media, Atana, Control Publicidad, Revista Transformaci\u00f3n Digital, Interactive, Marketing Insider Review, BeInCrypto, Peri\u00f3dico Publicidad, Latina Valley, E-commerce News, The Standard CIO, Digital Innovation News, ClickCiber, Cyber Madrid, onBRANDING, Territorio Fintech, Grupo UBT L&amp;C, Seguros News y Comunicaciones Interempresas, entre otros.<\/p>\n<p>Para conocer la <a href=\"https:\/\/urbaneventmarketing.com\/iv-cybersecurity-innovation-summit-2023\/#agenda\" rel=\"nofollow\">agenda completa<\/a> del evento o ampliar la informaci\u00f3n sobre los ponentes, pueden acceder a la <a href=\"https:\/\/urbaneventmarketing.com\/iv-cybersecurity-innovation-summit-2023\/\" rel=\"nofollow\">web oficial del encuentro<\/a> o registrarse para asistir como invitado <a href=\"https:\/\/www.eventbrite.es\/e\/entradas-iv-cybersecurity-innovation-summit-2023-526538469737\" rel=\"nofollow\">aqu\u00ed<\/a>.<\/p>\n<p class=\"mediakit\"> Fuente <a href=\"https:\/\/www.comunicae.es\/notas-de-prensa\/juan-carlos-galindo-inaugurara-el-encuentro\/\">Comunicae<\/a><\/p>\n<p><img decoding=\"async\" loading=\"lazy\" class=\"mediakit\" src=\"https:\/\/www.comunicae.es\/notificaLectura.php?tipoCanalId=75&amp;notaId=1245012\" width=\"1px\" height=\"1px\"><\/p>\n<p>The post <a rel=\"nofollow\" href=\"https:\/\/tecnobitt.com\/juan-carlos-galindo-inaugurara-el-encuentro-referente-en-ciberseguridad\/\">Juan Carlos Galindo inaugurar\u00e1 el encuentro referente en Ciberseguridad<\/a> appeared first on <a rel=\"nofollow\" href=\"https:\/\/tecnobitt.com\/\">TecnoBitt :- Un bit de tecnolog\u00eda diaria<\/a>.<\/p>\n<\/div>\n<p><img decoding=\"async\" class=\"wpe_imgrss\" src=\"https:\/\/tecnobitt.com\/wp-content\/uploads\/2023\/04\/juan-carlos-galindo-inaugurara-el-encuentro-referente-en-ciberseguridad.png\"><\/p>\n<p><img decoding=\"async\" class=\"wpe_imgrss\" src=\"https:\/\/diarioemprendedor.com\/wp-content\/uploads\/2023\/04\/juan-carlos-galindo-inaugurara-el-encuentro-referente-en-ciberseguridad-768x431.png\"><\/p>\n","protected":false},"excerpt":{"rendered":"Juan Carlos Galindo inaugurar\u00e1 el encuentro referente en Ciberseguridad Juan Carlos Galindo inaugurar\u00e1 el encuentro referente en Ciberseguridad&hellip;","protected":false},"author":2,"featured_media":38758,"comment_status":"closed","ping_status":"closed","sticky":false,"template":"","format":"standard","meta":{"csco_display_header_overlay":false,"csco_singular_sidebar":"","csco_page_header_type":"","csco_page_load_nextpost":"","csco_post_video_location":[],"csco_post_video_location_hash":"","csco_post_video_url":"","csco_post_video_bg_start_time":0,"csco_post_video_bg_end_time":0,"footnotes":""},"categories":[554,426,762,729,116,427,763,28,764,765,466,766],"tags":[114],"class_list":["post-38757","post","type-post","status-publish","format-standard","has-post-thumbnail","category-actualidad","category-destacado","category-ecocistema","category-entrevistas","category-eventos","category-featured","category-inversiones","category-madrid","category-noticia","category-noticias","category-startups","category-venture-capital","tag-destacado","cs-entry","cs-video-wrap"],"_links":{"self":[{"href":"https:\/\/iberopress.es\/index.php\/wp-json\/wp\/v2\/posts\/38757","targetHints":{"allow":["GET"]}}],"collection":[{"href":"https:\/\/iberopress.es\/index.php\/wp-json\/wp\/v2\/posts"}],"about":[{"href":"https:\/\/iberopress.es\/index.php\/wp-json\/wp\/v2\/types\/post"}],"author":[{"embeddable":true,"href":"https:\/\/iberopress.es\/index.php\/wp-json\/wp\/v2\/users\/2"}],"replies":[{"embeddable":true,"href":"https:\/\/iberopress.es\/index.php\/wp-json\/wp\/v2\/comments?post=38757"}],"version-history":[{"count":0,"href":"https:\/\/iberopress.es\/index.php\/wp-json\/wp\/v2\/posts\/38757\/revisions"}],"wp:featuredmedia":[{"embeddable":true,"href":"https:\/\/iberopress.es\/index.php\/wp-json\/wp\/v2\/media\/38758"}],"wp:attachment":[{"href":"https:\/\/iberopress.es\/index.php\/wp-json\/wp\/v2\/media?parent=38757"}],"wp:term":[{"taxonomy":"category","embeddable":true,"href":"https:\/\/iberopress.es\/index.php\/wp-json\/wp\/v2\/categories?post=38757"},{"taxonomy":"post_tag","embeddable":true,"href":"https:\/\/iberopress.es\/index.php\/wp-json\/wp\/v2\/tags?post=38757"}],"curies":[{"name":"wp","href":"https:\/\/api.w.org\/{rel}","templated":true}]}}